{"id":560530,"date":"2022-09-23T00:06:00","date_gmt":"2022-09-23T05:06:00","guid":{"rendered":"https:\/\/www.diarioimagen.net\/?p=560530"},"modified":"2022-09-26T01:43:07","modified_gmt":"2022-09-26T06:43:07","slug":"en-beneficio-de-salud-y-bienestar-de-las-familias-mexiquenses-uaemex-signa-convenio-de-colaboracion-con-issste","status":"publish","type":"post","link":"https:\/\/www.diarioimagen.net\/?p=560530","title":{"rendered":"En beneficio de salud y bienestar de las familias mexiquenses, UAEM\u00e9x signa convenio de colaboraci\u00f3n con ISSSTE"},"content":{"rendered":"<p>&nbsp;<\/p>\n<div id=\"attachment_560581\" style=\"width: 470px\" class=\"wp-caption aligncenter\"><img loading=\"lazy\" decoding=\"async\" aria-describedby=\"caption-attachment-560581\" class=\"size-full wp-image-560581\" src=\"https:\/\/www.diarioimagen.net\/wp-content\/uploads\/2022\/09\/uaem-14.jpg\" alt=\"\" width=\"460\" height=\"270\" \/><p id=\"caption-attachment-560581\" class=\"wp-caption-text\">El rector Carlos Eduardo Barrera D\u00edaz y el subdelegado de Administraci\u00f3n en la Delegaci\u00f3n Estado de M\u00e9xico del Instituto de Seguridad y Servicios Sociales para los Trabajadores del Estado (ISSSTE), Juan Emmanuel Garc\u00eda Ju\u00e1rez, firmaron el instrumento de colaboraci\u00f3n.<\/p><\/div>\n<p>&nbsp;<\/p>\n<p><strong>Toluca, Estado de M\u00e9xico.\u2014 <\/strong>Para perfeccionar las acciones conjuntas a favor de la formaci\u00f3n de m\u00e9dicos y especialistas, en beneficio de la salud y bienestar de las familias mexiquenses, el rector de la Universidad Aut\u00f3noma del Estado de M\u00e9xico (UAEM\u00e9x), Carlos Eduardo Barrera D\u00edaz, y el subdelegado de Administraci\u00f3n en la Delegaci\u00f3n Estado de M\u00e9xico del Instituto de Seguridad y Servicios Sociales para los Trabajadores del Estado (ISSSTE), Juan Emmanuel Garc\u00eda Ju\u00e1rez, firmaron un convenio general de colaboraci\u00f3n.<\/p>\n<p>En la Sala de Consejo Universitario \u201cLic. Benito Ju\u00e1rez Garc\u00eda\u201d del Edificio de Rector\u00eda, el rector resalt\u00f3 que la capacidad acad\u00e9mica y cient\u00edfica de esta casa de estudios ha permitido atender necesidades espec\u00edficas de instituciones p\u00fablicas y empresas privadas, mediante la apertura de diversos programas de educaci\u00f3n continua.<\/p>\n<p>\u201cNuestra universidad ofrece 106 programas de estudios avanzados, de los cuales, 70 est\u00e1n reconocidos por el Sistema Nacional de Posgrados del Consejo Nacional de Ciencia y Tecnolog\u00eda (CONACyT). Adem\u00e1s, son de gran pertinencia social las 30 especialidades m\u00e9dicas hospitalarias registradas por la Comisi\u00f3n Interinstitucional para la Formaci\u00f3n de Recursos Humanos para la Salud y los 23 diplomados superiores que permiten actualizar y profundizar los conocimientos de los profesionistas\u201d, dijo.<\/p>\n<p>La UAEM\u00e9x y el ISSSTE, afirm\u00f3, han construido s\u00f3lidos v\u00ednculos de colaboraci\u00f3n, que abren las posibilidades de cooperar en la formaci\u00f3n y actualizaci\u00f3n profesional, la realizaci\u00f3n de servicio social, pr\u00e1cticas de campo y residencias m\u00e9dicas, as\u00ed como el desarrollo de la investigaci\u00f3n y la divulgaci\u00f3n del conocimiento.<\/p>\n<p>Acompa\u00f1ado de los secretarios de Administraci\u00f3n, Er\u00e9ndira Fierro Moreno, y Extensi\u00f3n y Vinculaci\u00f3n de la UAEM\u00e9x, Francisco Zepeda Mondrag\u00f3n, destac\u00f3 que ambas instituciones suman sus respectivas fortalezas y \u201cestoy seguro de que lograremos una exitosa sinergia, en beneficio de la comunidad universitaria y los derechohabientes del ISSSTE\u201d, dijo.<\/p>\n<p>Juan Emmanuel Garc\u00eda Ju\u00e1rez puntualiz\u00f3 que este instrumento de colaboraci\u00f3n abre diversas ventanas de oportunidad, ya que se requieren muchos especialistas y profesionistas que se sumen al trabajo en el \u00e1rea de la salud, para combatir enfermedades como la Covid-19, as\u00ed como la obesidad e hipertensi\u00f3n.<\/p>\n<p>Luego de destacar la importancia de la atenci\u00f3n de car\u00e1cter preventivo en el \u00e1rea de la salud desde la infancia, afirm\u00f3 que este convenio posibilitar\u00e1 que los esfuerzos que se hacen en las aulas se cristalicen en las diferentes unidades de atenci\u00f3n, cl\u00ednicas y hospitales del ISSSTE en el Estado de M\u00e9xico.<\/p>\n<p>\u201cSe abrir\u00e1n espacios para alumnos en el \u00e1rea de la salud y en temas administrativos. El Instituto ser\u00e1 una ventana que les permitir\u00e1 desarrollarse y fortalecer los conocimientos que adquieren en las aulas, al tiempo que fortalezcan al sector salud, principalmente al ISSSTE\u201d, dijo el servidor p\u00fablico.<\/p>\n<p>Cabe destacar la presencia en este evento de los directores de las facultades de Medicina, Amado L\u00f3pez Arriaga; Enfermer\u00eda y Obstetricia, Gloria \u00c1ngeles \u00c1vila, y Odontolog\u00eda, Ulises Vel\u00e1zquez Enr\u00edquez.<\/p>\n","protected":false},"excerpt":{"rendered":"<p>Para perfeccionar las acciones conjuntas a favor de la formaci\u00f3n de m\u00e9dicos y especialistas, en beneficio de la salud y bienestar de las familias mexiquenses, el rector de la Universidad Aut\u00f3noma del Estado de M\u00e9xico (UAEM\u00e9x), Carlos Eduardo Barrera D\u00edaz, y el subdelegado de Administraci\u00f3n en la Delegaci\u00f3n Estado de M\u00e9xico del Instituto de Seguridad y Servicios Sociales para los Trabajadores del Estado (ISSSTE), Juan Emmanuel Garc\u00eda Ju\u00e1rez, firmaron un convenio general de colaboraci\u00f3n.<\/p>\n","protected":false},"author":3,"featured_media":560581,"comment_status":"open","ping_status":"open","sticky":false,"template":"","format":"standard","meta":{"_monsterinsights_skip_tracking":false,"_monsterinsights_sitenote_active":false,"_monsterinsights_sitenote_note":"","_monsterinsights_sitenote_category":0,"footnotes":""},"categories":[5],"tags":[96427,43675,952,452,67878],"class_list":["post-560530","post","type-post","status-publish","format-standard","has-post-thumbnail","hentry","category-estado-de-mexico","tag-colaboeracion","tag-estado-de-mexico","tag-issste","tag-toluca","tag-uaemex"],"_links":{"self":[{"href":"https:\/\/www.diarioimagen.net\/index.php?rest_route=\/wp\/v2\/posts\/560530","targetHints":{"allow":["GET"]}}],"collection":[{"href":"https:\/\/www.diarioimagen.net\/index.php?rest_route=\/wp\/v2\/posts"}],"about":[{"href":"https:\/\/www.diarioimagen.net\/index.php?rest_route=\/wp\/v2\/types\/post"}],"author":[{"embeddable":true,"href":"https:\/\/www.diarioimagen.net\/index.php?rest_route=\/wp\/v2\/users\/3"}],"replies":[{"embeddable":true,"href":"https:\/\/www.diarioimagen.net\/index.php?rest_route=%2Fwp%2Fv2%2Fcomments&post=560530"}],"version-history":[{"count":0,"href":"https:\/\/www.diarioimagen.net\/index.php?rest_route=\/wp\/v2\/posts\/560530\/revisions"}],"wp:featuredmedia":[{"embeddable":true,"href":"https:\/\/www.diarioimagen.net\/index.php?rest_route=\/wp\/v2\/media\/560581"}],"wp:attachment":[{"href":"https:\/\/www.diarioimagen.net\/index.php?rest_route=%2Fwp%2Fv2%2Fmedia&parent=560530"}],"wp:term":[{"taxonomy":"category","embeddable":true,"href":"https:\/\/www.diarioimagen.net\/index.php?rest_route=%2Fwp%2Fv2%2Fcategories&post=560530"},{"taxonomy":"post_tag","embeddable":true,"href":"https:\/\/www.diarioimagen.net\/index.php?rest_route=%2Fwp%2Fv2%2Ftags&post=560530"}],"curies":[{"name":"wp","href":"https:\/\/api.w.org\/{rel}","templated":true}]}}