{"id":560763,"date":"2022-09-26T00:02:45","date_gmt":"2022-09-26T05:02:45","guid":{"rendered":"https:\/\/www.diarioimagen.net\/?p=560763"},"modified":"2022-09-26T03:59:18","modified_gmt":"2022-09-26T08:59:18","slug":"la-paz-social-de-amlo-es-la-de-los-sepulcros","status":"publish","type":"post","link":"https:\/\/www.diarioimagen.net\/?p=560763","title":{"rendered":"La paz social de AMLO, es la de los sepulcros"},"content":{"rendered":"<h2>La Retaguardia<\/h2>\n<h5>Adriana Moreno Cordero<\/h5>\n<p>&nbsp;<\/p>\n<ul>\n<li><strong><em>\u00bfSeguir\u00e1 cambiando configuraci\u00f3n de votos en Senado por iniciativa para que fuerzas armadas contin\u00faen en las calles?<\/em><\/strong><\/li>\n<\/ul>\n<p>&nbsp;<\/p>\n<p>La semana que inicia, tambi\u00e9n ser\u00e1 sumamente tensa \u2014esperemos que sin temblores y que la naturaleza sea ben\u00e9vola\u2014, en cuanto al tema que se debate en el Senado de la Rep\u00fablica, el de que las fuerzas armadas sigan participando hasta 2028 en labores de combate a la inseguridad, que por cierto, tiene sumido en un caos a M\u00e9xico, en abierta contradicci\u00f3n al discurso presidencial de que vivimos \u201cen paz social\u201d. La Paz, ser\u00e1 la de los sepulcros.<\/p>\n<p>Como se recordar\u00e1, la semana pasada, en una discusi\u00f3n que se esperaba en la C\u00e1mara alta muy larga, la propuesta fue retirada y regresada a comisiones porque el partido oficial no pudo romper al bloque opositor, as\u00ed que la \u201cmoneda sigue en el aire\u201d, entre si se har\u00e1n modificaciones o no a dicha controvertida iniciativa. Al final, la bancada del partido oficial no pudo conseguir los tan necesarios 10 votos por ser una reforma constitucional.<\/p>\n<p>En este orden de ideas, la consulta que propuso el presidente <strong>Andr\u00e9s Manuel L\u00f3pez Obrador<\/strong> en torno al tema, no pasa de ser otra vacilada m\u00e1s; una nueva maniobra distractora disfrazada de \u201cconsulta patito\u201d, ante su evidente ineficiencia.<\/p>\n<p>Tambi\u00e9n se habla de que haya un seguimiento y evaluaci\u00f3n rigurosas sobre la actuaci\u00f3n de las fuerzas armadas en estas tareas.<\/p>\n<p>Y tan se sabe que los \u201cestiras y aflojes\u201d estar\u00e1n a la orden del d\u00eda, que por ejemplo, la Confederaci\u00f3n Patronal de la Rep\u00fablica Mexicana, (Coparmex), que preside <strong>Jos\u00e9 Medina Mora,<\/strong> hizo un llamado a los partidos de la oposici\u00f3n para que presenten una controversia constitucional sobre un tema indisolublemente ligado: En contra de la aprobaci\u00f3n del dictamen por el cual se pas\u00f3 el control operativo y administrativo de la\u00a0Guardia Nacional\u00a0a la\u00a0Secretar\u00eda de la Defensa Nacional, (Sedena).<\/p>\n<p>Es m\u00e1s, mucho se comenta en los corrillos legislativos que ni en Morena, est\u00e1n de acuerdo con la iniciativa que fue regresada a comisiones el pasado mi\u00e9rcoles en el Senado. \u00bfSer\u00e1?<\/p>\n<p>Sin embargo, llam\u00f3 la atenci\u00f3n que el senador pri\u00edsta, <strong>Jorge Carlos Ram\u00edrez Mar\u00edn<\/strong>, mediante un video, se\u00f1alara respecto a este tema: \u201cNo estoy a favor que entreguemos un cheque en blanco a nuestras fuerzas armadas, es necesario que tengan un marco legal,\u00a0pero tambi\u00e9n es necesario que la sociedad sepa c\u00f3mo utilizan, c\u00f3mo va, qu\u00e9 tanto resultados ofrece la actividad que est\u00e1n haciendo, sustituyendo o participando como auxiliares de lo que deben hacer polic\u00edas locales<strong>\u2026 \u201c<\/strong>Lo que no acepto es ese no, por postura pol\u00edtica, no por atrincherarme, no porque quiera ganarle una a la otra parte<strong>, <\/strong>no puedo responder a partidos, alianzas o lo que fuere, tengo que responderle a los que me pusieron, los yucatecos\u201d. \u00bfSeguir\u00e1 acaso cambiando la configuraci\u00f3n de los votos en esta controvertida iniciativa?<\/p>\n<p style=\"text-align: center;\"><strong>Municiones<\/strong><\/p>\n<p>*** En un multitudinario evento, <strong>Mara Lezama<\/strong> se convirti\u00f3 desde ayer en la gobernadora de Quintana Roo. Con la representaci\u00f3n presidencial asisti\u00f3 el secretario de Gobernaci\u00f3n, <strong>Ad\u00e1n Augusto L\u00f3pez Hern\u00e1ndez<\/strong>. Visiblemente emocionada, entre otras razones, por ser la primera gobernadora en dicho estado, Lezama hizo un primer importante compromiso: \u201cLa corrupci\u00f3n es nuestro principal reto. Con apego a mis convicciones, me comprometo a no permitir que se hagan negocios al amparo del poder p\u00fablico,\u00a0no voy a tolerar ninguna acto de corrupci\u00f3n, que los amigos o familiares del poder se sirvan de las influencias\u201d. \u00bfSer\u00e1?\u00a0Otro de los emocionados fue el ahora ex gobernador, <strong>Carlos Joaqu\u00edn Gonz\u00e1lez<\/strong>, ya ansioso por irse a Canad\u00e1, gracias a la generosidad del inquilino de Palacio Nacional. Desde luego, no pod\u00eda perder la oportunidad de esa pasarela la jefa de Gobierno de la CDMX,\u00a0<strong>Claudia Sheinbaum<\/strong>, menos a\u00fan porque en su visita a Guadalajara, Jalisco, no le fue nada bien; el rechazo se hizo manifiesto. Hasta le reclamaron que anduviera de paseo, \u2014como acostumbra\u2014, mientras, para variar, varias estaciones del Metro se inundaron por las lluvias de viernes y s\u00e1bado. Estuvo en tierras quintanarroenses el debutante gobernador de Hidalgo, <strong>Julio Menchaca,<\/strong> y el de Tabasco, el m\u00e1s que gris e imperceptible <strong>Carlos Merino<\/strong>; el de Morelos, <strong>Cuauht\u00e9moc Blanco<\/strong>, que tuvo problemas para que su hermano se quedara como l\u00edder de Morena en el estado; <strong>Cuitl\u00e1huac Garc\u00eda<\/strong>, a quien L\u00f3pez Obrador defiende \u201ca capa y espada\u201d y minimiza las masacres que se han registrado en dicha entidad como la de Perote. Estuvo presente tambi\u00e9n, el \u00fanico gobernador que falta en tomar posesi\u00f3n, el electo de Oaxaca, <strong>Salom\u00f3n Jara<\/strong>.<\/p>\n<p>*** Y no pod\u00eda faltar a la fiesta morenista de Quintana Roo, la folkl\u00f3rica y pintoresca gobernadora de Campeche, <strong>Layda Sansores<\/strong>, a quien en su partido, la tienen casi, casi en un pedestal por la guerra que le hizo al dirigente del PRI, <strong>Alejandro Moreno<\/strong>, pero llama la atenci\u00f3n que los morenistas se rasgan las vestiduras y ya no saben qu\u00e9 hacer porque la periodista <strong>Peniley Ram\u00edrez<\/strong>, public\u00f3 bajo el t\u00edtulo \u201cAyotzinapa, el encubrimiento\u201d, en el que se evidencia la oscura actuaci\u00f3n de quien era el presidente municipal de Iguala, Jos\u00e9 Luis Abarca, que junto con su esposa, <strong>Mar\u00eda de los Angeles Pineda<\/strong>, eran muy amigos del inquilino de Palacio Nacional, al que a ra\u00edz de este negro expediente, le ha dado por negar a algunos de los integrantes de su selecto c\u00edrculo de amistades. <strong>Alejandro Encinas<\/strong>, el subsecretario de Derechos Humanos de la Segob, que es el encargado de dar seguimiento a este caso, por las \u201cex benditas redes\u201d se indign\u00f3 y exigi\u00f3 ni m\u00e1s ni menos que a la Fiscal\u00eda General de la Rep\u00fablica, (FGR), investigar qui\u00e9n os\u00f3 filtrar informaci\u00f3n. A su vez se uni\u00f3 la de <strong>Jenaro Villamil<\/strong>, pero habr\u00e1 que estar atentos a qu\u00e9 les contesta el fiscal consentido de Palacio Nacional, <strong>Alejandro Gertz Manero<\/strong>. \u00bfNueva divisi\u00f3n en puerta?<\/p>\n<p>*** El s\u00e1bado pasado, el presidente de la Junta de Coordinaci\u00f3n Pol\u00edtica del Senado de la Rep\u00fablica, <strong>Ricardo Monreal<\/strong>, se pase\u00f3 en una trajinera en Xochimilco, coronada por la leyenda \u201cBienvenido\u201d, acompa\u00f1ado por su hija <strong>Caty Monreal<\/strong> y su asesor pol\u00edtico y tambi\u00e9n l\u00edder de Comunidad Monrealista, <strong>Faruk Miguel Take<\/strong>, con m\u00e1s de mil personas, entre ellos: <strong>Jorge Poblano, Juana Mar\u00eda Ju\u00e1rez L\u00f3pez, Fabiola Poblano, Oscar del Valle, Roberto Cruz, Adolfo Borden Camacho, Omar Fragoso, <\/strong>el ex delegado en Cuauht\u00e9moc,<strong> N\u00e9stor N\u00fa\u00f1ez, Juan Carlos Flores Aquino<\/strong>, y el famoso ex portero del Club Am\u00e9rica, <strong>Adri\u00e1n Ch\u00e1vez Ortiz<\/strong>; <strong>Gerardina Arevyan, Arturo Olvera<\/strong> y <strong>Martha Rodr\u00edguez<\/strong>. \u201cDe aqu\u00ed pal real\u201d \u201cTodos con Monreal\u201d \u201cpresidente, presidente\u201d, esas fueron las consignas en la presentaci\u00f3n del libro: \u201cOtro Campo es Posible\u201d. Ya en el evento, el senador zacatecano llam\u00f3 a los campesinos de Xochimilco a mantener la dignidad y la libertad para que, juntos y en unidad, \u201ctengamos un campo justo. Queremos la reconciliaci\u00f3n nacional, s\u00f3lo de esa manera podemos avanzar, prosperar y generar desarrollo\u201d.<\/p>\n<p><u><a href=\"mailto:morcora@gmail.com\" target=\"_blank\" rel=\"noopener noreferrer\"><em>morcora@gmail.com<\/em><\/a><\/u><\/p>\n","protected":false},"excerpt":{"rendered":"<p><span style=\"color: #005497;\"><strong>Adriana Moreno Cordero<\/strong><\/span><\/p>\n","protected":false},"author":3,"featured_media":0,"comment_status":"open","ping_status":"open","sticky":false,"template":"","format":"standard","meta":{"_monsterinsights_skip_tracking":false,"_monsterinsights_sitenote_active":false,"_monsterinsights_sitenote_note":"","_monsterinsights_sitenote_category":0,"footnotes":""},"categories":[69370],"tags":[69369,69368,43674],"class_list":["post-560763","post","type-post","status-publish","format-standard","hentry","category-adriana-moreno-cordero","tag-adriana-moreno-cordero","tag-la-retaguardia","tag-opinion"],"_links":{"self":[{"href":"https:\/\/www.diarioimagen.net\/index.php?rest_route=\/wp\/v2\/posts\/560763","targetHints":{"allow":["GET"]}}],"collection":[{"href":"https:\/\/www.diarioimagen.net\/index.php?rest_route=\/wp\/v2\/posts"}],"about":[{"href":"https:\/\/www.diarioimagen.net\/index.php?rest_route=\/wp\/v2\/types\/post"}],"author":[{"embeddable":true,"href":"https:\/\/www.diarioimagen.net\/index.php?rest_route=\/wp\/v2\/users\/3"}],"replies":[{"embeddable":true,"href":"https:\/\/www.diarioimagen.net\/index.php?rest_route=%2Fwp%2Fv2%2Fcomments&post=560763"}],"version-history":[{"count":0,"href":"https:\/\/www.diarioimagen.net\/index.php?rest_route=\/wp\/v2\/posts\/560763\/revisions"}],"wp:attachment":[{"href":"https:\/\/www.diarioimagen.net\/index.php?rest_route=%2Fwp%2Fv2%2Fmedia&parent=560763"}],"wp:term":[{"taxonomy":"category","embeddable":true,"href":"https:\/\/www.diarioimagen.net\/index.php?rest_route=%2Fwp%2Fv2%2Fcategories&post=560763"},{"taxonomy":"post_tag","embeddable":true,"href":"https:\/\/www.diarioimagen.net\/index.php?rest_route=%2Fwp%2Fv2%2Ftags&post=560763"}],"curies":[{"name":"wp","href":"https:\/\/api.w.org\/{rel}","templated":true}]}}