{"id":560813,"date":"2022-09-27T00:02:07","date_gmt":"2022-09-27T05:02:07","guid":{"rendered":"https:\/\/www.diarioimagen.net\/?p=560813"},"modified":"2022-09-27T02:10:25","modified_gmt":"2022-09-27T07:10:25","slug":"en-nuestras-manos-esta-el-futuro-del-pais-afirma-eric-sevilla-lider-del-pri-edomex","status":"publish","type":"post","link":"https:\/\/www.diarioimagen.net\/?p=560813","title":{"rendered":"En nuestras manos est\u00e1 el futuro del pa\u00eds, afirma Eric Sevilla, l\u00edder del PRI-Edomex"},"content":{"rendered":"<p>&nbsp;<\/p>\n<ul>\n<li><em><strong>\u201cCerraremos el paso a gobiernos de ocurrencias\u201d<\/strong><\/em><\/li>\n<\/ul>\n<p><strong>\u00a0<\/strong><\/p>\n<h6>Arturo Baena<\/h6>\n<p>&nbsp;<\/p>\n<div id=\"attachment_560921\" style=\"width: 470px\" class=\"wp-caption aligncenter\"><img loading=\"lazy\" decoding=\"async\" aria-describedby=\"caption-attachment-560921\" class=\"size-full wp-image-560921\" src=\"https:\/\/www.diarioimagen.net\/wp-content\/uploads\/2022\/09\/nuestras-manos.jpg\" alt=\"\" width=\"460\" height=\"270\" \/><p id=\"caption-attachment-560921\" class=\"wp-caption-text\">Eric Sevilla, presidente del CDE del PRI, Lanz\u00f3 su mensaje ante poco m\u00e1s de 8 mil pri\u00edstas naucalpenses que llegaron por sus propios medios, durante la toma de protesta de la nueva dirigencia municipal.<\/p><\/div>\n<p>&nbsp;<\/p>\n<p><strong>Naucalpan, Estado de M\u00e9xico.\u2014<\/strong> \u201c\u00a1Preparen los tambores de guerra!\u201d. Desde aqu\u00ed estamos demostramos el verdadero m\u00fasculo del PRI, que cerrar\u00e1 el paso a gobiernos de ocurrencias. Vamos a ganar y a retener el gobierno del Estado de M\u00e9xico en 2023.<\/p>\n<p>As\u00ed lo manifest\u00f3, Eric Sevilla, presidente del CDE del PRI, ante poco m\u00e1s de 8 mil priistas naucalpenses que llegaron por sus propios medios, durante la toma de protesta de la nueva dirigencia municipal de ese instituto pol\u00edtico que encabezan Carlos Alberto Valdez Corona y Minerva Marisol S\u00e1nchez en esta localidad.<\/p>\n<p>\u201cEn nuestras manos est\u00e1 el futuro del pa\u00eds, de nuestros hijos, de nuestras familias. No permitamos que se nos siga da\u00f1ando. Hoy, los priistas del Estado de M\u00e9xico,\u00a0 vamos a cerrarle el paso a gobiernos ineficientes\u201d, destac\u00f3.<\/p>\n<p>Acompa\u00f1ado de los legisladores locales David Parra y Enrique Jacob, el dirigente partidista dej\u00f3 en claro que en el PRI no hay acarreos, entrega de lunch, ni nada por el estilo. \u201cDetr\u00e1s del PRI est\u00e1 su gente y su fortaleza\u201d, reiter\u00f3.<\/p>\n<p>En ese sentido, el legislador Jacob Rocha, afirm\u00f3 qu\u00e9 \u201choy estamos ante una emergencia nacional, M\u00e9xico se encuentra en el peor momento de su historia. Tenemos un gobierno autoritario y de ocurrencias que no hacen avanzar al pa\u00eds y eso lo vamos a cambiar dede el Estado de M\u00e9xico\u201d, asegur\u00f3.<\/p>\n<p>Al grito de \u201c\u00a1s\u00ed se puede, s\u00ed se puede!, los\u00a0 naucalpenses refrendaron su respaldo y confianza no s\u00f3lo a Eric Sevilla, sino al primer pri\u00edsta del Estado de M\u00e9xico, Alfredo del Mazo, y destacaron que \u201cvamos a ganar en unidad, en alianza y con congruencia los procesos del pr\u00f3ximo a\u00f1o\u201d, dijeron.<\/p>\n<p>Finalmente, Carlos Valdez Corona destac\u00f3 que \u201cvamos a trabajar en unidad, vamos a demostrar a la oposici\u00f3n el verdadero m\u00fasculo del PRI que nos llevar\u00e1 al triunfo electoral en el 2023 y luego en el 2024\u201d, dijo.<\/p>\n<p>Cabe se\u00f1alar, que Eric Sevilla, dirigente estatal del PRI, reiter\u00f3 que la alianza entre el PRI, PAN y PRD, s\u00ed se concretar\u00e1 en la entidad mexiquense.<\/p>\n","protected":false},"excerpt":{"rendered":"<p>\u201c\u00a1Preparen los tambores de guerra!\u201d. Desde aqu\u00ed estamos demostramos el verdadero m\u00fasculo del PRI, que cerrar\u00e1 el paso a gobiernos de ocurrencias. Vamos a ganar y a retener el gobierno del Estado de M\u00e9xico en 2023.<\/p>\n","protected":false},"author":3,"featured_media":560921,"comment_status":"open","ping_status":"open","sticky":false,"template":"","format":"standard","meta":{"_monsterinsights_skip_tracking":false,"_monsterinsights_sitenote_active":false,"_monsterinsights_sitenote_note":"","_monsterinsights_sitenote_category":0,"footnotes":""},"categories":[5],"tags":[96388,66232,43675,970],"class_list":["post-560813","post","type-post","status-publish","format-standard","has-post-thumbnail","hentry","category-estado-de-mexico","tag-cde","tag-eric-sevilla-montes-de-oca","tag-estado-de-mexico","tag-naucalpan"],"_links":{"self":[{"href":"https:\/\/www.diarioimagen.net\/index.php?rest_route=\/wp\/v2\/posts\/560813","targetHints":{"allow":["GET"]}}],"collection":[{"href":"https:\/\/www.diarioimagen.net\/index.php?rest_route=\/wp\/v2\/posts"}],"about":[{"href":"https:\/\/www.diarioimagen.net\/index.php?rest_route=\/wp\/v2\/types\/post"}],"author":[{"embeddable":true,"href":"https:\/\/www.diarioimagen.net\/index.php?rest_route=\/wp\/v2\/users\/3"}],"replies":[{"embeddable":true,"href":"https:\/\/www.diarioimagen.net\/index.php?rest_route=%2Fwp%2Fv2%2Fcomments&post=560813"}],"version-history":[{"count":0,"href":"https:\/\/www.diarioimagen.net\/index.php?rest_route=\/wp\/v2\/posts\/560813\/revisions"}],"wp:featuredmedia":[{"embeddable":true,"href":"https:\/\/www.diarioimagen.net\/index.php?rest_route=\/wp\/v2\/media\/560921"}],"wp:attachment":[{"href":"https:\/\/www.diarioimagen.net\/index.php?rest_route=%2Fwp%2Fv2%2Fmedia&parent=560813"}],"wp:term":[{"taxonomy":"category","embeddable":true,"href":"https:\/\/www.diarioimagen.net\/index.php?rest_route=%2Fwp%2Fv2%2Fcategories&post=560813"},{"taxonomy":"post_tag","embeddable":true,"href":"https:\/\/www.diarioimagen.net\/index.php?rest_route=%2Fwp%2Fv2%2Ftags&post=560813"}],"curies":[{"name":"wp","href":"https:\/\/api.w.org\/{rel}","templated":true}]}}