{"id":560952,"date":"2022-09-28T00:02:26","date_gmt":"2022-09-28T05:02:26","guid":{"rendered":"https:\/\/www.diarioimagen.net\/?p=560952"},"modified":"2022-09-28T02:55:14","modified_gmt":"2022-09-28T07:55:14","slug":"cae-banda-por-delitos-ambientales-en-santiago-tepatlaxco-naucalpan","status":"publish","type":"post","link":"https:\/\/www.diarioimagen.net\/?p=560952","title":{"rendered":"Cae banda por delitos ambientales en Santiago Tepatlaxco, Naucalpan"},"content":{"rendered":"<p>&nbsp;<\/p>\n<ul>\n<li><em><strong>Implementan operativo conjunto<\/strong><\/em><\/li>\n<\/ul>\n<p>&nbsp;<\/p>\n<div id=\"attachment_561052\" style=\"width: 470px\" class=\"wp-caption aligncenter\"><img loading=\"lazy\" decoding=\"async\" aria-describedby=\"caption-attachment-561052\" class=\"size-full wp-image-561052\" src=\"https:\/\/www.diarioimagen.net\/wp-content\/uploads\/2022\/09\/cae-banda.jpg\" alt=\"\" width=\"460\" height=\"270\" \/><p id=\"caption-attachment-561052\" class=\"wp-caption-text\">Durante un operativo realizado en Santiago Tepatlaxco, en Naucalpan, se asegur\u00f3 un tiradero clandestino y se detuvo a nueve personas, entre ellas un menor de edad.<\/p><\/div>\n<p>&nbsp;<\/p>\n<p><strong>Naucalpan, Estado de M\u00e9xico.\u2014<\/strong> Polic\u00edas municipales de esta localidad participaron en un operativo conjunto de los tres niveles de gobierno, realizado en Santiago Tepatlaxco, donde se asegur\u00f3 un tiradero clandestino y se detuvo a nueve personas, entre ellas un menor de edad, como probables responsables de robo, delitos contra la salud y el ambiente, portaci\u00f3n de arma prohibida y quebrantamiento de sellos.<\/p>\n<p>La Direcci\u00f3n General de Seguridad Ciudadana y Tr\u00e1nsito Municipal inform\u00f3 que en el operativo que participaron elementos de la \u00a0Fiscal\u00eda Especializada de Delitos Cometidos por Fraccionadores y Contra el Ambiente, Polic\u00eda de Investigaci\u00f3n, Secretar\u00eda de Seguridad estatal y Guardia Nacional.<\/p>\n<p>La acci\u00f3n polic\u00edaca se llev\u00f3 a cabo para cumplimentar orden de aprehensi\u00f3n y ejecutar un cateo en avenida Puente de Piedra, Barrio Arenillas, de la comunidad referida, donde adem\u00e1s se aseguraron ocho veh\u00edculos, entre ellos cinco tipo torton y una retroexcavadora, un arma de fuego tipo escopeta, 15 cartuchos \u00fatiles, 44 bolsas con hierba verde con caracter\u00edsticas de marihuana.<\/p>\n<p>Las personas detenidas son Fernanda \u2018N\u2019, Perla Vanesa \u2018N\u2019, Nancy Polet \u2018N\u2019, Juan Carlos \u2018N\u2019, Jos\u00e9 David \u2018N\u2019, Jos\u00e9 Armando \u2018N\u2019, Joaqu\u00edn \u2018N\u2019, Mario \u2018N\u2019 y Roberto \u2018N\u2019, quienes fueron puestos a disposici\u00f3n del Ministerio P\u00fablico, donde se abrieron tres carpetas de investigaci\u00f3n para determinar la situaci\u00f3n jur\u00eddica de cada uno. La dependencia municipal detall\u00f3 que en el caso del delito de robo, se tiene la modificativa agravante de haberse cometido al interior de una casa habitaci\u00f3n y perpetrarse con violencia.<\/p>\n","protected":false},"excerpt":{"rendered":"<p>Polic\u00edas municipales de esta localidad participaron en un operativo conjunto de los tres niveles de gobierno, realizado en Santiago Tepatlaxco, donde se asegur\u00f3 un tiradero clandestino y se detuvo a nueve personas, entre ellas un menor de edad, como probables responsables de robo, delitos contra la salud y el ambiente, portaci\u00f3n de arma prohibida y quebrantamiento de sellos.<\/p>\n","protected":false},"author":3,"featured_media":561052,"comment_status":"open","ping_status":"open","sticky":false,"template":"","format":"standard","meta":{"_monsterinsights_skip_tracking":false,"_monsterinsights_sitenote_active":false,"_monsterinsights_sitenote_note":"","_monsterinsights_sitenote_category":0,"footnotes":""},"categories":[5],"tags":[43675,970,96464],"class_list":["post-560952","post","type-post","status-publish","format-standard","has-post-thumbnail","hentry","category-estado-de-mexico","tag-estado-de-mexico","tag-naucalpan","tag-santiago-tepatlaxco"],"_links":{"self":[{"href":"https:\/\/www.diarioimagen.net\/index.php?rest_route=\/wp\/v2\/posts\/560952","targetHints":{"allow":["GET"]}}],"collection":[{"href":"https:\/\/www.diarioimagen.net\/index.php?rest_route=\/wp\/v2\/posts"}],"about":[{"href":"https:\/\/www.diarioimagen.net\/index.php?rest_route=\/wp\/v2\/types\/post"}],"author":[{"embeddable":true,"href":"https:\/\/www.diarioimagen.net\/index.php?rest_route=\/wp\/v2\/users\/3"}],"replies":[{"embeddable":true,"href":"https:\/\/www.diarioimagen.net\/index.php?rest_route=%2Fwp%2Fv2%2Fcomments&post=560952"}],"version-history":[{"count":0,"href":"https:\/\/www.diarioimagen.net\/index.php?rest_route=\/wp\/v2\/posts\/560952\/revisions"}],"wp:featuredmedia":[{"embeddable":true,"href":"https:\/\/www.diarioimagen.net\/index.php?rest_route=\/wp\/v2\/media\/561052"}],"wp:attachment":[{"href":"https:\/\/www.diarioimagen.net\/index.php?rest_route=%2Fwp%2Fv2%2Fmedia&parent=560952"}],"wp:term":[{"taxonomy":"category","embeddable":true,"href":"https:\/\/www.diarioimagen.net\/index.php?rest_route=%2Fwp%2Fv2%2Fcategories&post=560952"},{"taxonomy":"post_tag","embeddable":true,"href":"https:\/\/www.diarioimagen.net\/index.php?rest_route=%2Fwp%2Fv2%2Ftags&post=560952"}],"curies":[{"name":"wp","href":"https:\/\/api.w.org\/{rel}","templated":true}]}}