{"id":561106,"date":"2022-09-28T22:02:21","date_gmt":"2022-09-29T03:02:21","guid":{"rendered":"https:\/\/www.diarioimagen.net\/?p=561106"},"modified":"2022-09-28T23:06:39","modified_gmt":"2022-09-29T04:06:39","slug":"anuncian-universitarios-y-facultades-del-centro-del-pais-debate-por-la-democracia","status":"publish","type":"post","link":"https:\/\/www.diarioimagen.net\/?p=561106","title":{"rendered":"Anuncian universitarios y facultades del\u00a0centro del pa\u00eds \u201cDebate por la democracia\u201d"},"content":{"rendered":"<p>&nbsp;<\/p>\n<ul>\n<li><em><strong>Invitaci\u00f3n al Consejo General del INE<\/strong><\/em><\/li>\n<\/ul>\n<p><strong>\u00a0<\/strong><\/p>\n<h6>Arturo Baena<\/h6>\n<p>&nbsp;<\/p>\n<div id=\"attachment_561180\" style=\"width: 470px\" class=\"wp-caption aligncenter\"><a href=\"https:\/\/www.diarioimagen.net\/?attachment_id=561180\" rel=\"attachment wp-att-561180\"><img loading=\"lazy\" decoding=\"async\" aria-describedby=\"caption-attachment-561180\" class=\"size-full wp-image-561180\" src=\"https:\/\/www.diarioimagen.net\/wp-content\/uploads\/2022\/09\/anuncian-universitarios.jpg\" alt=\"\" width=\"460\" height=\"270\" \/><\/a><p id=\"caption-attachment-561180\" class=\"wp-caption-text\">Integrantes del Frente Universitario por la Democracia entregaron una invitaci\u00f3n a consejeros del INE para que asistan al Debate por la Democracia.<\/p><\/div>\n<p>&nbsp;<\/p>\n<p><strong>Valle de M\u00e9xico.\u2014<\/strong> Estudiantes de universidades y facultades del centro del pa\u00eds, exigen a los integrantes del Consejo General del Instituto Federal Electoral (INE) abrir la discusi\u00f3n sobre la situaci\u00f3n de la democracia en M\u00e9xico y los cambios que requiere.<\/p>\n<p>En representaci\u00f3n del Frente Universitario por la Democracia, los j\u00f3venes les entregaron una invitaci\u00f3n para que asistan al Debate por la Democracia, que se llevar\u00e1 a cabo el 30 de septiembre en la Plaza de las Tres Culturas y conminaron al consejero presidente del INE, Lorenzo C\u00f3rdova Vianelo, para que asista a espacios p\u00fablicos a debatir sin temerle al pueblo.<\/p>\n<p>Alejandro Torres, estudiante de la licenciatura de Relaciones Internacionales del Fes-Acatl\u00e1n, afirm\u00f3 que la discusi\u00f3n ser\u00e1 seria e institucional, y se escuchar\u00e1n todas las posiciones porque lo que se busca es abrir la discusi\u00f3n y no el enfrentamiento.<\/p>\n<p>\u201cEstamos planteando invitar a miembros de la comunidad universitaria y periodistas que tengan posiciones cr\u00edticas a la Reforma Electoral, para abordar tambi\u00e9n los temas de la democratizaci\u00f3n al interior de las universidades, y las violaciones a los derechos humanos por parte del INE y el Tribunal Electoral en contra de funcionarios, periodistas y ciudadanos que fueron acosados por ejercer su libre derecho de estar en contra de las pol\u00edticas del INE\u201d.<\/p>\n<p>Los j\u00f3venes estudiantes de las facultades de Derecho, Filosof\u00eda y Letras, Ciencias Pol\u00edticas y Sociales de la UNAM; Universidad Aut\u00f3noma Metropolitana, Fes Arag\u00f3n y Acatl\u00e1n; Universidad Aut\u00f3noma de la Ciudad de M\u00e9xico, y las universidades aut\u00f3nomas de Morelos y del Estado de M\u00e9xico, entre otras, coincidieron en se\u00f1alar que entregaron el oficio para que no quede duda que quieren el di\u00e1logo.<\/p>\n<p>Finalmente, se\u00f1alaron que al cierre de evento presentar\u00e1n un posicionamiento firmado por los integrantes de las distintas casas de estudio, en la que se integrar\u00e1n las opiniones y los comentarios que se generen durante las mesas de trabajo y discusi\u00f3n\u201d.<\/p>\n","protected":false},"excerpt":{"rendered":"<p>Estudiantes de universidades y facultades del centro del pa\u00eds, exigen a los integrantes del Consejo General del Instituto Federal Electoral (INE) abrir la discusi\u00f3n sobre la situaci\u00f3n de la democracia en M\u00e9xico y los cambios que requiere.<\/p>\n","protected":false},"author":3,"featured_media":561180,"comment_status":"open","ping_status":"open","sticky":false,"template":"","format":"standard","meta":{"_monsterinsights_skip_tracking":false,"_monsterinsights_sitenote_active":false,"_monsterinsights_sitenote_note":"","_monsterinsights_sitenote_category":0,"footnotes":""},"categories":[5],"tags":[11979,52784,34],"class_list":["post-561106","post","type-post","status-publish","format-standard","has-post-thumbnail","hentry","category-estado-de-mexico","tag-democracia","tag-universitarios","tag-valle-de-mexico"],"_links":{"self":[{"href":"https:\/\/www.diarioimagen.net\/index.php?rest_route=\/wp\/v2\/posts\/561106","targetHints":{"allow":["GET"]}}],"collection":[{"href":"https:\/\/www.diarioimagen.net\/index.php?rest_route=\/wp\/v2\/posts"}],"about":[{"href":"https:\/\/www.diarioimagen.net\/index.php?rest_route=\/wp\/v2\/types\/post"}],"author":[{"embeddable":true,"href":"https:\/\/www.diarioimagen.net\/index.php?rest_route=\/wp\/v2\/users\/3"}],"replies":[{"embeddable":true,"href":"https:\/\/www.diarioimagen.net\/index.php?rest_route=%2Fwp%2Fv2%2Fcomments&post=561106"}],"version-history":[{"count":0,"href":"https:\/\/www.diarioimagen.net\/index.php?rest_route=\/wp\/v2\/posts\/561106\/revisions"}],"wp:featuredmedia":[{"embeddable":true,"href":"https:\/\/www.diarioimagen.net\/index.php?rest_route=\/wp\/v2\/media\/561180"}],"wp:attachment":[{"href":"https:\/\/www.diarioimagen.net\/index.php?rest_route=%2Fwp%2Fv2%2Fmedia&parent=561106"}],"wp:term":[{"taxonomy":"category","embeddable":true,"href":"https:\/\/www.diarioimagen.net\/index.php?rest_route=%2Fwp%2Fv2%2Fcategories&post=561106"},{"taxonomy":"post_tag","embeddable":true,"href":"https:\/\/www.diarioimagen.net\/index.php?rest_route=%2Fwp%2Fv2%2Ftags&post=561106"}],"curies":[{"name":"wp","href":"https:\/\/api.w.org\/{rel}","templated":true}]}}