{"id":561145,"date":"2022-09-28T22:03:41","date_gmt":"2022-09-29T03:03:41","guid":{"rendered":"https:\/\/www.diarioimagen.net\/?p=561145"},"modified":"2022-09-28T22:32:22","modified_gmt":"2022-09-29T03:32:22","slug":"de-consulta-a-ejercicio-participativo","status":"publish","type":"post","link":"https:\/\/www.diarioimagen.net\/?p=561145","title":{"rendered":"De consulta a ejercicio participativo"},"content":{"rendered":"<h2>Espacio Electoral<\/h2>\n<h5>Eleazar Flores<\/h5>\n<p>&nbsp;<\/p>\n<p><strong>IGNORANCIA SUPINA-.<\/strong> Fue por se\u00f1alamientos puntuales de juristas y medios de comunicaci\u00f3n que el padre de la Cuarta Transformaci\u00f3n tuvo que rectificar la aplicaci\u00f3n de su nuevo jueguito, que al no poder llamarlo CONSULTA, le cambi\u00f3 el nombre por el de EJERCICIO PARTICIPATIVO.<\/p>\n<p>Adem\u00e1s, para los PARTICIPATIVOS, que seguramente ser\u00e1n sus seguidores y otros m\u00e1s, el campe\u00f3n del divisionismo no pide como requisito para poder votar la credencial del INE, \u201cpodr\u00eda ser su curp u otra identificaci\u00f3n\u201d, a\u00f1ade el invitador ma\u00f1anero.<\/p>\n<p>Fue el mismo lunes despu\u00e9s de la ma\u00f1anera, cuando brotaron protestas y correcciones al presidente Andr\u00e9s Manuel L\u00f3pez Obrador respecto a que no podr\u00eda convocar a\u00a0 consulta en materia de SEGURIDAD, pues se violar\u00eda la Constituci\u00f3n, deporte favorito de este sexenio, pero mantiene con el ejercicio participativo el motivo del mismo, opinar sobre seguridad, t\u00e9rmino que tambi\u00e9n est\u00e1 prohibido mantenerlo en esta tarea programada para el 22 de enero.<\/p>\n<p>\u00bfY por qu\u00e9 no el INE? Le preguntaron al jefe del comando guinda en la ma\u00f1anera del lunes pasado, aprovechando en su respuesta una denostaci\u00f3n m\u00e1s al Instituto Nacional Electoral, pues \u201cnos pedir\u00eda millones\u201d para hacerlo.<\/p>\n<p>De tales consideraciones y la postura presidencial respecto a que el ejercicio participativo lo organizar\u00e1 la Secretar\u00eda de Gobernaci\u00f3n, la primera duda podr\u00eda ser si habr\u00e1 limpieza y neutralidad al momento de hacer el recuento. La primera consideraci\u00f3n para los no afines a la Cuarta Transformaci\u00f3n ser\u00e1 la incertidumbre pues se regresar\u00eda a los tiempos de la Comisi\u00f3n Federal Electoral, CFE, donde el gobierno era juez y parte en esta materia.<\/p>\n<p><strong>PARCIALIDAD-.<\/strong> La primera muestra de parcialidad oficial la dio ayer el mism\u00edsimo secretario de Gobernaci\u00f3n, Ad\u00e1n Augusto L\u00f3pez Hern\u00e1ndez, en su comparecencia ante el poder Legislativo, pues cuando fue interrogado acerca del gobernador electo Am\u00e9rico Villarreal y su \u201cregreso\u201d al Senado s\u00f3lo para tener fuero, y aun en espera del fallo del Tribunal Electoral del Poder Judicial de la Federaci\u00f3n, TEPJF, sobre su triunfo o no, don Ad\u00e1n dijo: \u201cAm\u00e9rico ser\u00e1 gobernador\u201d.<\/p>\n<p>Lo tajante de su afirmaci\u00f3n presupone conocer el fallo del Tribunal, que debi\u00f3 haberse dado ayer por la noche, pero si hubiera sido respetuoso como lo presumi\u00f3 ante los legisladores, pudo haber aconsejado esperar el dictamen de la instancia federal.<\/p>\n<p><strong>EJERCICIO PARTICIPATIVO-.<\/strong> Desconociendo detalles del futuro ejercicio participativo, se supone que los primeros promotores del mismo ser\u00e1n las instancias federales y sus empleados pero el mayor activismo lo har\u00e1n los cuadros nacionales y estatales de Movimiento de Regeneraci\u00f3n Nacional, dado que sus n\u00fameros a alcanzar ser\u00e1n para presumirlos o no.<\/p>\n<p>Los enterados dudan del \u00e9xito y hay quienes advierten que como ha sucedido de 2021 a la fecha, podr\u00edan venir a la baja.<\/p>\n<p><em><a href=\"mailto:elefa44@gmail.com\" target=\"_blank\" rel=\"noopener noreferrer\">elefa44@gmail.com<\/a><\/em><\/p>\n","protected":false},"excerpt":{"rendered":"<p><span style=\"color: #005497;\"><strong>Eleazar Flores<\/strong><\/span><\/p>\n","protected":false},"author":3,"featured_media":0,"comment_status":"open","ping_status":"open","sticky":false,"template":"","format":"standard","meta":{"_monsterinsights_skip_tracking":false,"_monsterinsights_sitenote_active":false,"_monsterinsights_sitenote_note":"","_monsterinsights_sitenote_category":0,"footnotes":""},"categories":[81743],"tags":[81744,81776,43674],"class_list":["post-561145","post","type-post","status-publish","format-standard","hentry","category-eleazar-flores","tag-eleazar-flores","tag-espacio-electoral","tag-opinion"],"_links":{"self":[{"href":"https:\/\/www.diarioimagen.net\/index.php?rest_route=\/wp\/v2\/posts\/561145","targetHints":{"allow":["GET"]}}],"collection":[{"href":"https:\/\/www.diarioimagen.net\/index.php?rest_route=\/wp\/v2\/posts"}],"about":[{"href":"https:\/\/www.diarioimagen.net\/index.php?rest_route=\/wp\/v2\/types\/post"}],"author":[{"embeddable":true,"href":"https:\/\/www.diarioimagen.net\/index.php?rest_route=\/wp\/v2\/users\/3"}],"replies":[{"embeddable":true,"href":"https:\/\/www.diarioimagen.net\/index.php?rest_route=%2Fwp%2Fv2%2Fcomments&post=561145"}],"version-history":[{"count":0,"href":"https:\/\/www.diarioimagen.net\/index.php?rest_route=\/wp\/v2\/posts\/561145\/revisions"}],"wp:attachment":[{"href":"https:\/\/www.diarioimagen.net\/index.php?rest_route=%2Fwp%2Fv2%2Fmedia&parent=561145"}],"wp:term":[{"taxonomy":"category","embeddable":true,"href":"https:\/\/www.diarioimagen.net\/index.php?rest_route=%2Fwp%2Fv2%2Fcategories&post=561145"},{"taxonomy":"post_tag","embeddable":true,"href":"https:\/\/www.diarioimagen.net\/index.php?rest_route=%2Fwp%2Fv2%2Ftags&post=561145"}],"curies":[{"name":"wp","href":"https:\/\/api.w.org\/{rel}","templated":true}]}}