{"id":561317,"date":"2022-09-29T22:04:02","date_gmt":"2022-09-30T03:04:02","guid":{"rendered":"https:\/\/www.diarioimagen.net\/?p=561317"},"modified":"2022-09-29T22:54:55","modified_gmt":"2022-09-30T03:54:55","slug":"pepe-suarez-regresa-a-mexico-y-es-politicamente-incorrecto","status":"publish","type":"post","link":"https:\/\/www.diarioimagen.net\/?p=561317","title":{"rendered":"Pepe Su\u00e1rez regresa a M\u00e9xico y \u201cEs&#8230; Pol\u00edticamente Incorrecto\u201d"},"content":{"rendered":"<p>&nbsp;<\/p>\n<h3 style=\"text-align: center;\">Con m\u00e1s de 40 a\u00f1os de trayectoria<\/h3>\n<p>&nbsp;<\/p>\n<ul>\n<li><strong><em>Lanzar\u00e1 irreverente programa a trav\u00e9s de su p\u00e1gina de internet<\/em><\/strong><\/li>\n<\/ul>\n<p>&nbsp;<\/p>\n<div id=\"attachment_561318\" style=\"width: 470px\" class=\"wp-caption aligncenter\"><img loading=\"lazy\" decoding=\"async\" aria-describedby=\"caption-attachment-561318\" class=\"size-full wp-image-561318\" src=\"https:\/\/www.diarioimagen.net\/wp-content\/uploads\/2022\/09\/PEPE01.jpg\" alt=\"\" width=\"460\" height=\"270\" \/><p id=\"caption-attachment-561318\" class=\"wp-caption-text\">Pepe Su\u00e1rez regresa de los Estados Unidos para lanzar su programa \u201cPepe Su\u00e1rez Es&#8230; Pol\u00edticamente Incorrecto\u201d, el cual se estrenar\u00e1 en octubre.<\/p><\/div>\n<p>&nbsp;<\/p>\n<p>Luego de 20 a\u00f1os trabajando en Televisa y con m\u00e1s de 40 a\u00f1os de carrera Pepe Su\u00e1rez regresa de los Estados Unidos para lanzar su programa \u201cPepe Su\u00e1rez Es&#8230; Pol\u00edticamente Incorrecto\u201d, el cual se estrenar\u00e1 en octubre a trav\u00e9s de su p\u00e1gina de internet y donde explotar\u00e1 cada una de sus virtudes para la comedia a trav\u00e9s de sus irreverentes personajes.<\/p>\n<p>En Estados Unidos, Pepe pas\u00f3 de escritor de comedia a tener su propio programa de TV, luego a ser Creador de Contenido, Director, Co creador y Productor Ejecutivo de 4 de los m\u00e1s exitosos programas dirigidos a Hispanoam\u00e9rica.<\/p>\n<p>A mediados del 2012 Pepe es contratado por la cadena Telemundo integr\u00e1ndose a las filas de Comcast NBC Universal Telemundo con el cargo de Executive Producer of Alternative Programing, a la vez que su personaje \u2018Pepe Charrascas\u2019 har\u00eda la comedia en el programa matinal \u201cUn nuevo D\u00eda\u201d.<\/p>\n<p>Luego, Pepe firma con la cadena Telemundo su regreso en un nuevo remake de la exitosa historia \u201cYo Soy Betty La Fea\u201d en su nueva versi\u00f3n \u201cBetty En New York\u201d interpretando durante 114 cap\u00edtulos al infiel cucarachito \u2018Efra\u00edn Montes\u2019.<\/p>\n<p>Ahora con 45 a\u00f1os de experiencia al haber transitado por pr\u00e1cticamente todas las \u00e1reas de la producci\u00f3n delante y detr\u00e1s de c\u00e1maras en el medio del espect\u00e1culo, nace \u201cPepe Su\u00e1rez Es&#8230; Pol\u00edticamente Incorrecto\u201d, del que nos platic\u00f3 en entrevista para <strong>DIARIO IMAGEN<\/strong> \u201cRegreso a M\u00e9xico despu\u00e9s de 16 a\u00f1os de no estar aqu\u00ed, y pues me toca la pandemia, me toca quedarme encerrado en mi departamento y pens\u00e9 que hacer. Me puse a escribir chistes, pero no quer\u00eda los tipos de internet\u201d.<\/p>\n<p>Recuerda que en esa tarea \u201clogr\u00e9 300 sketches, 17 personajes, compre en l\u00ednea un croma con iluminaci\u00f3n y me grabe con mis tabletas, porque no ten\u00eda nada, compre vestuarios, maquillajes, prost\u00e9ticos y empec\u00e9 a crear lo que vamos a ver a partir de octubre. Hice todo solo, estaba encerrado y con un editor a distancia por zoom, durante un a\u00f1o sentados cada quien, en su casa, de hecho, no lo conozco (risas)\u201d<\/p>\n<p>Una vez con el material complet\u00f3 nos narra que \u201cMe encontr\u00e9 con Ren\u00e9 franco que es un comunicador y consultor, me dijo \u2018no lo saques si va para Youtube, porque 16 programas a raz\u00f3n de uno semanal se queman en 4 meses, mejor deshaz los programas y que esos 300 skecthes se hagan 600 y ya tienes material como para 4 a\u00f1os\u2019. Entonces seguir\u00e9 su consejo\u201d. Y los sketches ser\u00e1n lanzados los martes y jueves a las 10 de la noche a partir de la primera semana de octubre.<\/p>\n<p style=\"text-align: center;\"><strong>QUE LOS \u201cMAZAPANES\u201d NO LO VEAN <\/strong><\/p>\n<p>Sobre el tenor del programa, refiere que \u201cPor eso precisamente le puse ese nombre, cuando llegu\u00e9 a M\u00e9xico una de las cosas que m\u00e1s me impactaron es que vi una entrevista a cuatro comediantes, estaba El Indio Bryan, El Coste\u00f1o, no recuerdo bien, pero se juntaron en la pandemia para un show por internet y vender boletos. Los comediantes ten\u00edan cuatro minutos en pantalla y tres de ellos ocupados en disculparse, \u2018no nos estamos burlando de nadie\u2019, es decir, no han hecho el show y ya est\u00e1n pidiendo disculpas, lo cual no me gust\u00f3\u201d.<\/p>\n<p>En ese sentido agrega \u201cporque me van a decir c\u00f3mo hacer lo que llevo 45 a\u00f1os haciendo, yo no me meto en la concia de un chef a hacer lo que \u00e9l sabe hacer. Me enoj\u00e9, es comedia y la gente reclama, pero si quieren reclamar, yo les pido que vayan y reclamen a la casa de un pol\u00edtico. Nosotros somos comediantes y si tu no entiendes la comedia, el problema es tuyo. Se habla de la generaci\u00f3n de cristal, pero yo digo que hasta el cristal tiene m\u00e1s resistencia, creo que son una generaci\u00f3n de mazap\u00e1n\u201d.<\/p>\n<p>Y les manda un mensaje a todos ellos \u201cque lea esta generaci\u00f3n como se llama el programa y si son de piel sensible, mejor que no lo vean. Si te sientas a ver una pel\u00edcula con tus hijos y te dicen que es para mayores de 18, no te ofendas al final porque hubo drogas o violencia explicita. Aparte, creo que ni humor no est\u00e1 tan fuerte, cuando llego a las redes sociales y veo lo que los chavos dicen, creo que yo soy blanca nieves y los siete enanos (risas)\u201d.<\/p>\n<p>En el programa son 17 personajes recreando y satirizando a la sociedad y la pol\u00edtica en M\u00e9xico \u201cLa creaci\u00f3n de cada uno de ellos, no me lo van a creer, soy un actor que nunca estudio actuaci\u00f3n, un comediante que jam\u00e1s estudio comedia, un productor, que nunca estudio para producir, pero tengo 45 a\u00f1os en el medio y me he forjado con los mejores estudios de televisi\u00f3n, de cine, trabajando de t\u00fa a t\u00fa, con los mejores del pa\u00eds. Entonces la creaci\u00f3n de mis personajes surge dormido, muchas de las cosas que he hecho en mi carrera nacieron as\u00ed, me duermo con una libreta bajo la almohada, otras ideas nacen cuando me estaba ba\u00f1ando, donde no me distraigo con nada, pero mi mente trabaja\u201d.<\/p>\n<p style=\"text-align: center;\"><strong>SUS PERSONAJES <\/strong><\/p>\n<p>Nos adelanta que sus personajes son inspirados en la vida real \u201cAnartista es una anarquista, porque siempre que va a las marchas y la agarran las c\u00e1maras para entrevistarla, siempre junto al \u00e1ngel de la independencia, o en el hemiciclo a Ju\u00e1rez, pero siempre sale en la tele, va a las marchas y no sabe que protesta, pero rompe todo. Tambi\u00e9n est\u00e1n \u2018Las Su-Fridas\u2019, que es el cuadro que conocemos de las dos Fridas, pero cobra vida, las cabezas, hablan y se critican. Tenemos a una Monja que es ninf\u00f3mana, se la pasa hablando de hombres o al Dr. que es una parodia de Gatell\u201d.<\/p>\n<p>Asimismo, cuenta con un personaje que, dice \u201cpuede causar pol\u00e9mica, porque es una parodia de B\u00e1rbara del Regil, que es de los personajes m\u00e1s relevantes en internet, salgo todo el tiempo haciendo ejercicio, pidiendo que sonr\u00edas, pero luego dice \u2018que horror que prieta\u2019. Tambi\u00e9n un \u2018mi rey\u2019 que, seg\u00fan ayuda a los pobres, pero les mete una friega (risas). Por otro lado, El Talachas es el \u00fanico chairo que te va a caer bien, defiende al gobierno, pero tambi\u00e9n les pone una friega cuando habla. Adem\u00e1s de Pepe Charrascas y Do\u00f1a Cuquita, que son ya conocidos en Estados Unidos, incluso los llev\u00e9 a en Londres en los Juegos ol\u00edmpicos\u201d.<\/p>\n<p style=\"text-align: center;\"><strong>HEREDERO DE UN GRAN LINAJE DE COMEDIANTES <\/strong><\/p>\n<p>Recuerda que \u201cCrec\u00ed viendo \u2018La cosquilla\u2019, \u2018S\u00e1bados locos\u2019, \u2018No empujen\u2019, \u2018Que nos pasa\u2019, \u2018Puro Loco\u2019, ese tipo de comedia de sketch de personaje. Mis t\u00edos Alejando Suarez y H\u00e9ctor Su\u00e1rez son mi escuela, de ellos aprend\u00ed much\u00edsimo y as\u00ed empec\u00e9 a forjar lo m\u00edo. Luego Ortiz de Pinedo me dio una super oportunidad en Los comediantes, ese es mi DNA, es parte de la comedia que la gente de 35 o 38 a\u00f1os para arriba sigue pidiendo y a\u00f1orando\u201d.<\/p>\n<p>En ese sentido aclara que no est\u00e1 en contra del nuevo tipo de comedia \u201cNo estoy en contra del Standup, es un nuevo g\u00e9nero para M\u00e9xico y no tiene nada que ver con lo que se hace en Estados Unidos, aqu\u00ed solo dos o tres han llenado teatros grandes como Franco Escamilla, no est\u00e1 nada mal, pero lo que si me saca de onda es el lenguaje, el \u00f3rgano masculino que va con la letra \u2018V\u2019 lo han normalizado tanto. Eso no me gusta, porque deben hacer re\u00edr sin cuestiones escatol\u00f3gicas, ni palabras altisonantes. A veces no les funciona el chiste y sueltan una palabrota para que ahora si la gente suelte la carcajada, es muy f\u00e1cil hacerlo y no estoy en contra, pero yo no lo hago, la comedia no es ponerse un trapo en la cabeza y fingir ser una se\u00f1ora\u201d.<\/p>\n<p>Adelant\u00f3 que adem\u00e1s de la transmisi\u00f3n de sus sketches, \u201cVoy a vender saludos personalizados, entonces ah\u00ed nos vamos a dar cuenta, que personajes funcionan m\u00e1s, a m\u00ed me gustar\u00eda que todo funcionen igual, pero al final de cuentas la gente es la que decide\u201d. Y no descart\u00f3 llevar su show a grandes teatros \u201cEste ejemplo lo tuve con mi t\u00edo H\u00e9ctor y su programa \u2018\u00bfque nos pasa?\u2019, rompi\u00f3 todos los esquemas de la comedia en M\u00e9xico, se atrevi\u00f3 a hablar de pol\u00edtica, fue la primera vez que se hizo critica de pol\u00edtica y sociedad en televisi\u00f3n abierta. Entonces yo escrib\u00ed este programa con ese esquema y la idea de llevarlo a los grandes teatros o centros nocturnos\u201d.<\/p>\n<p>No obstante, aclara que su comedia \u201cno es para hacer conciencia, no quiero educar a la gente, ni rega\u00f1arlos, quiero que se diviertan, que se r\u00edan\u201d.<\/p>\n<p>&nbsp;<\/p>\n<blockquote><p>Para conocer m\u00e1s detalles del programa y del merch de Pepe Su\u00e1rez, le pueden dar seguimiento en sus redes sociales, donde se necuentra como @Polincorrectotv. Asimismo, se actualizar\u00e1 semanalmente la p\u00e1gina\u00a0 con el nuevo episodio para que el p\u00fablico lo disfrute en streaming, en el dispositivo, d\u00eda y horario de su elecci\u00f3n, totalmente gratis.<\/p><\/blockquote>\n","protected":false},"excerpt":{"rendered":"<p>Luego de 20 a\u00f1os trabajando en Televisa y con m\u00e1s de 40 a\u00f1os de carrera Pepe Su\u00e1rez regresa de los Estados Unidos para lanzar su programa \u201cPepe Suarez Es&#8230; Pol\u00edticamente Incorrecto\u201d, el cual se estrenar\u00e1 en octubre a trav\u00e9s de su p\u00e1gina de internet y donde explotar\u00e1 cada una de sus virtudes para la comedia a trav\u00e9s de sus irreverentes personajes.<\/p>\n","protected":false},"author":3,"featured_media":561318,"comment_status":"open","ping_status":"open","sticky":false,"template":"","format":"standard","meta":{"_monsterinsights_skip_tracking":false,"_monsterinsights_sitenote_active":false,"_monsterinsights_sitenote_note":"","_monsterinsights_sitenote_category":0,"footnotes":""},"categories":[12],"tags":[43682,44,96487],"class_list":["post-561317","post","type-post","status-publish","format-standard","has-post-thumbnail","hentry","category-espectaculos","tag-espectaculos","tag-mexico","tag-pepe-suarez"],"_links":{"self":[{"href":"https:\/\/www.diarioimagen.net\/index.php?rest_route=\/wp\/v2\/posts\/561317","targetHints":{"allow":["GET"]}}],"collection":[{"href":"https:\/\/www.diarioimagen.net\/index.php?rest_route=\/wp\/v2\/posts"}],"about":[{"href":"https:\/\/www.diarioimagen.net\/index.php?rest_route=\/wp\/v2\/types\/post"}],"author":[{"embeddable":true,"href":"https:\/\/www.diarioimagen.net\/index.php?rest_route=\/wp\/v2\/users\/3"}],"replies":[{"embeddable":true,"href":"https:\/\/www.diarioimagen.net\/index.php?rest_route=%2Fwp%2Fv2%2Fcomments&post=561317"}],"version-history":[{"count":0,"href":"https:\/\/www.diarioimagen.net\/index.php?rest_route=\/wp\/v2\/posts\/561317\/revisions"}],"wp:featuredmedia":[{"embeddable":true,"href":"https:\/\/www.diarioimagen.net\/index.php?rest_route=\/wp\/v2\/media\/561318"}],"wp:attachment":[{"href":"https:\/\/www.diarioimagen.net\/index.php?rest_route=%2Fwp%2Fv2%2Fmedia&parent=561317"}],"wp:term":[{"taxonomy":"category","embeddable":true,"href":"https:\/\/www.diarioimagen.net\/index.php?rest_route=%2Fwp%2Fv2%2Fcategories&post=561317"},{"taxonomy":"post_tag","embeddable":true,"href":"https:\/\/www.diarioimagen.net\/index.php?rest_route=%2Fwp%2Fv2%2Ftags&post=561317"}],"curies":[{"name":"wp","href":"https:\/\/api.w.org\/{rel}","templated":true}]}}