{"id":561329,"date":"2022-09-29T22:02:57","date_gmt":"2022-09-30T03:02:57","guid":{"rendered":"https:\/\/www.diarioimagen.net\/?p=561329"},"modified":"2022-09-29T23:19:48","modified_gmt":"2022-09-30T04:19:48","slug":"menudo-enredo-creo-amlo-en-caso-ayotzinapa","status":"publish","type":"post","link":"https:\/\/www.diarioimagen.net\/?p=561329","title":{"rendered":"Menudo enredo cre\u00f3 AMLO en caso Ayotzinapa"},"content":{"rendered":"<h2>La Retaguardia<\/h2>\n<h5>Adriana Moreno Cordero<strong>\u00a0<\/strong><\/h5>\n<p>&nbsp;<\/p>\n<ul>\n<li><strong><em>Para garantizar supervivencia de la democracia, a superar hostigamiento que \u00e9sta vive: C\u00f3rdova<\/em><\/strong><\/li>\n<\/ul>\n<p>&nbsp;<\/p>\n<p>La semana cierra con el tema de los 43 estudiantes de la Normal Rural de Ayotzinapa sin resolver; es m\u00e1s, a esta errada y llamada Cuarta Transformaci\u00f3n se le hizo \u201cbolas el engrudo\u201d y ahora, los padres y madres de dichos estudiantes, desde antes que se conmemorara el octavo aniversario de este tr\u00e1gico hecho, han venido encarando y reclamando ni m\u00e1s ni menos que al presidente <strong>Andr\u00e9s Manuel L\u00f3pez Obrador<\/strong> que, contrario a las promesas que hizo en sus tiempos de campa\u00f1a y de presidente electo, no ha podido ni ha querido resolver este delicado expediente que se le ha convertido en una mara\u00f1a laber\u00edntica en la que se enreda cada d\u00eda m\u00e1s.<\/p>\n<p>A grado tal est\u00e1n las cosas en Palacio Nacional, que se dice que la molestia entre los militares, d\u00eda con d\u00eda crece m\u00e1s y de entre las cosas que pueden suceder la semana entrante, ser\u00eda que la presi\u00f3n siguiera creciendo para que el flamante subsecretario de Derechos Humanos de la Secretar\u00eda de Gobernaci\u00f3n, <strong>Alejandro Encinas<\/strong>, de plano renuncie o lo renuncien, con eso de que el de Tepetit\u00e1n protege \u201ca capa y espada\u201d al titular de la Fiscal\u00eda General de la Rep\u00fablica, <strong>Alejandro Gertz<\/strong>, seguro no dudar\u00e1 ni un instante respecto a qui\u00e9n deber\u00e1 de sacrificar por el bien de su errada y llamada Cuarta Transformaci\u00f3n.<\/p>\n<p>Para variar, fue el propio inquilino de Palacio Nacional el que prendi\u00f3 la mecha que deton\u00f3 este caso. El quid del asunto fue que se meti\u00f3 con el Ej\u00e9rcito, al que por otro lado tanto poder les ha dado y, entonces, el caso Ayotzinapa se politiz\u00f3\u00a0 y si antes fue utilizado como bandera de campa\u00f1a, ahora tal parece que ya le estorba a L\u00f3pez Obrador simple y sencillamente porque no tiene la capacidad para resolverlo, es decir y como \u00e9l mismo lo dijo: Para llegar al fondo del asunto.<\/p>\n<p>Y por si lo anterior fuera insuficiente, al presentar su tercer informe, Especialistas del Grupo Interdisciplinario de Expertos Independientes (<strong>GIEI<\/strong>) que han analizado este asunto, dieron a conocer varios detalles que resultan especialmente significativos, concluyendo que \u201cel hecho m\u00e1s grave de intromisi\u00f3n\u201d en las funciones de la Unidad Especial para la Investigaci\u00f3n y el Litigio del caso Ayotzinapa, se dio en el momento en que esta errada y llamada Cuarta Transformaci\u00f3n solicit\u00f3 la cancelaci\u00f3n de las 83 \u00f3rdenes de aprehensi\u00f3n, por parte de ministerios p\u00fablicos externos adscritos al juzgado, por lo que pidieron respeto a las decisiones de la justicia.<\/p>\n<p>Igualmente, el GIEI inform\u00f3 que varios normalistas de Ayotzinapa estuvieron vivos desde el d\u00eda de esta tragedia, el 26 de septiembre, hasta el 4 de octubre y desde el 12 de octubre, el Ej\u00e9rcito sab\u00eda de la existencia\u00a0 del basurero de Cocula y la relaci\u00f3n que tiene el predio con el caso.<\/p>\n<p>Asimismo, el GIEI cuestion\u00f3 la actuaci\u00f3n de varios funcionarios p\u00fablicos como el titular de la Fiscal\u00eda General de la Rep\u00fablica (<strong>FGR<\/strong>), <strong>Alejandro Gertz Manero<\/strong>; las resistencias de la Secretar\u00eda de la Defensa Nacional (<strong>Sedena<\/strong>) a cargo de <strong>Luis Cresencio Sandoval<\/strong>, para entregar informaci\u00f3n as\u00ed como la decisi\u00f3n que consideraron apresurada de actuar en contra del ex titular de la PGR,\u00a0<strong>Jes\u00fas Murillo Karam<\/strong>. Debido a esto \u00faltimo, el GEI reiter\u00f3 que en un Estado de Derecho, la Fiscal\u00eda no puede tener m\u00e1s consideraciones que las consideraciones probatorias y lograr condenas.<\/p>\n<p>Tambi\u00e9n, el Grupo de Especialistas, lament\u00f3 la renuncia del Fiscal del Caso Ayotzinapa,<strong>\u00a0Omar G\u00f3mez Trejo<\/strong>, quien consideraron \u201cactu\u00f3 con voluntad, con profesionalismo y ten\u00eda la confianza de los pap\u00e1s (de los estudiantes de Ayotzinapa)\u201d.<\/p>\n<p style=\"text-align: center;\"><strong>Municiones<\/strong><\/p>\n<p>*** El presidente de la Junta de Coordinaci\u00f3n Pol\u00edtica del Senado de la Rep\u00fablica, <strong>Ricardo Monreal \u00c1vila<\/strong>, adelant\u00f3 que el pr\u00f3ximo martes, 4 de octubre, se intentar\u00e1 de nueva cuenta votar el proyecto mediante el cual se extiende la permanencia de las fuerzas armadas en tareas de seguridad p\u00fablica.\u00a0El legislador zacatecano precis\u00f3 que el 5 de octubre se cumplen los 10 d\u00edas h\u00e1biles para que la C\u00e1mara alta retome la discusi\u00f3n del dictamen, que se regres\u00f3 a las comisiones de Justicia y Estudios Legislativos, Segunda. \u00a0Al participar en una reuni\u00f3n con integrantes del Colegio Nacional de Profesionistas con Postgrado en Derecho, Monreal \u00c1vila subray\u00f3 que, de ser necesario, se ha decidido modificar la minuta que proviene de la colegisladora. Indic\u00f3 que, junto con la ampliaci\u00f3n del plazo, se busca establecer mecanismos de control parlamentario, rendici\u00f3n de cuentas, evaluaci\u00f3n y supervisi\u00f3n de las tareas de las fuerzas armadas, as\u00ed como de la Guardia Nacional.\u00a0El tambi\u00e9n coordinador de la bancada de Morena, manifest\u00f3 que espera que para este fin de semana ya se pueda compaginar la redacci\u00f3n de esta importante decisi\u00f3n, que permita arribar a un acuerdo amplio en esta materia, indispensable para el pa\u00eds. \u201cEstamos mostrando flexibilidad, plenitud y apertura para poder generar condiciones de acuerdo, aqu\u00ed en el Senado, y\u00a0se est\u00e1 trabajando con un grupo de redacci\u00f3n en el seno de las comisiones dictaminadoras\u201d.<\/p>\n<p>*** El consejero presidente del Instituto Nacional Electoral (INE), <strong>Lorenzo C\u00f3rdova Vianello<\/strong>, retoma esta semana los trabajos como l\u00edder de la misi\u00f3n de observaci\u00f3n electoral de la Uni\u00f3n Interamericana de Organismos Electorales (UNIORE), que atestigua el desarrollo de las elecciones generales de Brasil 2022, cuya jornada electoral de primera vuelta se llevar\u00e1 a cabo este domingo 2 de octubre, d\u00eda en el que m\u00e1s de 156 millones de brasile\u00f1as y brasile\u00f1os est\u00e1n llamados a las urnas para renovar la Presidencia de la Rep\u00fablica, 27 gubernaturas, 27 senadur\u00edas, 513 diputaciones federales y mil 059 diputaciones estatales. En aquel pa\u00eds, se da como un hecho que ganar\u00e1 <strong>Luiz In\u00e1cio Lula da Silva<\/strong>, la pregunta es si lo conseguir\u00e1 en la primera o hasta la segunda vuelta.<\/p>\n<p>*** Por cierto, bien vale la pena retomar lo dicho por el consejero presidente del INE, Lorenzo C\u00f3rdova, quien afirm\u00f3 que para garantizar la supervivencia de la democracia es fundamental superar el hostigamiento que \u00e9sta vive hoy en buena parte del mundo. Asegur\u00f3 el doctor C\u00f3rdova que resulta fundamental que los \u00f3rganos electorales consoliden la alianza con la sociedad, es decir, su funci\u00f3n de arbitrar la pol\u00edtica, garantizar las reglas del juego democr\u00e1tico y construir las condiciones para que el voto libre de\u00a0 las y los ciudadanos sea el \u00fanico m\u00e9todo aceptado en la sociedad para la renovaci\u00f3n de los poderes p\u00fablicos. Lo anterior es digno de reflexi\u00f3n profunda, sobre todo porque en su m\u00e1s reciente consulta \u201cpatito\u201d sobre la militarizaci\u00f3n, L\u00f3pez Obrador est\u00e1 empe\u00f1ado en enviar el mensaje que su \u201cpueblo sabio y bueno\u201d es capaz, junto con Morena, desde luego, de organizar elecciones. El colmo.<\/p>\n<p><u><a href=\"mailto:morcora@gmail.com\" target=\"_blank\" rel=\"noopener noreferrer\"><em>morcora@gmail.com<\/em><\/a><\/u><\/p>\n","protected":false},"excerpt":{"rendered":"<p><span style=\"color: #005497;\"><strong>Adriana Moreno Cordero<\/strong><\/span><\/p>\n","protected":false},"author":3,"featured_media":0,"comment_status":"open","ping_status":"open","sticky":false,"template":"","format":"standard","meta":{"_monsterinsights_skip_tracking":false,"_monsterinsights_sitenote_active":false,"_monsterinsights_sitenote_note":"","_monsterinsights_sitenote_category":0,"footnotes":""},"categories":[69370],"tags":[69369,69368,43674],"class_list":["post-561329","post","type-post","status-publish","format-standard","hentry","category-adriana-moreno-cordero","tag-adriana-moreno-cordero","tag-la-retaguardia","tag-opinion"],"_links":{"self":[{"href":"https:\/\/www.diarioimagen.net\/index.php?rest_route=\/wp\/v2\/posts\/561329","targetHints":{"allow":["GET"]}}],"collection":[{"href":"https:\/\/www.diarioimagen.net\/index.php?rest_route=\/wp\/v2\/posts"}],"about":[{"href":"https:\/\/www.diarioimagen.net\/index.php?rest_route=\/wp\/v2\/types\/post"}],"author":[{"embeddable":true,"href":"https:\/\/www.diarioimagen.net\/index.php?rest_route=\/wp\/v2\/users\/3"}],"replies":[{"embeddable":true,"href":"https:\/\/www.diarioimagen.net\/index.php?rest_route=%2Fwp%2Fv2%2Fcomments&post=561329"}],"version-history":[{"count":0,"href":"https:\/\/www.diarioimagen.net\/index.php?rest_route=\/wp\/v2\/posts\/561329\/revisions"}],"wp:attachment":[{"href":"https:\/\/www.diarioimagen.net\/index.php?rest_route=%2Fwp%2Fv2%2Fmedia&parent=561329"}],"wp:term":[{"taxonomy":"category","embeddable":true,"href":"https:\/\/www.diarioimagen.net\/index.php?rest_route=%2Fwp%2Fv2%2Fcategories&post=561329"},{"taxonomy":"post_tag","embeddable":true,"href":"https:\/\/www.diarioimagen.net\/index.php?rest_route=%2Fwp%2Fv2%2Ftags&post=561329"}],"curies":[{"name":"wp","href":"https:\/\/api.w.org\/{rel}","templated":true}]}}