{"id":561333,"date":"2022-09-29T22:04:50","date_gmt":"2022-09-30T03:04:50","guid":{"rendered":"https:\/\/www.diarioimagen.net\/?p=561333"},"modified":"2022-09-29T23:22:54","modified_gmt":"2022-09-30T04:22:54","slug":"disputas-ideologicas","status":"publish","type":"post","link":"https:\/\/www.diarioimagen.net\/?p=561333","title":{"rendered":"Disputas ideol\u00f3gicas"},"content":{"rendered":"<h2>Desde el portal<\/h2>\n<h5>\u00c1ngel Soriano<\/h5>\n<p>&nbsp;<\/p>\n<p>Morena emprendi\u00f3 una dura campa\u00f1a contra Acci\u00f3n Nacional, a prop\u00f3sito de la acci\u00f3n de don Daniel Tabe contra un verificador del INVEA de la ciudad de M\u00e9xico, reviviendo disputas ideol\u00f3gicas que se consideraban ya superadas en la sociedad civilizada, como el racismo y el clasismo como una forma de desprecio por los semejantes por el color de la piel y el origen.<\/p>\n<p>Si bien la familia Tabe no oculta su origen \u00e1rabe porque hasta tiene una cadena de taquer\u00edas, como las hay por docenas en la ciudad de Puebla y otros sitios del pa\u00eds, y que uno de ellos sea el alcalde en la important\u00edsima delegaci\u00f3n Miguel Hidalgo, no consideramos que ese hecho le d\u00e9 autoridad para actuar con superioridad sobre un verificador que, como el mismo lo reconoci\u00f3, s\u00f3lo cumpli\u00f3 con su deber.<\/p>\n<p>Si bien se trata de una lucha pol\u00edtica por la gobernanza de la Ciudad de M\u00e9xico, en manos de la izquierda desde hace d\u00e9cadas, y el enfrentamiento con la derecha (PAN) sea a sangre y fuego, no es conveniente revivir antiguas luchas raciales que en los Estados Unidos dejan una gran estela de muerte por tiroteos provocados por extremistas blancos que dejan desolaci\u00f3n en el vecino pa\u00eds del norte.<\/p>\n<p>La convivencia pac\u00edfica y la lucha civilizada por el poder debe estar por encima de enfrentamientos raciales que deben estar ya superados, no podr\u00eda ni puede permitirse que en la actualidad sea ese el signo de nuestro pa\u00eds que ha superado enfrentamientos ideol\u00f3gicos, religiosos y clasistas para entrar en la etapa de la civilidad basada en el respeto a los derechos humanos y a las normas que rigen a la sociedad.<\/p>\n<p style=\"text-align: center;\"><strong>TURBULENCIAS<br \/>\nFinanzas desde Palacio Nacional<\/strong><\/p>\n<p>El secretario de Hacienda, Rogelio Ram\u00edrez de la O, fue v\u00edctima de desd\u00e9n pol\u00edtico en la C\u00e1mara de Senadores porque no es aspirante presidencial y porque es bien sabido que las finanzas se manejan desde Palacio Nacional -aunque tambi\u00e9n ah\u00ed est\u00e1n sus oficinas- y s\u00f3lo cumple un compromiso protocolario en el descontrolado manejo de los recursos p\u00fablicos de los que ya no tienen injerencia los poderes de la Uni\u00f3n, porque si bien es posible que se prepare y se elabore un presupuesto, \u00e9ste es rebasado o ignorado por los enormes gastos del Estado mexicano, en programas sociales y megaobras donde los costos suben aceleradamente por las condiciones de la econom\u00eda mundial. De esa manera los senadores consideran que los dichos del titular de la SHyCP quedan superados por la cambiante realidad\u2026 En cuesti\u00f3n de horas o minutos se decide la suerte de los gobernadores saliente y entrante de Tamaulipas: Francisco Javier Garc\u00eda Cabeza de Vaca maniobr\u00f3 hasta el \u00faltimo momento para llevar a prisi\u00f3n al doctor Am\u00e9rico Villarreal que asumir\u00e1 el cargo este s\u00e1bado, y quien seguramente lo llamar\u00e1 a cuentas por las mismas acusaciones que ha hecho en su contra. Se trata de otros enfrentamiento entre Morena y el PAN y, tambi\u00e9n, por la sucesi\u00f3n presidencial, pues se sabe que Garc\u00eda Cabeza de Vaca, de librar la c\u00e1rcel y tener sus derechos pol\u00edticos vigentes, puede ser el abanderado de Acci\u00f3n Nacional\u2026 El gobernador Alejandro Murat dio la raz\u00f3n a los hermanos Conzzati que denunciaron el despojo de sus propiedades mediante una red de complicidades entre funcionarios p\u00fablicos y notarios, al grado que hicieron desaparecer su identidad como leg\u00edtimos herederos de valiosa propiedad en el Centro Hist\u00f3rico de Oaxaca. Su lucha de varios a\u00f1os finalmente fue reconocida por el gobernador que de esa manera se reivindic\u00f3 de las acusaciones de proteger a la delincuencia de cuello blanco; falta llevar a prisi\u00f3n a otro tanto de personajes involucrados en los mismos il\u00edcitos y que bailan en la boca de la gente.<\/p>\n<p><u><a href=\"mailto:asorianocarrasco@yahoo.com\" target=\"_blank\" rel=\"noopener noreferrer\"><em>asorianocarrasco@yahoo.com<\/em><\/a><br \/>\n<em><a href=\"https:\/\/revistabrecha.com\" target=\"_blank\" rel=\"noopener noreferrer\">www.revistabrecha.com<\/a><br \/>\n<\/em><\/u><em>facebook oficial <a href=\"https:\/\/es-la.facebook.com\/RevistaBrecha.Oficial\" target=\"_blank\" rel=\"noopener\">@BrechaRevista<\/a><\/em><\/p>\n","protected":false},"excerpt":{"rendered":"<p><span style=\"color: #005497;\"><strong>\u00c1ngel Soriano<\/strong><\/span><\/p>\n","protected":false},"author":3,"featured_media":0,"comment_status":"open","ping_status":"open","sticky":false,"template":"","format":"standard","meta":{"_monsterinsights_skip_tracking":false,"_monsterinsights_sitenote_active":false,"_monsterinsights_sitenote_note":"","_monsterinsights_sitenote_category":0,"footnotes":""},"categories":[135],"tags":[85,86,43674],"class_list":["post-561333","post","type-post","status-publish","format-standard","hentry","category-angel-soriano-opinion","tag-angel-soriano","tag-desde-el-portal","tag-opinion"],"_links":{"self":[{"href":"https:\/\/www.diarioimagen.net\/index.php?rest_route=\/wp\/v2\/posts\/561333","targetHints":{"allow":["GET"]}}],"collection":[{"href":"https:\/\/www.diarioimagen.net\/index.php?rest_route=\/wp\/v2\/posts"}],"about":[{"href":"https:\/\/www.diarioimagen.net\/index.php?rest_route=\/wp\/v2\/types\/post"}],"author":[{"embeddable":true,"href":"https:\/\/www.diarioimagen.net\/index.php?rest_route=\/wp\/v2\/users\/3"}],"replies":[{"embeddable":true,"href":"https:\/\/www.diarioimagen.net\/index.php?rest_route=%2Fwp%2Fv2%2Fcomments&post=561333"}],"version-history":[{"count":0,"href":"https:\/\/www.diarioimagen.net\/index.php?rest_route=\/wp\/v2\/posts\/561333\/revisions"}],"wp:attachment":[{"href":"https:\/\/www.diarioimagen.net\/index.php?rest_route=%2Fwp%2Fv2%2Fmedia&parent=561333"}],"wp:term":[{"taxonomy":"category","embeddable":true,"href":"https:\/\/www.diarioimagen.net\/index.php?rest_route=%2Fwp%2Fv2%2Fcategories&post=561333"},{"taxonomy":"post_tag","embeddable":true,"href":"https:\/\/www.diarioimagen.net\/index.php?rest_route=%2Fwp%2Fv2%2Ftags&post=561333"}],"curies":[{"name":"wp","href":"https:\/\/api.w.org\/{rel}","templated":true}]}}