{"id":561342,"date":"2022-09-29T22:03:09","date_gmt":"2022-09-30T03:03:09","guid":{"rendered":"https:\/\/www.diarioimagen.net\/?p=561342"},"modified":"2022-09-29T23:29:54","modified_gmt":"2022-09-30T04:29:54","slug":"de-nombres-de-quienes-lo-presionan-presidente","status":"publish","type":"post","link":"https:\/\/www.diarioimagen.net\/?p=561342","title":{"rendered":"D\u00e9 nombres de qui\u00e9nes lo presionan, Presidente"},"content":{"rendered":"<h2>Espacio Electoral<\/h2>\n<h5>Eleazar Flores<\/h5>\n<p>&nbsp;<\/p>\n<p><strong>LA PRESI\u00d3N MAYOR-.<\/strong> En su homil\u00eda ma\u00f1anera del mi\u00e9rcoles, el jefe del comando guinda casi en plan de queja revel\u00f3 que \u201chemos recibido presiones\u201d de muchas partes en su trabajo de investigaci\u00f3n para dar con los verdaderos culpables del caso Ayotzinapa.<\/p>\n<p>Lo peor de todo es que el molote se enred\u00f3 m\u00e1s cuando en af\u00e1n de descalificar la versi\u00f3n de la verdad hist\u00f3rica, ahora resulta que un criminal confeso fue convencido de colaborar como TESTIGO PROTEGIDO, desdici\u00e9ndose de lo que acept\u00f3 desde 2014.<\/p>\n<p>Sin embargo, para miembros de colegios y barras de juristas, acad\u00e9micos, pensantes del sector privado y medios de comunicaci\u00f3n, es un secreto a voces que la mayor y m\u00e1s fuerte presi\u00f3n contra su comandante supremo proviene de la \u00e9lite militar actual, incluso de algunos marinos.<\/p>\n<p>Coincidente total con un contenido anterior del jefe, han sido los superiores de la Secretar\u00eda de la Defensa Nacional, quienes han platicado formalmente con su comandante supremo para, poniendo las cartas sobre la mesa, se resisten a ver c\u00f3mo el subsecretario de Derecho Humanos Alejandro Encinas le crea m\u00e1s a un delincuente confeso.<\/p>\n<p>Una coincidencia m\u00e1s, ahora con el columnista Carlos Mar\u00edn en el sentido de que todo lo anterior es\u00a0 una aut\u00e9ntica marranada o algo as\u00ed.<\/p>\n<p>Con todo lo anterior, de ninguna manera se quiere ver exento de toda culpa a los militares, que su turno y su trabajo los hizo estar en Ayotzinapa el d\u00eda de los hechos; pero tampoco creer a pie juntillas y tomar como verdades, las versiones de alguien que hace ocho a\u00f1os acept\u00f3 haber cometido hechos delictivos y ahora, a cambio de no s\u00e9 qu\u00e9 o no s\u00e9 cu\u00e1nto, cambi\u00f3 bandera.<\/p>\n<p><strong>V\u00cdCTIMAS-.<\/strong> Hasta ahora, las primeras v\u00edctimas de las \u201cverdades\u201d del anta\u00f1o delincuente y hoy inocente testigo protegido, son el fiscal para el caso Ayotzinapa, Omar G\u00f3mez Trejo, y desde luego cuatro de la veintena de militares que los involucr\u00f3, destacando entre ellos el coronel en 2014 y hoy general Jos\u00e9 Rodr\u00edguez P\u00e9rez, con un expediente limpio en su larga carrera militar que llega a\u00a0 44 a\u00f1os, seg\u00fan entrevista del columnista Jorge Fern\u00e1ndez Men\u00e9ndez.<\/p>\n<p>Se ignora el motivo por el que el amante de abrazos y no balazos, no obstante que estos rebasan con mucho a los primeros, le crea m\u00e1s a un delincuente confeso con tal de demostrar avances en las investigaciones para esclarecer el caso Ayotzinapa. Seguramente se mantendr\u00e1 esa \u201cl\u00ednea de investigaci\u00f3n\u201d por una sencilla raz\u00f3n, jam\u00e1s aceptar la \u201cverdad hist\u00f3rica\u201d.<\/p>\n<p>\u00bfEl motivo?, la versi\u00f3n la dio un gobierno neoliberal y conservador, enemigo n\u00famero uno del gobierno de la cuarta transformaci\u00f3n cuyo comandante, cuando candidato, ofreci\u00f3 esclarecer plenamente el hecho.<\/p>\n<p><em><a href=\"mailto:elefa44@gmail.com\" target=\"_blank\" rel=\"noopener noreferrer\">elefa44@gmail.com<\/a><\/em><\/p>\n","protected":false},"excerpt":{"rendered":"<p><span style=\"color: #005497;\"><strong>Eleazar Flores<\/strong><\/span><\/p>\n","protected":false},"author":3,"featured_media":0,"comment_status":"open","ping_status":"open","sticky":false,"template":"","format":"standard","meta":{"_monsterinsights_skip_tracking":false,"_monsterinsights_sitenote_active":false,"_monsterinsights_sitenote_note":"","_monsterinsights_sitenote_category":0,"footnotes":""},"categories":[81743],"tags":[46970,43674],"class_list":["post-561342","post","type-post","status-publish","format-standard","hentry","category-eleazar-flores","tag-espacio","tag-opinion"],"_links":{"self":[{"href":"https:\/\/www.diarioimagen.net\/index.php?rest_route=\/wp\/v2\/posts\/561342","targetHints":{"allow":["GET"]}}],"collection":[{"href":"https:\/\/www.diarioimagen.net\/index.php?rest_route=\/wp\/v2\/posts"}],"about":[{"href":"https:\/\/www.diarioimagen.net\/index.php?rest_route=\/wp\/v2\/types\/post"}],"author":[{"embeddable":true,"href":"https:\/\/www.diarioimagen.net\/index.php?rest_route=\/wp\/v2\/users\/3"}],"replies":[{"embeddable":true,"href":"https:\/\/www.diarioimagen.net\/index.php?rest_route=%2Fwp%2Fv2%2Fcomments&post=561342"}],"version-history":[{"count":0,"href":"https:\/\/www.diarioimagen.net\/index.php?rest_route=\/wp\/v2\/posts\/561342\/revisions"}],"wp:attachment":[{"href":"https:\/\/www.diarioimagen.net\/index.php?rest_route=%2Fwp%2Fv2%2Fmedia&parent=561342"}],"wp:term":[{"taxonomy":"category","embeddable":true,"href":"https:\/\/www.diarioimagen.net\/index.php?rest_route=%2Fwp%2Fv2%2Fcategories&post=561342"},{"taxonomy":"post_tag","embeddable":true,"href":"https:\/\/www.diarioimagen.net\/index.php?rest_route=%2Fwp%2Fv2%2Ftags&post=561342"}],"curies":[{"name":"wp","href":"https:\/\/api.w.org\/{rel}","templated":true}]}}