{"id":561382,"date":"2022-10-03T00:06:34","date_gmt":"2022-10-03T05:06:34","guid":{"rendered":"https:\/\/www.diarioimagen.net\/?p=561382"},"modified":"2022-10-04T00:05:21","modified_gmt":"2022-10-04T05:05:21","slug":"ofrecen-en-cu-texcoco-de-la-uaemex-talleres-a-mujeres-emprendedoras-de-areas-rurales","status":"publish","type":"post","link":"https:\/\/www.diarioimagen.net\/?p=561382","title":{"rendered":"Ofrecen en CU Texcoco, de la UAEM\u00e9x, talleres a mujeres emprendedoras de \u00e1reas rurales"},"content":{"rendered":"<p><em>\u00a0<\/em><\/p>\n<ul>\n<li><strong><em>A trav\u00e9s de la L\u00ednea de Investigaci\u00f3n \u201cInnovaci\u00f3n Educativa, Empresarial y Tecnol\u00f3gica para la Sociedad\u201d se busca capacitar a mujeres de la zona oriente del Estado de M\u00e9xico<\/em><\/strong><\/li>\n<\/ul>\n<p><strong>\u00a0<\/strong><\/p>\n<div id=\"attachment_561457\" style=\"width: 470px\" class=\"wp-caption aligncenter\"><img loading=\"lazy\" decoding=\"async\" aria-describedby=\"caption-attachment-561457\" class=\"size-full wp-image-561457\" src=\"https:\/\/www.diarioimagen.net\/wp-content\/uploads\/2022\/10\/uaem2.jpg\" alt=\"\" width=\"460\" height=\"270\" \/><p id=\"caption-attachment-561457\" class=\"wp-caption-text\">La catedr\u00e1tica e investigadora Rebeca Teja Guti\u00e9rrez, explic\u00f3 que tambi\u00e9n han tenido oportunidad de apoyar a mujeres de zonas rurales de los estados de Guerrero, Tabasco y Veracruz, con productoras de cacao y lim\u00f3n.<\/p><\/div>\n<p>&nbsp;<\/p>\n<p><strong>Texcoco, Estado de M\u00e9xico.\u2014<\/strong> Desde su entorno familiar las emprendedoras de las \u00e1reas rurales est\u00e1n inmersas en un sistema patriarcal, indic\u00f3 la catedr\u00e1tica e investigadora del Centro Universitario Texcoco de la Universidad Aut\u00f3noma del Estado de M\u00e9xico (UAEM\u00e9x), Rebeca Teja Guti\u00e9rrez.<\/p>\n<p>Refiri\u00f3 que, como parte de su trabajo de investigaci\u00f3n, las expertas universitarias que forman parte del Cuerpo Acad\u00e9mico \u201cEmpresa, Educaci\u00f3n y Tecnolog\u00eda\u201d, del cual es l\u00edder, han encontrado casos en los que los proyectos productivos son encabezados por mujeres; sin embargo, consecuencia de estereotipos sociales, es el hombre o jefe de familia el que dirige el proyecto, dejando de lado los conocimientos y habilidades que pueden tener las mujeres en el campo laboral.<\/p>\n<p>\u201cEn las familias de las comunidades rurales sigue prevaleciendo el machismo y aunque ellas son las beneficiarias de los programas de financiamiento a proyectos emprendedores, los hombres siguen tomando las decisiones\u201d, dijo.<\/p>\n<p>Por ello, afirm\u00f3, en el marco de la L\u00ednea de Investigaci\u00f3n \u201cInnovaci\u00f3n Educativa, Empresarial y Tecnol\u00f3gica para la Sociedad\u201d, desarrollamos proyectos con perspectiva de g\u00e9nero, con impacto social, que involucran a grupos vulnerables, sobre todo mujeres que trabajan en el campo y encabezan proyectos productivos.<\/p>\n<p>\u201cLes ofrecemos talleres para el desarrollo de habilidades gerenciales, empresariales y de innovaci\u00f3n de gesti\u00f3n de negocios, as\u00ed como empoderamiento en el sector rural y en lo que ellas realizan\u201d, dijo.<\/p>\n<p>La catedr\u00e1tica universitaria detall\u00f3 que han extendido sus actividades m\u00e1s all\u00e1 de la zona oriente del Estado de M\u00e9xico y han tenido oportunidad de apoyar a mujeres de zonas rurales de los estados de Guerrero, Tabasco y Veracruz, con productoras de cacao y lim\u00f3n.<\/p>\n<p>Con ellas, dijo, hemos trabajado talleres de empoderamiento empresarial en sus zonas geogr\u00e1ficas y ahora mismo est\u00e1 en marcha un proyecto con un grupo de emprendedoras del oriente del Estado de M\u00e9xico: indagamos las dificultades que tuvieron con sus negocios durante la pandemia y organizamos talleres para proporcionarles herramientas gerenciales y administrativas que van a reforzar su actividad.<\/p>\n<p>Abund\u00f3 que cuando las mujeres bajan recursos del Gobierno de M\u00e9xico requieren apoyo y capacitaci\u00f3n para formar empresas m\u00e1s s\u00f3lidas, sustentables y sostenibles, cuya producci\u00f3n sea constante, pero principalmente en la parte del empoderamiento.<\/p>\n<p>Para ello, precis\u00f3, trabajamos talleres de liderazgo, en el \u00e1rea administrativa, en sistemas de informaci\u00f3n para empresas peque\u00f1as. \u201cEllas, por ejemplo, pueden ser beneficiarias de recursos para adquirir equipo de c\u00f3mputo y llevar su administraci\u00f3n, pero no saben de programas para llevar sus cuentas, costos, ingresos y gastos. Entonces implementamos dos o tres proyectos en los que se desarrollaron sistemas de informaci\u00f3n para empresas rurales\u201d, puntualiz\u00f3.<\/p>\n<p>Adem\u00e1s, asever\u00f3 Rebeca Teja Guti\u00e9rrez, no solo es capacitaci\u00f3n empresarial, gerencial, de liderazgo, de comunicaci\u00f3n, trabajo en equipo y de una cultura organizacional porque lo que tambi\u00e9n les hace falta a estas empresas de mujeres es implementar una cultura organizacional, una filosof\u00eda de trabajo organizado.<\/p>\n","protected":false},"excerpt":{"rendered":"<p>Desde su entorno familiar las emprendedoras de las \u00e1reas rurales est\u00e1n inmersas en un sistema patriarcal, indic\u00f3 la catedr\u00e1tica e investigadora del Centro Universitario Texcoco de la Universidad Aut\u00f3noma del Estado de M\u00e9xico (UAEM\u00e9x), Rebeca Teja Guti\u00e9rrez.<\/p>\n","protected":false},"author":3,"featured_media":561457,"comment_status":"open","ping_status":"open","sticky":false,"template":"","format":"standard","meta":{"_monsterinsights_skip_tracking":false,"_monsterinsights_sitenote_active":false,"_monsterinsights_sitenote_note":"","_monsterinsights_sitenote_category":0,"footnotes":""},"categories":[5],"tags":[96491,43675,96492,540],"class_list":["post-561382","post","type-post","status-publish","format-standard","has-post-thumbnail","hentry","category-estado-de-mexico","tag-cu-texcoco","tag-estado-de-mexico","tag-rurales","tag-texcoco"],"_links":{"self":[{"href":"https:\/\/www.diarioimagen.net\/index.php?rest_route=\/wp\/v2\/posts\/561382","targetHints":{"allow":["GET"]}}],"collection":[{"href":"https:\/\/www.diarioimagen.net\/index.php?rest_route=\/wp\/v2\/posts"}],"about":[{"href":"https:\/\/www.diarioimagen.net\/index.php?rest_route=\/wp\/v2\/types\/post"}],"author":[{"embeddable":true,"href":"https:\/\/www.diarioimagen.net\/index.php?rest_route=\/wp\/v2\/users\/3"}],"replies":[{"embeddable":true,"href":"https:\/\/www.diarioimagen.net\/index.php?rest_route=%2Fwp%2Fv2%2Fcomments&post=561382"}],"version-history":[{"count":0,"href":"https:\/\/www.diarioimagen.net\/index.php?rest_route=\/wp\/v2\/posts\/561382\/revisions"}],"wp:featuredmedia":[{"embeddable":true,"href":"https:\/\/www.diarioimagen.net\/index.php?rest_route=\/wp\/v2\/media\/561457"}],"wp:attachment":[{"href":"https:\/\/www.diarioimagen.net\/index.php?rest_route=%2Fwp%2Fv2%2Fmedia&parent=561382"}],"wp:term":[{"taxonomy":"category","embeddable":true,"href":"https:\/\/www.diarioimagen.net\/index.php?rest_route=%2Fwp%2Fv2%2Fcategories&post=561382"},{"taxonomy":"post_tag","embeddable":true,"href":"https:\/\/www.diarioimagen.net\/index.php?rest_route=%2Fwp%2Fv2%2Ftags&post=561382"}],"curies":[{"name":"wp","href":"https:\/\/api.w.org\/{rel}","templated":true}]}}