{"id":561413,"date":"2022-10-03T00:15:56","date_gmt":"2022-10-03T05:15:56","guid":{"rendered":"https:\/\/www.diarioimagen.net\/?p=561413"},"modified":"2022-10-03T00:11:22","modified_gmt":"2022-10-03T05:11:22","slug":"guacamaya-y-la-seguridad-nacional","status":"publish","type":"post","link":"https:\/\/www.diarioimagen.net\/?p=561413","title":{"rendered":"\u201cGuacamaya\u201d y la seguridad nacional"},"content":{"rendered":"<h2>Por la Derecha..!<\/h2>\n<h5>Luis \u00c1ngel Garc\u00eda<\/h5>\n<p>&nbsp;<\/p>\n<p>Somos curiosos los mexicanos, lo que en otro pa\u00eds hubiera representado una tragedia de seguridad nacional, aqu\u00ed nos vali\u00f3 madres la divulgaci\u00f3n de los documentos clasificados de la Sedena, v\u00edctima de un ataque cibern\u00e9tico. Lo menos importante fue lo relativo a la salud del Presidente \u2014no s\u00f3lo porque es un asunto estrictamente personal y no hay, aparentemente, motivos graves para pensar en un desenlace fat\u00eddico a mediano plazo, lo que s\u00ed hubiera representado un inminente problema de seguridad nacional\u2014, grave es la vulnerabilidad de los sistemas de informaci\u00f3n de la Secretar\u00eda de Defensa Nacional, \u00faltimo baluarte contra las amenazas externas y soporte de nuestra seguridad interior.<\/p>\n<p>La opini\u00f3n p\u00fablica se fue sobre lo banal, que, si el mandatario est\u00e1 enfermo, que si dejar\u00e1 el cargo, o si morir\u00e1 pronto, todo en el imaginario colectivo, pero pocos repararon en el tema sensible que es la seguridad interior, la seguridad nacional. El ataque cibern\u00e9tico del grupo Guacamaya vulner\u00f3, de entrada, la soberan\u00eda nacional, toda vez que se reconoci\u00f3 que los hackers actuaron desde el extranjero y realizaron similares espionajes en pa\u00edses como Chile, Colombia y El Salvador. Cabe se\u00f1alar que en Chile renunci\u00f3 un general de divisi\u00f3n, luego del esc\u00e1ndalo producido por Guacamaya y se abrieron investigaciones penales para esclarecer lo sucedido.<\/p>\n<p>Todav\u00eda no se sabe el alcance de la sustracci\u00f3n de informaci\u00f3n militar, pero el grado que sea pone en riesgo a toda la poblaci\u00f3n mexicana. No se trata del hackeo a un banco, donde las v\u00edctimas son sus cuentahabientes, ni si se interrumpe el sistema del SAT o de Compranet en alguna dependencia o si se \u201ccay\u00f3\u201d el sistema electoral en algunos comicios. Hablamos de informaci\u00f3n militar, informaci\u00f3n sensible sobre la seguridad f\u00edsica y de espacio a\u00e9reo de toda una naci\u00f3n.<\/p>\n<p>Con gran displicencia se dijo que los hackers hab\u00edan aprovechado la actualizaci\u00f3n del sistema inform\u00e1tico de la Sedena, qu\u00e9 oportuna casualidad, qu\u00e9 golpe de suerte tuvieron los nuevos Anonymous al acertar en invadir las computadoras de los militares el d\u00eda en que hac\u00edan su mudanza. Es un pueril argumento, sobre todo cuando dicen que invierten mil quinientos millones de pesos en protecci\u00f3n tecnol\u00f3gica.<\/p>\n<p>Queda la impresi\u00f3n de que los alcanz\u00f3 la austeridad republicana y nunca previeron la importancia de mantener un escudo protector de la informaci\u00f3n privilegiada.\u00a0 M\u00e1s preocupados por tener infraestructura o materiales para el sinf\u00edn de actividades extra castrenses que les han encomendado, como arquitectos y alba\u00f1iles, agentes migratorios o aduanales, administradores de aeropuertos o garitas, directores de seguridad p\u00fablica en los estados, transportistas, lo mismo, de combustibles, vacunas o medicinas, alg\u00fan arrastra l\u00e1piz oficioso decidi\u00f3 disminuir el presupuesto para la prevenci\u00f3n de riesgos. Porque ser\u00eda inadmisible la actitud omisa de la jerarqu\u00eda verde olivo que, por soberbia, pensara que aqu\u00ed \u201ceso nunca va a pasar\u201d.<\/p>\n<p>Por otra parte, en el \u00e1rea civil tambi\u00e9n deben estar preocupados en el \u201ccuarto de guerra\u201d analizando el control de da\u00f1os. El gobierno federal mostr\u00f3 sus flaquezas y debilidades, por lo que debe ocuparse en blindar los servicios de inteligencia del Estado. Lo que sucedi\u00f3 con las fuerzas armadas encendi\u00f3 los focos rojos en \u00e1reas sensibles como lo que queda del Cisen, la inteligencia naval, las polic\u00edas cibern\u00e9ticas y otras dependencias sustantivas de informaci\u00f3n pol\u00edtica. Tal vez no lo perciban, pero est\u00e1 en riesgo la gobernanza del pa\u00eds. No s\u00f3lo es la amenaza del crimen organizado, ya vimos que tambi\u00e9n desde el exterior podemos sufrir ataques letales, sin que haya un s\u00f3lo disparo.<\/p>\n<p>Las autoridades no deben minimizar las acciones de Guacamaya, que en una amenaza m\u00e1s a la gobernabilidad, hasta pidi\u00f3 en WhatsApp la cabeza del Presidente y no por motivos de salud.<\/p>\n","protected":false},"excerpt":{"rendered":"<p><span style=\"color: #005497;\"><strong>Luis \u00c1ngel Garc\u00eda<\/strong><\/span><\/p>\n","protected":false},"author":3,"featured_media":0,"comment_status":"open","ping_status":"open","sticky":false,"template":"","format":"standard","meta":{"_monsterinsights_skip_tracking":false,"_monsterinsights_sitenote_active":false,"_monsterinsights_sitenote_note":"","_monsterinsights_sitenote_category":0,"footnotes":""},"categories":[92115],"tags":[92117,43674,92116],"class_list":["post-561413","post","type-post","status-publish","format-standard","hentry","category-luis-angel-garcia","tag-luis-angel-garcia","tag-opinion","tag-por-la-derecha"],"_links":{"self":[{"href":"https:\/\/www.diarioimagen.net\/index.php?rest_route=\/wp\/v2\/posts\/561413","targetHints":{"allow":["GET"]}}],"collection":[{"href":"https:\/\/www.diarioimagen.net\/index.php?rest_route=\/wp\/v2\/posts"}],"about":[{"href":"https:\/\/www.diarioimagen.net\/index.php?rest_route=\/wp\/v2\/types\/post"}],"author":[{"embeddable":true,"href":"https:\/\/www.diarioimagen.net\/index.php?rest_route=\/wp\/v2\/users\/3"}],"replies":[{"embeddable":true,"href":"https:\/\/www.diarioimagen.net\/index.php?rest_route=%2Fwp%2Fv2%2Fcomments&post=561413"}],"version-history":[{"count":0,"href":"https:\/\/www.diarioimagen.net\/index.php?rest_route=\/wp\/v2\/posts\/561413\/revisions"}],"wp:attachment":[{"href":"https:\/\/www.diarioimagen.net\/index.php?rest_route=%2Fwp%2Fv2%2Fmedia&parent=561413"}],"wp:term":[{"taxonomy":"category","embeddable":true,"href":"https:\/\/www.diarioimagen.net\/index.php?rest_route=%2Fwp%2Fv2%2Fcategories&post=561413"},{"taxonomy":"post_tag","embeddable":true,"href":"https:\/\/www.diarioimagen.net\/index.php?rest_route=%2Fwp%2Fv2%2Ftags&post=561413"}],"curies":[{"name":"wp","href":"https:\/\/api.w.org\/{rel}","templated":true}]}}