{"id":561419,"date":"2022-10-03T00:04:53","date_gmt":"2022-10-03T05:04:53","guid":{"rendered":"https:\/\/www.diarioimagen.net\/?p=561419"},"modified":"2022-10-03T00:19:45","modified_gmt":"2022-10-03T05:19:45","slug":"grupo-guacamaya","status":"publish","type":"post","link":"https:\/\/www.diarioimagen.net\/?p=561419","title":{"rendered":"Grupo Guacamaya"},"content":{"rendered":"<h2>Desde el portal<\/h2>\n<h5>\u00c1ngel Soriano<\/h5>\n<p><strong>\u00a0<\/strong><\/p>\n<p>Aunque se ha restado importancia a los documentos extra\u00eddos de la secretar\u00eda de la Defensa Nacional, la vulnerabilidad de nuestras instituciones ha sido demostrada y se presta a manejos pol\u00edticos tendenciosos -como es la intenci\u00f3n-, dado el anonimato con los que se realizan este tipo de acciones aprovechando las ventajas de la extraordinaria tecnolog\u00eda vigente.<\/p>\n<p>Sin m\u00e1s sustento que los padecimientos normales a consecuencia de la edad, el citado grupo Guacamaya ha exigido la renuncia del Presidente, cuando constitucionalmente no corresponde a un cargo de elecci\u00f3n popular y carece de fundamento para pretender desestabilizar las instituciones, m\u00e1s que el simple rumor, sin banderas sociales ni sustento ideol\u00f3gico.<\/p>\n<p>Sin embargo, demuestra que la lucha no es s\u00f3lo en los partidos, el Congreso y las leyes para una confrontaci\u00f3n civilizada, sino que es con la m\u00e1s alta tecnolog\u00eda capaz de irrumpir en las instituciones armadas \u2014El Salvador, Guatemala, Per\u00fa\u2014, creados para la defensa de su territorio pero que al igual que cualquier particular, est\u00e1 expenso a este tipo de ataques.<\/p>\n<p>Con todo el poder acumulado, la experiencia y disciplina de d\u00e9cadas, con los recursos adicionales a su disposici\u00f3n, nuestro instituto armado ha sido v\u00edctima de la delincuencia cibern\u00e9tica, igual que como han sido los Estados Unidos y otros pa\u00edses, por lo que ya no hay para d\u00f3nde hacerse, m\u00e1s que manejarse con transparencia y honestidad.<\/p>\n<p style=\"text-align: center;\"><strong>TURBULENCIAS<br \/>\nHomenaje al gobernador Murat<\/strong><\/p>\n<p>En Huatulco, el presidente Andr\u00e9s Manuel L\u00f3pez Obrador anunci\u00f3 que el 25 de noviembre regresar\u00e1 a la costa oaxaque\u00f1a a supervisar las obras en marcha y el reparto de apoyos a los damnificados del hurac\u00e1n Agtha, enseres que no han podido ser entregados por problemas de los proveedores con los suministros, pero tambi\u00e9n a hacer un reconocimiento a la administraci\u00f3n del gobernador Alejandro Murat, que concluye su periodo cinco d\u00edas despu\u00e9s. Sus adversarios protestaron, pero el hecho se da en medio de la disputa por los restos del PRI y las candidaturas de los partidos a la Presidencia de la Rep\u00fablica y en donde el actual mandatario tiene d\u00f3nde elegir. Su posici\u00f3n a nivel nacional, no s\u00f3lo como presidente de la Conago, sino por su trabajo pol\u00edtico, es innegable y tendr\u00e1 todav\u00eda m\u00e1s tela de d\u00f3nde cortar a partir de terminar su periodo, exitosamente, si es que se concluyen en tiempo las obras en marcha que fueron supervisadas por el Ejecutivo Federal este semana\u2026 Con destrozos y pintas a comercio, se celebr\u00f3 el 2 de Octubre de 1968, fecha hist\u00f3rica que es motivo de desmanes. El Centro Hist\u00f3rico de la ciudad de M\u00e9xico fue blindado previamente para evitar da\u00f1os a sus edificios que forman del patrimonio cultural de la humanidad y que ser\u00e1n quitados una vez que pasen estas fechas, pero de ninguna manera formar\u00e1n parte de ser una ciudad amurallada como lo indican los partidarios de la destrucci\u00f3n de nuestras bellezas arquitect\u00f3nicas, incluyendo el Palacio Virreinal\u2026 Est\u00e1 por verse en qu\u00e9 terminar\u00e1 la pugna pol\u00edtica y policiaca entre los gobernadores de Tamaulipas, el saliente Francisco Javier Garc\u00eda Cabeza y el entrante Am\u00e9rico Villarreal, cuando ambos se acusan de enriquecimiento con recursos de procedencia il\u00edcita y de nexos con el narcotr\u00e1fico. Ambos utilizan el aparato gubernamental para sus rencillas m\u00e1s all\u00e1 de buscar la tranquilidad de un productivo estado dominado por la delincuencia organizada desde hace d\u00e9cadas\u2026 En Quintana Roo, la gobernadora Mara Lezama dio marcha atr\u00e1s en la designaci\u00f3n de Manelich Quintero, mando de la cuestionada Polic\u00eda Federal, y fue sustituido por Rub\u00e9n Oyarvide Pedrero, su antiguo jefe policiaco como alcaldesa de Canc\u00fan, sin descartarse que en \u00e9ste existan diferencias entre la Marina y el Ej\u00e9rcito como ha quedado al descubierto con la filtraci\u00f3n de documentos de la Sedena.<\/p>\n<p><u><a href=\"mailto:asorianocarrasco@yahoo.com\" target=\"_blank\" rel=\"noopener noreferrer\"><em>asorianocarrasco@yahoo.com<\/em><\/a><br \/>\n<em><a href=\"https:\/\/revistabrecha.com\" target=\"_blank\" rel=\"noopener noreferrer\">www.revistabrecha.com<\/a><br \/>\n<\/em><\/u><em>facebook oficial <a href=\"https:\/\/es-la.facebook.com\/RevistaBrecha.Oficial\" target=\"_blank\" rel=\"noopener\">@BrechaRevista<\/a><\/em><\/p>\n","protected":false},"excerpt":{"rendered":"<p><span style=\"color: #005497;\"><strong>\u00c1ngel Soriano<\/strong><\/span><\/p>\n","protected":false},"author":3,"featured_media":0,"comment_status":"open","ping_status":"open","sticky":false,"template":"","format":"standard","meta":{"_monsterinsights_skip_tracking":false,"_monsterinsights_sitenote_active":false,"_monsterinsights_sitenote_note":"","_monsterinsights_sitenote_category":0,"footnotes":""},"categories":[135],"tags":[85,86,43674],"class_list":["post-561419","post","type-post","status-publish","format-standard","hentry","category-angel-soriano-opinion","tag-angel-soriano","tag-desde-el-portal","tag-opinion"],"_links":{"self":[{"href":"https:\/\/www.diarioimagen.net\/index.php?rest_route=\/wp\/v2\/posts\/561419","targetHints":{"allow":["GET"]}}],"collection":[{"href":"https:\/\/www.diarioimagen.net\/index.php?rest_route=\/wp\/v2\/posts"}],"about":[{"href":"https:\/\/www.diarioimagen.net\/index.php?rest_route=\/wp\/v2\/types\/post"}],"author":[{"embeddable":true,"href":"https:\/\/www.diarioimagen.net\/index.php?rest_route=\/wp\/v2\/users\/3"}],"replies":[{"embeddable":true,"href":"https:\/\/www.diarioimagen.net\/index.php?rest_route=%2Fwp%2Fv2%2Fcomments&post=561419"}],"version-history":[{"count":0,"href":"https:\/\/www.diarioimagen.net\/index.php?rest_route=\/wp\/v2\/posts\/561419\/revisions"}],"wp:attachment":[{"href":"https:\/\/www.diarioimagen.net\/index.php?rest_route=%2Fwp%2Fv2%2Fmedia&parent=561419"}],"wp:term":[{"taxonomy":"category","embeddable":true,"href":"https:\/\/www.diarioimagen.net\/index.php?rest_route=%2Fwp%2Fv2%2Fcategories&post=561419"},{"taxonomy":"post_tag","embeddable":true,"href":"https:\/\/www.diarioimagen.net\/index.php?rest_route=%2Fwp%2Fv2%2Ftags&post=561419"}],"curies":[{"name":"wp","href":"https:\/\/api.w.org\/{rel}","templated":true}]}}