{"id":561425,"date":"2022-10-03T00:08:58","date_gmt":"2022-10-03T05:08:58","guid":{"rendered":"https:\/\/www.diarioimagen.net\/?p=561425"},"modified":"2022-10-03T00:25:45","modified_gmt":"2022-10-03T05:25:45","slug":"alianza-va-por-mexico-sin-reconciliacion","status":"publish","type":"post","link":"https:\/\/www.diarioimagen.net\/?p=561425","title":{"rendered":"Alianza Va por M\u00e9xico, \u00bfsin reconciliaci\u00f3n?"},"content":{"rendered":"<h2>Punto por punto<\/h2>\n<h5>Augusto Corro<\/h5>\n<p>&nbsp;<\/p>\n<p>La alianza Va por M\u00e9xico, integrada por PAN, PRI y PRD, parece que avanza sin rumbo en la lucha pol\u00edtica.<\/p>\n<p>Los tres partidos se unieron para enfrentar al lopezobradorismo. No les funcion\u00f3.<\/p>\n<p>Por ejemplo, en el rengl\u00f3n electoral, apenas si lograron conseguir alg\u00fan triunfo. As\u00ed se vio en las recientes elecciones.<\/p>\n<p>La unidad pol\u00edtica se vio obstaculizada por la ambici\u00f3n de sus l\u00edderes.<\/p>\n<p>En este caso, el ex gobernador y dirigente del PRI, Alejandro \u201cAlito\u201d Moreno puso el desorden.<\/p>\n<p>Como parte de la lucha aliancista, estaba la de paralizar las actividades partidistas en la C\u00e1mara de Diputados.<\/p>\n<p>Una especie de huelga de la oposici\u00f3n. El tricolor no respet\u00f3 el acuerdo; pues \u201cAlito\u201d apoy\u00f3 una iniciativa para ampliar la presencia del Ej\u00e9rcito en las calles.<\/p>\n<p>Se suspendieron las actividades de Va por M\u00e9xico y la amistad entre los dirigentes de la oposici\u00f3n se enfri\u00f3.<\/p>\n<p>Fue hasta ayer s\u00e1bado, cuando los tres l\u00edderes, Marko Cort\u00e9s, Jes\u00fas Zambrano \u201cEl Chucho\u201d y Alejandro \u201cAlito\u201d Moreno coincidieron en la toma de protesta de Tere Jim\u00e9nez, como gobernadora de Aguascalientes.<\/p>\n<p>En el sal\u00f3n de actos se sentaron juntos Marko Cort\u00e9s, del PAN; y Jes\u00fas Zambrano, del PRD. A \u201cAlito\u201d le consiguieron lugar filas atr\u00e1s.<\/p>\n<p style=\"text-align: center;\"><strong>\u201cAlito\u201d, abucheado<\/strong><\/p>\n<p>En la mencionada ceremonia el dirigente priista fue abucheado hasta en dos ocasiones. \u00bfFue un mensaje para \u201cAlito\u201d?<\/p>\n<p>La alianza Va por M\u00e9xico surgi\u00f3 con la esperanza de enfrentar con \u00e9xito la pol\u00edtica lopezobradorista, pero fracas\u00f3.<\/p>\n<p>En las candidaturas, los tres partidos opositores participaban con candidato \u00fanico. La t\u00e1ctica no les funcion\u00f3.<\/p>\n<p>Ante la falta de estrategia que les consiga triunfos el panorama de la oposici\u00f3n se vuelve sombr\u00edo.<\/p>\n<p>La traici\u00f3n de \u201cAlito\u201d fue un clavo m\u00e1s al ata\u00fad de la derrota en la que se encuentran sumidos los partidos opositores.<\/p>\n<p>La alianza partidista presentaba una posible fuerza pol\u00edtica con un l\u00edder priista con un pasado turbio por decirlo amablemente.<\/p>\n<p>En los c\u00edrculos pol\u00edticos se comenta que \u201cAlito\u201d se solidariz\u00f3 con Morena (PRIMOR) para apoyar al PRI en San L\u00e1zaro, debido a las presiones que se ejerc\u00edan en su contra: Es decir, apoyo o c\u00e1rcel.<\/p>\n<p>Como se inform\u00f3 en este espacio, el tambi\u00e9n diputado Alejandro Moreno fue acusado ante la Fiscal\u00eda General de la Rep\u00fablica (FGR) por los delitos relacionados con el enriquecimiento il\u00edcito, lavado de dinero, corrupci\u00f3n, etc.<\/p>\n<p>As\u00ed pues, \u201cAlito\u201d no ten\u00eda muchas salidas.<\/p>\n<p style=\"text-align: center;\"><strong>En el PRI<\/strong><\/p>\n<p>En el Revolucionario Institucional, el propio dirigente es factor de divisionismo. La plana mayor de los pol\u00edticos tricolores ya le pidieron su renuncia.<\/p>\n<p>Sin embargo, \u201cAlito\u201d les dijo que no renunciar\u00e1 y que seguir\u00e1 al frente del partido hasta que termine el tiempo de su cargo.<\/p>\n<p>La situaci\u00f3n pol\u00edtica se complicar\u00e1 para el PRI y su dirigente, porque tiene en puerta dos elecciones estatales y las presidenciales.<\/p>\n<p>En la desorganizaci\u00f3n que priva en el tricolor, se empezaron a manejar los nombres de presuntos aspirantes a la contienda electoral presidencial de 2024.<\/p>\n<p>Entre los que alzaron la mano se encuentran Beatriz Paredes, Enrique de la Madrid, Alejandro Moreno y otros.<\/p>\n<p>Tambi\u00e9n \u201cAlito\u201d dijo que quiere ser candidato.<\/p>\n<p>Pero el pr\u00f3ximo a\u00f1o habr\u00e1 elecciones estatales en Coahuila y Estado de M\u00e9xico. Se votar\u00e1 por un nuevo gobernador.<\/p>\n<p>\u00bfCu\u00e1l ser\u00e1 la actitud de los priistas? No olvidar que se trata de una entidad eminente priista que una alianza de la oposici\u00f3n podr\u00eda preocupar a los morenistas.<\/p>\n<p>Por el momento, en Acci\u00f3n Nacional ya \u201cdestaparon\u201d a Enrique Vargas del Villar como su posible candidato. \u00bfEsto quiere decir que el PAN no participar\u00e1 en la alianza Va por M\u00e9xico?<\/p>\n<p>El PRD, en voz de Jes\u00fas Zambrano, su l\u00edder, anunci\u00f3 que Omar Ortega ser\u00e1 su candidato a la gubernatura.<\/p>\n<p>En el PRI, son dos mujeres las que aspiran a la candidatura estatal: Ana Lilia Herrera Anzaldo y Alejandra del Moral Vela.<\/p>\n<p>Cabe se\u00f1alar que Ana Lilia Herrera Anzaldo se encuentra mejor posicionada en el electorado mexiquense.<\/p>\n<p>El senador Juan Zepeda Hern\u00e1ndez ser\u00e1 el representante de Movimiento Ciudadano en la mencionada contienda electoral.<\/p>\n<p>\u00bfY en la alianza Va por M\u00e9xico habr\u00e1 reconciliaci\u00f3n?<\/p>\n<p>\u00bfUsted qu\u00e9 opina amable lector?<\/p>\n<p><em><a href=\"mailto:aco2742@hotmail.com\" target=\"_blank\" rel=\"noopener noreferrer\">aco2742@hotmail.com<\/a><\/em><\/p>\n","protected":false},"excerpt":{"rendered":"<p><span style=\"color: #005497;\"><strong>Augusto Corro<\/strong><\/span><\/p>\n","protected":false},"author":3,"featured_media":0,"comment_status":"open","ping_status":"open","sticky":false,"template":"","format":"standard","meta":{"_monsterinsights_skip_tracking":false,"_monsterinsights_sitenote_active":false,"_monsterinsights_sitenote_note":"","_monsterinsights_sitenote_category":0,"footnotes":""},"categories":[157],"tags":[43686,43674,11515],"class_list":["post-561425","post","type-post","status-publish","format-standard","hentry","category-augusto-corro","tag-augusto-corro","tag-opinion","tag-punto-por-punto"],"_links":{"self":[{"href":"https:\/\/www.diarioimagen.net\/index.php?rest_route=\/wp\/v2\/posts\/561425","targetHints":{"allow":["GET"]}}],"collection":[{"href":"https:\/\/www.diarioimagen.net\/index.php?rest_route=\/wp\/v2\/posts"}],"about":[{"href":"https:\/\/www.diarioimagen.net\/index.php?rest_route=\/wp\/v2\/types\/post"}],"author":[{"embeddable":true,"href":"https:\/\/www.diarioimagen.net\/index.php?rest_route=\/wp\/v2\/users\/3"}],"replies":[{"embeddable":true,"href":"https:\/\/www.diarioimagen.net\/index.php?rest_route=%2Fwp%2Fv2%2Fcomments&post=561425"}],"version-history":[{"count":0,"href":"https:\/\/www.diarioimagen.net\/index.php?rest_route=\/wp\/v2\/posts\/561425\/revisions"}],"wp:attachment":[{"href":"https:\/\/www.diarioimagen.net\/index.php?rest_route=%2Fwp%2Fv2%2Fmedia&parent=561425"}],"wp:term":[{"taxonomy":"category","embeddable":true,"href":"https:\/\/www.diarioimagen.net\/index.php?rest_route=%2Fwp%2Fv2%2Fcategories&post=561425"},{"taxonomy":"post_tag","embeddable":true,"href":"https:\/\/www.diarioimagen.net\/index.php?rest_route=%2Fwp%2Fv2%2Ftags&post=561425"}],"curies":[{"name":"wp","href":"https:\/\/api.w.org\/{rel}","templated":true}]}}