{"id":561437,"date":"2022-10-03T00:07:57","date_gmt":"2022-10-03T05:07:57","guid":{"rendered":"https:\/\/www.diarioimagen.net\/?p=561437"},"modified":"2022-10-03T00:34:03","modified_gmt":"2022-10-03T05:34:03","slug":"el-2-de-octubre-lo-que-no-se-olvida-es-respetar-el-descanso-dominical","status":"publish","type":"post","link":"https:\/\/www.diarioimagen.net\/?p=561437","title":{"rendered":"El 2 de octubre lo que no se olvida es respetar el descanso dominical"},"content":{"rendered":"<h2>Clase Pol\u00edtica<\/h2>\n<h5>Miguel \u00c1ngel Rivera<\/h5>\n<p><strong>\u00a0<\/strong><\/p>\n<p>El punto sobresaliente de la marcha por el 64 aniversario de los sucesos violentos de Tlatelolco fue una justificada protesta contra la militarizaci\u00f3n del pa\u00eds.<\/p>\n<p>No podr\u00eda ser de otra forma. Los entonces j\u00f3venes dirigentes del Consejo Nacional de Huelga (CNH) y los maestros que los acompa\u00f1aron en aquellas protestas sufrieron una de las peores represiones que se han registrado en M\u00e9xico, con un n\u00famero todav\u00eda indeterminado de muertos, encarcelamiento de miles de personas y \u201cdesapariciones\u201d (ahora se le agrega el t\u00e9rmino \u201cforzadas\u201d) de otro n\u00famero no preciso de v\u00edctimas.<\/p>\n<p>En todas esas acciones, la balacera en la Plaza de las Tres Culturas de Tlatelolco, el encarcelamiento de los l\u00edderes del movimiento, muchos de los cuales pasaron por el Campo Militar N\u00famero Uno y las \u201cdesapariciones\u201d durante la llamada guerra sucia tuvieron participaci\u00f3n de unidades militares, aunque supuestamente en cumplimiento de \u00f3rdenes de autoridades civiles; en algunos casos, se supone que directamente del Presidente de la Rep\u00fablica en turno, que es el jefe superior de las fuerzas armadas.<\/p>\n<p>Por eso, la justificada protesta contra la militarizaci\u00f3n del pa\u00eds.<\/p>\n<p>Lo que una nota informativa aparecida en el portal del diario <strong><em>La Jornada <\/em><\/strong>se define como una \u201cenf\u00e1tica oposici\u00f3n\u201d a que el Ej\u00e9rcito contin\u00fae con las labores de seguridad p\u00fablica, el Comit\u00e9 68 Pro Libertades Democr\u00e1ticas, as\u00ed como organizaciones estudiantiles, sindicales y populares, concluyeron su movilizaci\u00f3n en el marco del 54 aniversario de la matanza del 2 de octubre de 1968 en Tlatelolco.<\/p>\n<p>De acuerdo con esa informaci\u00f3n, los oradores del mitin en el Z\u00f3calo con el que concluy\u00f3 la marcha por calles c\u00e9ntricas de la capital del pa\u00eds y que sali\u00f3 precisamente de la mencionada Plaza de las Tres Culturas, reiteraron que su lucha \u201chist\u00f3rica es contra la impunidad\u201d. Tambi\u00e9n destacaron que, a pesar de los a\u00f1os, existen elementos suficientes para acceder a la justicia contra los perpetradores de la masacre contra el movimiento estudiantil. \u201cLos nombres y cargos de los perpetradores est\u00e1n ah\u00ed\u201d.<\/p>\n<p>Al expresar su rechazo a la militarizaci\u00f3n, los oradores reiteraron: \u201cNo le hacemos el juego a la derecha ni a nadie, somos consistentes en insistir en que el Ej\u00e9rcito mexicano ha cometido de manera reiterada y sistem\u00e1tica graves violaciones a los derechos humanos\u201d.<\/p>\n<p>Agregaron que \u201cla persecuci\u00f3n, la detenci\u00f3n extra judicial, la desaparici\u00f3n forzada, la tortura, los tratos crueles e inhumanos, la violaci\u00f3n y la ejecuci\u00f3n, son el com\u00fan denominador en la larga lista de agravios contra el pueblo\u201d.<\/p>\n<p>Por ello result\u00f3 l\u00f3gico el rechazo a la consulta anunciada por el presidente Andr\u00e9s Manuel L\u00f3pez Obrador para respaldar su intento de ampliar el mando de la Secretar\u00eda de la Defensa Nacional sobre la Guardia Nacional . \u201cEs una simulaci\u00f3n para legitimar la militarizaci\u00f3n del pa\u00eds, con un instrumento a modo\u201d, dijeron los oradores en el Z\u00f3calo, quienes, por supuesto, tambi\u00e9n se manifestaron contra la reforma constitucional que se prepara en el Senado .<\/p>\n<p>Adem\u00e1s, recordaron que est\u00e1 pendiente de satisfacer su demanda de justicia y reparaci\u00f3n del da\u00f1o por la matanza del 68. En particular,\u00a0 lamentaron que la Fiscal\u00eda General de la Rep\u00fablica clasificara como confidencial por cinco a\u00f1os, informaci\u00f3n referente \u201ca las 450 averiguaciones previas\u201d iniciada por la Fiscal\u00eda Especializada para Movimiento Sociales y Pol\u00edticos del Pasado (FEMOSPP), \u201clo que pretende lapidar el acceso a la justicia para m\u00e1s de 500 desaparecidos por motivos pol\u00edticos\u201d, as\u00ed como en los casos del 2 de octubre de 1968, 10 de junio de 1971 y el periodo de contrainsurgencia conocido como la guerra sucia.<\/p>\n<p>Hasta all\u00ed todo bien. Lo lamentable fue la escasa concurrencia. De acuerdo con cifras \u201coficiales\u201d, dadas a conocer por el secretario de Gobierno de Ciudad de M\u00e9xico, Mart\u00ed Batres Guadarrama, la marcha por el 2 de octubre apenas congreg\u00f3 cuatro mil personas.<\/p>\n<p>A pesar de reportes acerca de algunos intentos de grupos radicales de generar actos de violencia (entre ellos el estallido de cohetones cerca de Palacio Nacional), el funcionario destac\u00f3, por medio de su cuenta de Twitter que la marcha concluy\u00f3 con saldo blanco. Adem\u00e1s asegur\u00f3 que \u201cno hubo enfrentamiento alguno\u201d.<\/p>\n<p>Antes, Batres Guadarrama hab\u00eda informado que se hab\u00eda decomisado una mochila que conten\u00eda bombas molotov que se ten\u00eda planeado usar durante la manifestaci\u00f3n: \u201cHay unas 40 personas embozadas con mochilas cargadas\u201d.<\/p>\n<p>Hay por lo menos dos explicaciones de la baja asistencia a la marcha.<\/p>\n<p>Una, es el paso del tiempo, son pocos los sobrevivientes de aquellas jornadas y lo que quedan, tal vez ya no tengan condiciones f\u00edsicas para participar en este tipo de eventos.<\/p>\n<p>Segunda, que muchos de los luchadores de izquierda en M\u00e9xico (no s\u00e9 si en otras naciones) respetan totalmente la \u201csemana inglesa\u201d.<\/p>\n<p>Record\u00e9 que hace a\u00f1os, durante una huelga universitaria, mi jefe de informaci\u00f3n me orden\u00f3 un domingo hacer una nota informativa acerca de las actividades de las \u201cguardias\u201d que resguardaban la Ciudad Universitaria. Como buen reportero novato, inform\u00e9 que \u201cno hab\u00eda nota\u201d. Efectivamente, no encontr\u00e9 en ninguno de los edificios universitarios uno solo de los j\u00f3venes que supuestamente estaban comisionados para evitar la entrada de extra\u00f1os y de evitar latrocinios de los que luego fueran responsabilizados los huelguistas.<\/p>\n<p style=\"text-align: center;\"><strong>Empieza pasarela de aspirantes presidenciales del PAN<\/strong><\/p>\n<p>Hace menos de una semana, la dirigencia nacional del PRI, encabezada por Alejandro \u201cAlito\u201d Moreno C\u00e1rdenas, revivi\u00f3 las pasarelas de precandidatos presidenciales y ahora es el Comit\u00e9 Ejecutivo Nacional del PAN, presidido por Marko Cort\u00e9s Mendoza, el que abri\u00f3 el proceso para que se empiecen a promocionar sus cuadros con posibilidades de competir por el gobierno de la Rep\u00fablica.<\/p>\n<p>De hecho, la pasarela fue anunciada desde el pasado 29 de agosto, durante la reuni\u00f3n plenaria del grupo parlamentario de Acci\u00f3n Nacional en el Senado, efectuada en la capital de Quer\u00e9taro.<\/p>\n<p>Desde esa ocasi\u00f3n, el dirigente nacional del PAN se\u00f1al\u00f3 que el evento estaba destinado a no militantes de su partido, con la finalidad de dejar en claro que hay otros m\u00e9todos para gobernar y con mejores resultados.<\/p>\n<p>Los invitados de honor son los pol\u00edticos considerados como las fuertes por las que el panismo apuesta rumbo a la renovaci\u00f3n presidencial. Se trata de los gobernadores de Yucat\u00e1n, Mauricio Vila; y de Quer\u00e9taro, Mauricio Kuri; la gobernadora de Chihuahua, Maru Campos; el presidente de la C\u00e1mara de Diputados, Santiago Creel; y el diputado y ex gobernador de Guanajuato, Juan Carlos Romero Hicks.<\/p>\n<p>Para este primer foro no fueron convocados ni el ex candidato presidencial ahora autoexiliado Ricardo Anaya ni la senadora Lilly T\u00e9llez, quien desde el mencionado evento de Quer\u00e9taro confirm\u00f3 que aspira a la primera magistratura de la naci\u00f3n.<\/p>\n<p>Por el contrario, aunque muchos de sus correligionarios lo consideran como uno de los precandidatos con mayores posibilidades y con capacidad para desempe\u00f1ar el cargo, el gobernador de Yucat\u00e1n, Mauricio Vila, sostuvo que nunca se ha pronunciado sobre ese tema, pero que consideraba el evento de ayer como una gran oportunidad para \u201cpresumir\u201d los logros de los gobiernos panistas.<\/p>\n<p>De acuerdo con algunos observadores, ninguno de los aspirantes aventaj\u00f3 a los otros cuatro presidenciables, en el foro efectuado en el World Trade Center de la Ciudad de M\u00e9xico, que ha sido escenario de otros importantes eventos pol\u00edticos y sociales.<\/p>\n<p>En ese que es el primer evento de su tipo, pues la dirigencia del PAN tiene planeado realizar varios m\u00e1s, que comprendan las cinco circunscripciones en las cuales est\u00e1 dividido el territorio nacional para efectos electorales. Los foros llevan por t\u00edtulo \u201cPor un M\u00e9xico Mejor, s\u00ed hay de otra\u201d.<\/p>\n<p>En este primer encuentro, los presidenciables y dirigentes del PAN hicieron un llamado a consolidar\u00a0 la unidad en la oposici\u00f3n, con la finalidad de conformar un gran polo rumbo al 2024 que vaya de la mano en primera l\u00ednea con la ciudadan\u00eda.<\/p>\n<p>Vila, Campos, Romero y Creel convocaron a la unidad en la oposici\u00f3n, a fin integrar un gran polo rumbo al 2024 que vaya de la mano con la ciudadan\u00eda para lograr el cambio.<\/p>\n<p>Eso ser\u00e1 en la siguiente etapa, luego de sus respectivas paralelas, PRI y PAN deber\u00e1n decidir si mantienen la alianza opositora y qui\u00e9n ser\u00e1 el candidato com\u00fan.<\/p>\n<p><em><a href=\"mailto:riparcangel@hotmail.com\" target=\"_blank\" rel=\"noopener noreferrer\">riparcangel@hotmail.com<\/a><\/em><\/p>\n","protected":false},"excerpt":{"rendered":"<p><span style=\"color: #005497;\"><strong>Miguel \u00c1ngel Rivera<\/strong><\/span<\/span><\/p>\n","protected":false},"author":3,"featured_media":0,"comment_status":"open","ping_status":"open","sticky":false,"template":"","format":"standard","meta":{"_monsterinsights_skip_tracking":false,"_monsterinsights_sitenote_active":false,"_monsterinsights_sitenote_note":"","_monsterinsights_sitenote_category":0,"footnotes":""},"categories":[84119],"tags":[84120,84121,43674],"class_list":["post-561437","post","type-post","status-publish","format-standard","hentry","category-miguel-angel-rivera","tag-clase-politica","tag-miguel-angel-rivera","tag-opinion"],"_links":{"self":[{"href":"https:\/\/www.diarioimagen.net\/index.php?rest_route=\/wp\/v2\/posts\/561437","targetHints":{"allow":["GET"]}}],"collection":[{"href":"https:\/\/www.diarioimagen.net\/index.php?rest_route=\/wp\/v2\/posts"}],"about":[{"href":"https:\/\/www.diarioimagen.net\/index.php?rest_route=\/wp\/v2\/types\/post"}],"author":[{"embeddable":true,"href":"https:\/\/www.diarioimagen.net\/index.php?rest_route=\/wp\/v2\/users\/3"}],"replies":[{"embeddable":true,"href":"https:\/\/www.diarioimagen.net\/index.php?rest_route=%2Fwp%2Fv2%2Fcomments&post=561437"}],"version-history":[{"count":0,"href":"https:\/\/www.diarioimagen.net\/index.php?rest_route=\/wp\/v2\/posts\/561437\/revisions"}],"wp:attachment":[{"href":"https:\/\/www.diarioimagen.net\/index.php?rest_route=%2Fwp%2Fv2%2Fmedia&parent=561437"}],"wp:term":[{"taxonomy":"category","embeddable":true,"href":"https:\/\/www.diarioimagen.net\/index.php?rest_route=%2Fwp%2Fv2%2Fcategories&post=561437"},{"taxonomy":"post_tag","embeddable":true,"href":"https:\/\/www.diarioimagen.net\/index.php?rest_route=%2Fwp%2Fv2%2Ftags&post=561437"}],"curies":[{"name":"wp","href":"https:\/\/api.w.org\/{rel}","templated":true}]}}