{"id":561501,"date":"2022-10-04T00:01:10","date_gmt":"2022-10-04T05:01:10","guid":{"rendered":"https:\/\/www.diarioimagen.net\/?p=561501"},"modified":"2022-10-04T23:57:38","modified_gmt":"2022-10-05T04:57:38","slug":"llama-conatrib-a-continuar-el-trabajo-contra-la-violencia-de-genero","status":"publish","type":"post","link":"https:\/\/www.diarioimagen.net\/?p=561501","title":{"rendered":"Llama Conatrib a continuar el trabajo contra la violencia de g\u00e9nero"},"content":{"rendered":"<p>&nbsp;<\/p>\n<ul>\n<li><em><strong>Con la representaci\u00f3n del presidente de la Conatrib, mag. Rafael Guerra \u00c1lvarez, la mag. Leticia Rocha Licea as\u00ed lo estableci\u00f3 en la inauguraci\u00f3n del taller Agenda para la implementaci\u00f3n del Pacto Nacional por la Justicia de G\u00e9nero<\/strong><\/em><\/li>\n<\/ul>\n<p>&nbsp;<\/p>\n<div id=\"attachment_561503\" style=\"width: 470px\" class=\"wp-caption aligncenter\"><img loading=\"lazy\" decoding=\"async\" aria-describedby=\"caption-attachment-561503\" class=\"size-full wp-image-561503\" src=\"https:\/\/www.diarioimagen.net\/wp-content\/uploads\/2022\/10\/tribunal-1.jpg\" alt=\"\" width=\"460\" height=\"270\" \/><p id=\"caption-attachment-561503\" class=\"wp-caption-text\">La mag. Leticia Rocha Licea afirm\u00f3 que es necesario impactar \u201cen nuestra madurez cultural y la convivencia entre los g\u00e9neros\u201d para que cumbres y paradigmas se traduzcan en realidad<\/p><\/div>\n<p>&nbsp;<\/p>\n<p>A nombre del presidente de la Comisi\u00f3n Nacional de Tribunales Superiores de Justicia de los Estados Unidos Mexicanos (Conatrib), magistrado Rafael Guerra \u00c1lvarez, la magistrada Leticia Rocha Licea hizo un llamamiento a continuar el trabajo contra la violencia a la mujer, al asegurar que no bastan reuniones burocr\u00e1ticas y documentos emblem\u00e1ticos para acallar al machista, al violento y al ignorante.<\/p>\n<p>En la inauguraci\u00f3n del taller Agenda para la implementaci\u00f3n del Pacto Nacional por la Justicia de G\u00e9nero, enfatiz\u00f3 que es necesario impactar en \u201cnuestra madurez cultural y la convivencia entre los g\u00e9neros\u201d para que cumbres y paradigmas se traduzcan en realidad.<\/p>\n<p>En la sede del Poder Judicial de la Ciudad de M\u00e9xico, la magistrada penal record\u00f3 que, a 24 a\u00f1os de la Declaraci\u00f3n del Milenio, entre cuyos objetivos se planteaba la igualdad de los sexos y el empoderamiento de la mujer, la meta debi\u00f3 ser alcanzada hace nueve, lo que hace necesario evaluar resultados.<\/p>\n<p>\u201cY hoy, en pleno 2022, los Objetivos del Desarrollo Sostenible de la Agenda 2030 inspiran un an\u00e1lisis de conciencia para distinguir que la realidad en los palacios, las cortes y los foros debe ser siempre autocr\u00edtica, asertiva y propositiva\u201d, plante\u00f3 en el taller, que cont\u00f3 con la participaci\u00f3n presencial y virtual, desde sus ciudades de origen, de integrantes de tribunales superiores de justicia locales pertenecientes a la Conatrib.<\/p>\n<p>Insisti\u00f3 en que, para lograr la igualdad de g\u00e9nero, no s\u00f3lo se requiere \u201csentarse en una mesa a hablar y formalizar un documento\u201d; eso, dijo, ser\u00eda una derrota para la causa.<\/p>\n<p>\u201cPor el contrario, nuestro mayor triunfo ser\u00e1 que las instituciones, para consumar esta evoluci\u00f3n, logren, con sus hechos, que el horizonte para las mujeres y hombres en M\u00e9xico fueran id\u00e9nticos\u201d, asever\u00f3.<\/p>\n<p>Dijo que, ante el aumento de la violencia reflejada en la Encuesta Nacional sobre la Din\u00e1mica de las Relaciones en los Hogares, del Instituto Nacional de Estad\u00edstica y Geograf\u00eda (Inegi), el reto del pa\u00eds es abrir el cauce de la justicia con la claridad de que los agravios contra las mujeres son inaceptables en cualquier punto del territorio.<\/p>\n<p>Al subrayar que la justicia de g\u00e9nero es un fen\u00f3meno mucho m\u00e1s complejo que la simple identidad cultural que se le da a la sexualidad y a su esfera jur\u00eddica, ponder\u00f3 que \u00e9sta debe ser vista como una<br \/>\nevoluci\u00f3n cultural de un pueblo convencido de que las mujeres ganen el mismo ingreso que los hombres por el mismo trabajo.<\/p>\n<p>Que tienen derecho, abund\u00f3, a controlar absolutamente el destino de su vida, su cuerpo y esp\u00edritu, y que nacieron independientes y que su sociedad comprende las condiciones de su entorno.<\/p>\n<p>\u201cEstoy convencida de que la adecuada coordinaci\u00f3n de las pol\u00edticas en materia de derechos humanos y la perspectiva de g\u00e9nero en los poderes judiciales nos permitir\u00e1n alcanzar un desarrollo sostenido y homog\u00e9neo\u201d, destac\u00f3.<\/p>\n<p>En su oportunidad, y con la representaci\u00f3n del presidente Poder Judicial del Estado de Coahuila, magistrado Felipe Mery Ayup, la magistrada Mar\u00eda Luisa Valencia Garc\u00eda, coment\u00f3 que, en la materia, se han registrado importantes avances, pero subray\u00f3 a\u00fan queda camino por recorrer, al enfatizar que no puede haber progreso sin el goce pleno de derechos de las mujeres.<\/p>\n<p>Las secretarias de Estudio y Cuenta de la ponencia de la ministra de la Suprema Corte de Justicia de la Naci\u00f3n, Yasm\u00edn Esquivel Mossa, impulsora del Pacto Nacional por la Justicia de G\u00e9nero, Silvia Ortiz y Nelly Montealegre, dieron cuenta del avance del diagn\u00f3stico del instrumento en los \u00f3rganos jurisdiccionales locales, y agradecieron el flujo de informaci\u00f3n remitido para tal efecto.<\/p>\n<p>En el acto participaron las magistradas Norma Leticia M\u00e9ndez Abarca, Ver\u00f3nica Ucaranza S\u00e1nchez, Elvia Zatarain Andablo y Perla Castro Far\u00edas, como representantes de los poderes judiciales de Coahuila, Guerrero, Jalisco, Sonora y Campeche, respectivamente, adem\u00e1s de titulares de Unidades de G\u00e9nero de \u00f3rganos jurisdiccionales pertenecientes a la Conatrib.<\/p>\n","protected":false},"excerpt":{"rendered":"<p>A nombre del presidente de la Comisi\u00f3n Nacional de Tribunales Superiores de Justicia de los Estados Unidos Mexicanos (Conatrib), magistrado Rafael Guerra \u00c1lvarez, la magistrada Leticia Rocha Licea hizo un llamamiento a continuar el trabajo contra la violencia a la mujer, al asegurar que no bastan reuniones burocr\u00e1ticas y documentos emblem\u00e1ticos para acallar al machista, al violento y al ignorante.<\/p>\n","protected":false},"author":3,"featured_media":561503,"comment_status":"open","ping_status":"open","sticky":false,"template":"","format":"standard","meta":{"_monsterinsights_skip_tracking":false,"_monsterinsights_sitenote_active":false,"_monsterinsights_sitenote_note":"","_monsterinsights_sitenote_category":0,"footnotes":""},"categories":[6],"tags":[34444,4103,14425],"class_list":["post-561501","post","type-post","status-publish","format-standard","has-post-thumbnail","hentry","category-cd-de-mexico","tag-cdmx","tag-conatrib","tag-violencia-de-genero"],"_links":{"self":[{"href":"https:\/\/www.diarioimagen.net\/index.php?rest_route=\/wp\/v2\/posts\/561501","targetHints":{"allow":["GET"]}}],"collection":[{"href":"https:\/\/www.diarioimagen.net\/index.php?rest_route=\/wp\/v2\/posts"}],"about":[{"href":"https:\/\/www.diarioimagen.net\/index.php?rest_route=\/wp\/v2\/types\/post"}],"author":[{"embeddable":true,"href":"https:\/\/www.diarioimagen.net\/index.php?rest_route=\/wp\/v2\/users\/3"}],"replies":[{"embeddable":true,"href":"https:\/\/www.diarioimagen.net\/index.php?rest_route=%2Fwp%2Fv2%2Fcomments&post=561501"}],"version-history":[{"count":0,"href":"https:\/\/www.diarioimagen.net\/index.php?rest_route=\/wp\/v2\/posts\/561501\/revisions"}],"wp:featuredmedia":[{"embeddable":true,"href":"https:\/\/www.diarioimagen.net\/index.php?rest_route=\/wp\/v2\/media\/561503"}],"wp:attachment":[{"href":"https:\/\/www.diarioimagen.net\/index.php?rest_route=%2Fwp%2Fv2%2Fmedia&parent=561501"}],"wp:term":[{"taxonomy":"category","embeddable":true,"href":"https:\/\/www.diarioimagen.net\/index.php?rest_route=%2Fwp%2Fv2%2Fcategories&post=561501"},{"taxonomy":"post_tag","embeddable":true,"href":"https:\/\/www.diarioimagen.net\/index.php?rest_route=%2Fwp%2Fv2%2Ftags&post=561501"}],"curies":[{"name":"wp","href":"https:\/\/api.w.org\/{rel}","templated":true}]}}