{"id":561519,"date":"2022-10-04T00:01:04","date_gmt":"2022-10-04T05:01:04","guid":{"rendered":"https:\/\/www.diarioimagen.net\/?p=561519"},"modified":"2022-10-04T23:57:26","modified_gmt":"2022-10-05T04:57:26","slug":"nuevo-acuerdo-con-empresarios-para-reducir-precio-de-canasta-basica","status":"publish","type":"post","link":"https:\/\/www.diarioimagen.net\/?p=561519","title":{"rendered":"Nuevo acuerdo con empresarios para reducir precio de canasta b\u00e1sica"},"content":{"rendered":"<p><strong>\u00a0<\/strong><\/p>\n<h3 style=\"text-align: center;\">Se busca frenar encarecimiento de alimentos<\/h3>\n<p>&nbsp;<\/p>\n<ul>\n<li><strong><em>Se mantendr\u00e1n subsidios a energ\u00e9ticos y congelan peaje en autopistas, hasta febrero de 2023<\/em><\/strong><\/li>\n<\/ul>\n<p>&nbsp;<\/p>\n<div id=\"attachment_561520\" style=\"width: 470px\" class=\"wp-caption aligncenter\"><img loading=\"lazy\" decoding=\"async\" aria-describedby=\"caption-attachment-561520\" class=\"size-full wp-image-561520\" src=\"https:\/\/www.diarioimagen.net\/wp-content\/uploads\/2022\/10\/ACUERDO-AMLO.jpg\" alt=\"\" width=\"460\" height=\"270\" \/><p id=\"caption-attachment-561520\" class=\"wp-caption-text\">El gobierno federal y la iniciativa privada suscribieron un nuevo acuerdo contra la inflaci\u00f3n y la carest\u00eda que busca que los 24 productos de la canasta b\u00e1sica tengan una reducci\u00f3n en su precio de 8%.<\/p><\/div>\n<p>&nbsp;<\/p>\n<p>Con el fin de contener la escalada inflacionaria, el gobierno federal y empresarios pactaron bajar 8% la canasta b\u00e1sica de 24 productos, de mil 129 pesos a mil 039, adem\u00e1s de que se mantendr\u00e1 el subsidio a energ\u00e9ticos y se congelar\u00e1 el peaje en autopistas.<\/p>\n<p>Tambi\u00e9n se acord\u00f3 una licencia universal que exime a las empresas de tr\u00e1mites y permisos, tanto sanitarios como fitosanitarios, as\u00ed como al impuesto general de importaci\u00f3n de alimentos o insumos para la elaboraci\u00f3n de sus productos.<\/p>\n<p>Con esta licencia las empresas se comprometen a que los alimentos e insumos que importen sean de calidad y libres de contingencias sanitarias.<\/p>\n<p>Adem\u00e1s se fortalecer\u00e1 la protecci\u00f3n de granos donde seamos deficitarios, PEF se cancela, por el periodo que dure el acuerdo, la exportaci\u00f3n\u00a0 de ma\u00edz blanco, frijol, sardina y chatarra de aluminio y acero que se usa en los envases de aluminio de los alimentos.<\/p>\n<p>En la conferencia de prensa del Presidente, en Palacio Nacional, el secretario de Hacienda Rogelio Ram\u00edrez de la O explic\u00f3 que durante la vigencia del acuerdo, se suspender\u00e1n la revisi\u00f3n y tr\u00e1mites que encarecen la importaci\u00f3n de alimentos.<\/p>\n<p>Para atender la inflaci\u00f3n alimentaria, empresas como Bachoco, Walmart, Chedraui, Soriana, Tuny, Minsa, entre otras, se sumaron al plan del presidente Andr\u00e9s Manuel L\u00f3pez Obrador para evitar el alza de precios en productos de la canasta b\u00e1sica.<\/p>\n<p>Desde Palacio Nacional, el presidente Andr\u00e9s Manuel L\u00f3pez Obrador agradeci\u00f3 a los empresarios que se sumaron al llamado de empresas privadas para hacer un \u201cconvenio antiinflacionario\u201d, pues consider\u00f3 que tienen \u201cdimensi\u00f3n social y c\u00edvica\u201d.<\/p>\n<p>\u201cCon la colaboraci\u00f3n muy entusiasta y fraterna de empresarios, de industriales, distribuidores de alimentos, comerciantes, se ha logrado un acuerdo para que la iniciativa privada y el gobierno llegaran a un acuerdo, a un compromiso para enfrentar el problema inflacionario, el aumento en los precios, la carest\u00eda\u201d, dijo.<\/p>\n<p>L\u00f3pez Obrador reconoci\u00f3 que la inflaci\u00f3n, causada por la pandemia por covid-19 y la guerra entre Rusia y Ucrania, es un problema que afecta a todas las naciones, por lo que en M\u00e9xico se ha hecho un esfuerzo para frenarla y as\u00ed cuidar los bolsillos, en lo que respecta a los alimentos.<\/p>\n<p>Destac\u00f3, por ejemplo, los subsidios aplicados para evitar un alza en los costos de los combustibles y di\u00e9sel.<\/p>\n<p>No obstante, en lo que se refiere a alimentos, hay productos como las tortillas que han incrementado sus precios, por ello se llam\u00f3 a que los empresarios, de manera voluntaria, participaran en este convenio.<\/p>\n<p>\u201cAfortunadamente contamos con el apoyo de este grupo de empresarios, de industriales, de comerciantes, que ante el llamado que se les hizo, acuden, y, de manera ejemplar, se comprometen a ayudar\u201d, agreg\u00f3 al reconocer a los empresarios que se sumaron a este convenio.<\/p>\n<p>Y es que, de acuerdo con el secretario de Hacienda, Rogelio Ram\u00edrez de la O, la inflaci\u00f3n alimentaria ha sido de 4.2 por ciento.<\/p>\n<p>El funcionario federal explic\u00f3 que las 15 empresas que participan en esta estrategia tendr\u00e1n una \u201clicencia \u00fanica universal\u201d que las exime de tr\u00e1mites y permisos, incluyendo los de la Senasica, de la Cofepris y el impuesto general.<\/p>\n<p>Adem\u00e1s, el Gobierno federal \u201cmantendr\u00e1 su pol\u00edtica de contenci\u00f3n al precio de combustibles\u201d y suspender\u00e1 los aranceles y requisitos para ingreso y circulaci\u00f3n nacional de alimentos e insumos importados.<\/p>\n<p>Las principales medidas anunciadas por la Secretar\u00eda de Hacienda son las siguientes:<\/p>\n<p>\u00ac Reducci\u00f3n del precio de la canasta b\u00e1sica un 8 por ciento para que hasta el 28 de febrero sea de mil 39 pesos<\/p>\n<p>\u00ac Congelamiento de las tarifas de autopistas concesionadas<\/p>\n<p>\u00ac Continuidad de pol\u00edtica de contenci\u00f3n de precios de los combustibles<\/p>\n<p>\u00ac Atenci\u00f3n a casos de productos alimenticios que requieran soluciones particulares que requieran sobreponerse a restricciones, competencia desleal\u2026<\/p>\n<p>\u00ac Cancelaci\u00f3n de la exportaci\u00f3n de ma\u00edz blanco, frijol, sardina y de chatarra de aluminio y acero<\/p>\n<p>\u00ac La convocatoria continuar\u00e1 abierta para aquellos empresarios que deseen sumarse lo hagan de manera voluntaria.<\/p>\n","protected":false},"excerpt":{"rendered":"<p>Con el fin de contener la escalada inflacionaria, el gobierno federal y empresarios pactaron bajar 8% la canasta b\u00e1sica de 24 productos, de mil 129 pesos a mil 039, adem\u00e1s de que se mantendr\u00e1 el subsidio a energ\u00e9ticos y se congelar\u00e1 el peaje en autopistas.<\/p>\n","protected":false},"author":3,"featured_media":561520,"comment_status":"open","ping_status":"open","sticky":false,"template":"","format":"standard","meta":{"_monsterinsights_skip_tracking":false,"_monsterinsights_sitenote_active":false,"_monsterinsights_sitenote_note":"","_monsterinsights_sitenote_category":0,"footnotes":""},"categories":[8],"tags":[46371,24425,33,43678],"class_list":["post-561519","post","type-post","status-publish","format-standard","has-post-thumbnail","hentry","category-finanzas","tag-acuerdo","tag-alza","tag-canasta-basica","tag-finanzas"],"_links":{"self":[{"href":"https:\/\/www.diarioimagen.net\/index.php?rest_route=\/wp\/v2\/posts\/561519","targetHints":{"allow":["GET"]}}],"collection":[{"href":"https:\/\/www.diarioimagen.net\/index.php?rest_route=\/wp\/v2\/posts"}],"about":[{"href":"https:\/\/www.diarioimagen.net\/index.php?rest_route=\/wp\/v2\/types\/post"}],"author":[{"embeddable":true,"href":"https:\/\/www.diarioimagen.net\/index.php?rest_route=\/wp\/v2\/users\/3"}],"replies":[{"embeddable":true,"href":"https:\/\/www.diarioimagen.net\/index.php?rest_route=%2Fwp%2Fv2%2Fcomments&post=561519"}],"version-history":[{"count":0,"href":"https:\/\/www.diarioimagen.net\/index.php?rest_route=\/wp\/v2\/posts\/561519\/revisions"}],"wp:featuredmedia":[{"embeddable":true,"href":"https:\/\/www.diarioimagen.net\/index.php?rest_route=\/wp\/v2\/media\/561520"}],"wp:attachment":[{"href":"https:\/\/www.diarioimagen.net\/index.php?rest_route=%2Fwp%2Fv2%2Fmedia&parent=561519"}],"wp:term":[{"taxonomy":"category","embeddable":true,"href":"https:\/\/www.diarioimagen.net\/index.php?rest_route=%2Fwp%2Fv2%2Fcategories&post=561519"},{"taxonomy":"post_tag","embeddable":true,"href":"https:\/\/www.diarioimagen.net\/index.php?rest_route=%2Fwp%2Fv2%2Ftags&post=561519"}],"curies":[{"name":"wp","href":"https:\/\/api.w.org\/{rel}","templated":true}]}}