{"id":561536,"date":"2022-10-04T00:01:17","date_gmt":"2022-10-04T05:01:17","guid":{"rendered":"https:\/\/www.diarioimagen.net\/?p=561536"},"modified":"2022-10-04T01:38:49","modified_gmt":"2022-10-04T06:38:49","slug":"programa-de-reforestacion-echale-una-mano-al-medio-ambiente-en-parque-los-remedios","status":"publish","type":"post","link":"https:\/\/www.diarioimagen.net\/?p=561536","title":{"rendered":"Programa de reforestaci\u00f3n \u201c\u00c9chale una mano al medio ambiente\u201d en parque Los Remedios"},"content":{"rendered":"<p>&nbsp;<\/p>\n<ul>\n<li><strong><em>Llamado de David Parra a evitar ecocidio<\/em><\/strong><strong>\u00a0<\/strong><\/li>\n<\/ul>\n<p>&nbsp;<\/p>\n<h6>Arturo Baena<\/h6>\n<p>&nbsp;<\/p>\n<div id=\"attachment_561538\" style=\"width: 470px\" class=\"wp-caption aligncenter\"><img loading=\"lazy\" decoding=\"async\" aria-describedby=\"caption-attachment-561538\" class=\"size-full wp-image-561538\" src=\"https:\/\/www.diarioimagen.net\/wp-content\/uploads\/2022\/10\/reforestacion.jpg\" alt=\"\" width=\"460\" height=\"270\" \/><p id=\"caption-attachment-561538\" class=\"wp-caption-text\">El diputado David Parra encabez\u00f3\u00a0 campa\u00f1a de reforestaci\u00f3n \u201c\u00c9chale una mano al medio ambiente\u201d en el parque de Los Remedios, en Naucalpan.<\/p><\/div>\n<p>&nbsp;<\/p>\n<p><strong>Naucalpan, Estado de M\u00e9xico.\u2014<\/strong> La contaminaci\u00f3n ambiental no conoce fronteras. Es necesario y urgente evitar ecocidios. Hag\u00e1moslo por el fututo de nuestras familias. \u00a1Ya basta de da\u00f1ar a nuestro medio ambiente y a nuestro planeta!<\/p>\n<p>Afirm\u00f3 lo anterior el diputado David Parra S\u00e1nchez, luego de que, como parte de las acciones en materia ambiental, enfocadas en la conservaci\u00f3n y preservaci\u00f3n de \u00e1reas verdes en esta localidad, una vez m\u00e1s, se llev\u00f3 a cabo el programa de reforestaci\u00f3n denominado, \u201c\u00c9chale una mano al medio ambiente\u201d en el parque de Los Remedios.<\/p>\n<p>En la reforestaci\u00f3n estuvieron presentes el dirigente local del SUTEyM, Tom\u00e1s Palomares; el director de Desarrollo Social, Gustavo Parra; el presidente del Comit\u00e9 Municipal del PRI, Carlos Corona; la regidora Silvia Rojas y los ambientalistas Rom\u00e1n Ibarra Navarro y Chuen Uac Zip, as\u00ed como decenas de voluntarios.<\/p>\n<p>El diputado Parra S\u00e1nchez reconoci\u00f3 las acciones en favor del medio ambiente de los tres \u00f3rdenes de gobierno, sin embargo, reiter\u00f3 que \u201cefectivamente, a\u00fan falta mucho por hacer en materia ambiental, pero si todos participamos en cuidar el medio ambiente, estamos garantizando un mejor futuro para nuestros hijos y familias\u201d. Ah\u00ed, con la participaci\u00f3n de poco m\u00e1s de 900 personas, el bi\u00f3logo Rom\u00e1n Ibarra, reconoci\u00f3 la inversi\u00f3n del GEM en la recuperaci\u00f3n de La Presa Colorines y Valle de Bravo, entre otras.<\/p>\n<p>Finalmente, el legislador priista destac\u00f3 que, desde la C\u00e1mara de Diputados, la fracci\u00f3n del PRI que encabeza El\u00edas Rescala, seguir\u00e1n presentado iniciativas de Ley que cuiden y preserven el medio ambiente.<\/p>\n","protected":false},"excerpt":{"rendered":"<p>&nbsp; Llamado de David Parra a evitar ecocidio\u00a0 &nbsp; Arturo Baena &nbsp; &nbsp; Naucalpan, Estado de M\u00e9xico.\u2014 La contaminaci\u00f3n ambiental no conoce fronteras. Es necesario y urgente evitar ecocidios. Hag\u00e1moslo por el fututo de nuestras familias. \u00a1Ya basta de da\u00f1ar a nuestro medio ambiente y a nuestro planeta! Afirm\u00f3 lo anterior el diputado David Parra [&hellip;]<\/p>\n","protected":false},"author":3,"featured_media":561538,"comment_status":"open","ping_status":"open","sticky":false,"template":"","format":"standard","meta":{"_monsterinsights_skip_tracking":false,"_monsterinsights_sitenote_active":false,"_monsterinsights_sitenote_note":"","_monsterinsights_sitenote_category":0,"footnotes":""},"categories":[5],"tags":[43675,1911,970],"class_list":["post-561536","post","type-post","status-publish","format-standard","has-post-thumbnail","hentry","category-estado-de-mexico","tag-estado-de-mexico","tag-los-remedios","tag-naucalpan"],"_links":{"self":[{"href":"https:\/\/www.diarioimagen.net\/index.php?rest_route=\/wp\/v2\/posts\/561536","targetHints":{"allow":["GET"]}}],"collection":[{"href":"https:\/\/www.diarioimagen.net\/index.php?rest_route=\/wp\/v2\/posts"}],"about":[{"href":"https:\/\/www.diarioimagen.net\/index.php?rest_route=\/wp\/v2\/types\/post"}],"author":[{"embeddable":true,"href":"https:\/\/www.diarioimagen.net\/index.php?rest_route=\/wp\/v2\/users\/3"}],"replies":[{"embeddable":true,"href":"https:\/\/www.diarioimagen.net\/index.php?rest_route=%2Fwp%2Fv2%2Fcomments&post=561536"}],"version-history":[{"count":0,"href":"https:\/\/www.diarioimagen.net\/index.php?rest_route=\/wp\/v2\/posts\/561536\/revisions"}],"wp:featuredmedia":[{"embeddable":true,"href":"https:\/\/www.diarioimagen.net\/index.php?rest_route=\/wp\/v2\/media\/561538"}],"wp:attachment":[{"href":"https:\/\/www.diarioimagen.net\/index.php?rest_route=%2Fwp%2Fv2%2Fmedia&parent=561536"}],"wp:term":[{"taxonomy":"category","embeddable":true,"href":"https:\/\/www.diarioimagen.net\/index.php?rest_route=%2Fwp%2Fv2%2Fcategories&post=561536"},{"taxonomy":"post_tag","embeddable":true,"href":"https:\/\/www.diarioimagen.net\/index.php?rest_route=%2Fwp%2Fv2%2Ftags&post=561536"}],"curies":[{"name":"wp","href":"https:\/\/api.w.org\/{rel}","templated":true}]}}