{"id":561580,"date":"2022-10-04T00:08:33","date_gmt":"2022-10-04T05:08:33","guid":{"rendered":"https:\/\/www.diarioimagen.net\/?p=561580"},"modified":"2022-10-04T01:48:12","modified_gmt":"2022-10-04T06:48:12","slug":"oposicion-rumbo-a-las-presidenciales","status":"publish","type":"post","link":"https:\/\/www.diarioimagen.net\/?p=561580","title":{"rendered":"Oposici\u00f3n, rumbo a las presidenciales"},"content":{"rendered":"<h2>Punto por punto<\/h2>\n<h5>Augusto Corro<\/h5>\n<p>&nbsp;<\/p>\n<p>El Partido Acci\u00f3n Nacional (PAN) present\u00f3 a varios aspirantes a la candidatura presidencial de 2024.<\/p>\n<p>La pasarela de las \u201ccorcholatas\u201d panistas se efectu\u00f3 el domingo pasado en el World Trade Center.<\/p>\n<p>No hubo nada nuevo, menos de impacto.\u00a0 Los aspirantes a la contienda electoral mencionada ya fueron nombrados en otras ocasiones.<\/p>\n<p>Esta vez, en la exhibici\u00f3n pol\u00edtica participaron los gobernadores de Chihuahua y Yucat\u00e1n, Mar\u00eda Eugenia Campos y Mauricio Vila, respectivamente. Tambi\u00e9n desfilaron el presidente de la C\u00e1mara de Diputados, Santiago Creel Miranda, y el diputado federal Juan Carlos Romero Hicks.<\/p>\n<p>No estuvo presente el mandatario queretano Mauricio Kuri, una de las \u201ccorcholatas\u201d con m\u00e1s posibilidades de obtener la candidatura presidencial.<\/p>\n<p>Las \u201ccorcholatas\u201d citadas dijeron que la primera alianza rumbo a la elecci\u00f3n presidencial de 2024 debe ser con la ciudadan\u00eda y, posteriormente, con los partidos pol\u00edticos.<\/p>\n<p>A la pasarela asistieron representantes de la sociedad civil y c\u00e1maras empresariales, as\u00ed como Gustavo de Hoyos, impulsor de la alianza Va por M\u00e9xico. Por supuesto, las \u201ccorcholatas\u201d mencionadas no son todas. Faltan otros aspirantes que ya alzaron la mano para decir que buscar\u00e1n su participaci\u00f3n en la contienda presidencial del 2024. Anote usted a Dami\u00e1n Zepeda, ex presidente nacional del PAN, que meses atr\u00e1s, dijo que tiene inter\u00e9s en ser candidato presidencial. Tambi\u00e9n la senadora Lilly T\u00e9llez est\u00e1 en la lista de aspirantes blanquiazules.<\/p>\n<p>Pero, en Acci\u00f3n Nacional se multiplican los problemas. Por ejemplo, \u00bfqu\u00e9 va a hacer esa organizaci\u00f3n pol\u00edtica con Ricardo Anaya?<\/p>\n<p>Como se sabe, el mencionado Anaya se autopromociona desde el extranjero como precandidato a las elecciones presidenciales. Dijo que se exili\u00f3 del pa\u00eds debido a lo que calific\u00f3 de una persecuci\u00f3n pol\u00edtica.<\/p>\n<p>Ya particip\u00f3 en 2018 con resultados negativos, pero quiere intentarlo nuevamente.<\/p>\n<p>En agosto de 2021, la Fiscal\u00eda General de la Rep\u00fablica lo acus\u00f3 de recibir sobornos cuando era diputado, as\u00ed como por lavado de dinero, cohecho y asociaci\u00f3n delictuosa.<\/p>\n<p>El otro asunto del PAN es el relacionado con la alianza Va por M\u00e9xico que se encuentra suspendida y se complica la unidad. La coalici\u00f3n Va por M\u00e9xico se encuentra integrada por PAN, PRI y PRD. Representan a la \u00fanica fuerza opositora para enfrentar el lopezobradorismo.<\/p>\n<p>Pero en fechas recientes la coalici\u00f3n suspendi\u00f3 la unidad entre dichas organizaciones por la conducta del l\u00edder priista, Alejandro \u201cAlito\u201d Moreno,que rompi\u00f3 el pacto.<\/p>\n<p>Las tres organizaciones pol\u00edticas acordaron ir juntas en lo electoral y legislativo, pero \u201cAlito\u201d decidi\u00f3 apoyar reformas pol\u00edticas promovidas por el partido Movimiento de Regeneraci\u00f3n Nacional (Morena).<\/p>\n<p>PRI y Morena (PRIMOR) se organizaron para votar por la ampliaci\u00f3n del tiempo del Ej\u00e9rcito en las calles.<\/p>\n<p>En Va por M\u00e9xico se enfriaron los \u00e1nimos y seguramente sus l\u00edderes ya buscan la reconciliaci\u00f3n.<\/p>\n<p>El destape de las \u201ccorcholatas\u201d presidenciables estuvo a cargo del mandatario L\u00f3pez Obrador. Cit\u00f3 los nombres de Claudia Sheinbaum, jefa del Gobierno de la Ciudad de M\u00e9xico; Marcelo Ebrard, titular de la Secretar\u00eda de Relaciones Exteriores; y Ad\u00e1n Augusto L\u00f3pez, secretario de Gobernaci\u00f3n. Despu\u00e9s surgi\u00f3 el nombre del l\u00edder del Senado, Ricardo Monreal.<\/p>\n<p>En Morena, a\u00fan no empieza la pugna de los grupos que apoyan a tal o cual aspirante a la silla presidencial.<\/p>\n<p>Ser\u00e1 a trav\u00e9s de encuestas como se defina qui\u00e9n ser\u00e1 la candidata o el candidato.\u00a0 En la alianza Va por M\u00e9xico a\u00fan no se define la estrategia. El abanderado que se designe tendr\u00e1 que recibir el apoyo de todos. Tarea nada f\u00e1cil. Entre otras \u201ccorcholatas\u201d est\u00e1 Gerardo Fern\u00e1ndez Noro\u00f1a, diputado del Partido del Trabajo.<\/p>\n<p>En el Revolucionario Institucional son varios los que manifestaron su deseo de participar en las multicitadas elecciones. Entre otros est\u00e1n Beatriz Paredes, Enrique de la Madrid, Alejandro \u201cAlito\u201d Moreno, el gobernador de Oaxaca, Alejandro Murat, etc.<\/p>\n<p>Por otra parte, Gabriel Quadri, quien ya tuvo su oportunidad con Nueva Alianza, ahora tambi\u00e9n busca repetir su experiencia.<\/p>\n<p>En Movimiento Ciudadano (MC) buscan que Luis Donaldo Colosio Riojas lo represente en la contienda electoral presidencial.\u00a0 Sin duda, es larga la lista de pol\u00edticos que quieren ocupar la silla presidencial; pero solamente uno ser\u00e1 el ganador.<\/p>\n<p>\u00bfUsted qu\u00e9 opina amable lector?<\/p>\n<p><em><a href=\"mailto:aco2742@hotmail.com\" target=\"_blank\" rel=\"noopener noreferrer\">aco2742@hotmail.com<\/a><\/em><\/p>\n","protected":false},"excerpt":{"rendered":"<p><span style=\"color: #005497;\"><strong>Augusto Corro<\/strong><\/span><\/p>\n","protected":false},"author":3,"featured_media":0,"comment_status":"open","ping_status":"open","sticky":false,"template":"","format":"standard","meta":{"_monsterinsights_skip_tracking":false,"_monsterinsights_sitenote_active":false,"_monsterinsights_sitenote_note":"","_monsterinsights_sitenote_category":0,"footnotes":""},"categories":[157],"tags":[43686,43674,11515],"class_list":["post-561580","post","type-post","status-publish","format-standard","hentry","category-augusto-corro","tag-augusto-corro","tag-opinion","tag-punto-por-punto"],"_links":{"self":[{"href":"https:\/\/www.diarioimagen.net\/index.php?rest_route=\/wp\/v2\/posts\/561580","targetHints":{"allow":["GET"]}}],"collection":[{"href":"https:\/\/www.diarioimagen.net\/index.php?rest_route=\/wp\/v2\/posts"}],"about":[{"href":"https:\/\/www.diarioimagen.net\/index.php?rest_route=\/wp\/v2\/types\/post"}],"author":[{"embeddable":true,"href":"https:\/\/www.diarioimagen.net\/index.php?rest_route=\/wp\/v2\/users\/3"}],"replies":[{"embeddable":true,"href":"https:\/\/www.diarioimagen.net\/index.php?rest_route=%2Fwp%2Fv2%2Fcomments&post=561580"}],"version-history":[{"count":0,"href":"https:\/\/www.diarioimagen.net\/index.php?rest_route=\/wp\/v2\/posts\/561580\/revisions"}],"wp:attachment":[{"href":"https:\/\/www.diarioimagen.net\/index.php?rest_route=%2Fwp%2Fv2%2Fmedia&parent=561580"}],"wp:term":[{"taxonomy":"category","embeddable":true,"href":"https:\/\/www.diarioimagen.net\/index.php?rest_route=%2Fwp%2Fv2%2Fcategories&post=561580"},{"taxonomy":"post_tag","embeddable":true,"href":"https:\/\/www.diarioimagen.net\/index.php?rest_route=%2Fwp%2Fv2%2Ftags&post=561580"}],"curies":[{"name":"wp","href":"https:\/\/api.w.org\/{rel}","templated":true}]}}