{"id":561581,"date":"2022-10-04T00:03:45","date_gmt":"2022-10-04T05:03:45","guid":{"rendered":"https:\/\/www.diarioimagen.net\/?p=561581"},"modified":"2022-10-04T01:49:44","modified_gmt":"2022-10-04T06:49:44","slug":"felicitaciones-omisas","status":"publish","type":"post","link":"https:\/\/www.diarioimagen.net\/?p=561581","title":{"rendered":"Felicitaciones omisas"},"content":{"rendered":"<h2>Espacio Electoral<\/h2>\n<h5>Eleazar Flores<\/h5>\n<p>&nbsp;<\/p>\n<p><strong>VIRAJE-.<\/strong> Un giro de 380 grados dieron los reclamos de dirigentes, integrantes y participantes de la tradicional marcha del \u201c2 DE OCTUBRE NO SE OLVIDA\u201d en la capital del pa\u00eds, pues lo reclamos no fueron para exigir justicia para v\u00edctimas o familiares de quienes perdieron la vida o la libertad hace 54 a\u00f1os, ahora el reclamo es la NO MILITARIZACI\u00d3N DEL PA\u00cdS.<\/p>\n<p>Ya es tiempo de que el gobierno se de cuenta de lo que el pueblo quiere en forma espont\u00e1nea, sin encuestas truqueadas de por medio, dijo una mujer participante en el desfile del domingo pasado, con la esperanza de que se perciba el malestar, clam\u00f3 la manifestante universitaria de m\u00e1s de cuarenta a\u00f1os y con hijos ya inscritos en la m\u00e1xima casa de estudios del pa\u00eds.<\/p>\n<p>Testigo de los hechos del\u00a0 68, los cambios de actitud de los contingentes el domingo pasado fueron elocuentes, ahora s\u00f3lo falta que se acepten.<\/p>\n<p><strong>PRENSA Y RADIO-.<\/strong> Para quienes nos dedicamos al periodismo, segundo oficio m\u00e1s antiguo del mundo, debe satisfacer un cumplea\u00f1os m\u00e1s, pues aguantar tanto tiene su m\u00e9rito y lo importante es seguir adelante, con o sin reconocimiento oficial, importa el de quienes nos leen, ven o escuchan, lo dem\u00e1s sale sobrando.<\/p>\n<p>Fijados como somos algunos, no se extra\u00f1\u00f3 la no felicitaci\u00f3n a <em>El Universal<\/em> por sus 106 a\u00f1os de publicarse diariamente, pero tampoco hubo felicitaci\u00f3n para el \u201cteacher\u201d Joaqu\u00edn L\u00f3pez-D\u00f3riga por sus 54 a\u00f1os de periodista cuyos inicios coinciden con el 2 de octubre de 1968.<\/p>\n<p>La desatenci\u00f3n oficial por parte del comandante supremo de la Cuarta Transformaci\u00f3n sinceramente ni se extra\u00f1a, sabedores de su opini\u00f3n acerca de los medios de comunicaci\u00f3n que como buen creyente, no comulgan con su forma de pensar, calific\u00e1ndolos por lo mismo como sus adversario, si acaso de su florero, cuya responsabilidad es justamente atender a los medios de comunicaci\u00f3n.<\/p>\n<p>Siendo el segundo diario m\u00e1s antiguo de M\u00e9xico -que a fuerza de ser sinceros vive momentos menos dif\u00edciles que otro-, junto con <em>El Exc\u00e9lsior<\/em>, el Gran Diario de M\u00e9xico, acaba de cumplir 106 a\u00f1os, recibi\u00f3 innumerables felicitaciones escritas o verbales de personas f\u00edsicas y morales, pero citar que falt\u00f3 la de ya sabe qui\u00e9n ni la pena vale.<\/p>\n<p>En cuanto el \u201cteacher\u201d Joaqu\u00edn L\u00f3pez D\u00f3riga cierto que en este momento est\u00e1 en la cima, pero su trabajo le ha costado por m\u00e1s de medio siglo y mantenerse seguramente m\u00e1s, pero hay que reconocerle su \u201cequipazo\u201d que lo mantiene ah\u00ed, ahora que su estilo personal de informar es otro ingrediente que le ayuda. Su claridad y puntualidad tem\u00e1tica resaltan.<\/p>\n<p>Ahora s\u00ed que triple felicitaci\u00f3n, a manifestantes, al \u201cteacher\u201d y a <em>El Universal<\/em>.<\/p>\n<p><em><a href=\"mailto:elefa44@gmail.com\" target=\"_blank\" rel=\"noopener noreferrer\">elefa44@gmail.com<\/a><\/em><\/p>\n","protected":false},"excerpt":{"rendered":"<p><span style=\"color: #005497;\"><strong>Eleazar Flores<\/strong><\/span><\/p>\n","protected":false},"author":3,"featured_media":0,"comment_status":"open","ping_status":"open","sticky":false,"template":"","format":"standard","meta":{"_monsterinsights_skip_tracking":false,"_monsterinsights_sitenote_active":false,"_monsterinsights_sitenote_note":"","_monsterinsights_sitenote_category":0,"footnotes":""},"categories":[81743],"tags":[81744,81776,43674],"class_list":["post-561581","post","type-post","status-publish","format-standard","hentry","category-eleazar-flores","tag-eleazar-flores","tag-espacio-electoral","tag-opinion"],"_links":{"self":[{"href":"https:\/\/www.diarioimagen.net\/index.php?rest_route=\/wp\/v2\/posts\/561581","targetHints":{"allow":["GET"]}}],"collection":[{"href":"https:\/\/www.diarioimagen.net\/index.php?rest_route=\/wp\/v2\/posts"}],"about":[{"href":"https:\/\/www.diarioimagen.net\/index.php?rest_route=\/wp\/v2\/types\/post"}],"author":[{"embeddable":true,"href":"https:\/\/www.diarioimagen.net\/index.php?rest_route=\/wp\/v2\/users\/3"}],"replies":[{"embeddable":true,"href":"https:\/\/www.diarioimagen.net\/index.php?rest_route=%2Fwp%2Fv2%2Fcomments&post=561581"}],"version-history":[{"count":0,"href":"https:\/\/www.diarioimagen.net\/index.php?rest_route=\/wp\/v2\/posts\/561581\/revisions"}],"wp:attachment":[{"href":"https:\/\/www.diarioimagen.net\/index.php?rest_route=%2Fwp%2Fv2%2Fmedia&parent=561581"}],"wp:term":[{"taxonomy":"category","embeddable":true,"href":"https:\/\/www.diarioimagen.net\/index.php?rest_route=%2Fwp%2Fv2%2Fcategories&post=561581"},{"taxonomy":"post_tag","embeddable":true,"href":"https:\/\/www.diarioimagen.net\/index.php?rest_route=%2Fwp%2Fv2%2Ftags&post=561581"}],"curies":[{"name":"wp","href":"https:\/\/api.w.org\/{rel}","templated":true}]}}