{"id":561595,"date":"2022-10-04T00:07:51","date_gmt":"2022-10-04T05:07:51","guid":{"rendered":"https:\/\/www.diarioimagen.net\/?p=561595"},"modified":"2022-10-04T02:07:16","modified_gmt":"2022-10-04T07:07:16","slug":"ricardo-monreal-logra-acuerdos-y-reconocimiento-pero-no-en-su-partido","status":"publish","type":"post","link":"https:\/\/www.diarioimagen.net\/?p=561595","title":{"rendered":"Ricardo Monreal logra acuerdos y reconocimiento, pero no en su partido"},"content":{"rendered":"<h2>Clase Pol\u00edtica<\/h2>\n<h5>Miguel \u00c1ngel Rivera<strong>\u00a0<\/strong><\/h5>\n<p>&nbsp;<\/p>\n<p>Parece que, ahora s\u00ed, se concret\u00f3 un acuerdo para prolongar la permanencia, por lo menos durante cuatro a\u00f1os m\u00e1s, del control militar sobre la Guardia Nacional, pero probablemente donde menor regocijo cauce es donde surgi\u00f3 la idea: en Palacio Nacional.<\/p>\n<p>Esta presunci\u00f3n viene del hecho de que el principal protagonista del acuerdo que pronto ser\u00e1 votado en el Senado de la Rep\u00fablica es el presidente de la Junta de Coordinaci\u00f3n Pol\u00edtica (Jucopo) y coordinador de la bancada de Morena en esa C\u00e1mara, el ex gobernador de Zacatecas, y precandidato presidencial, Ricardo Monreal \u00c1vila.<\/p>\n<p>El principal inquilino de Palacio Nacional, el presidente Andr\u00e9s Manuel L\u00f3pez Obrador, se ha negado reiteradamente a incluir al senador zacatecano en la lista de sus \u201ccorcholatas\u201d, de las cuales se supone que saldr\u00e1 el candidato presidencial del partido oficial. Los nominados, ya se sabe, por orden de preferencias, seg\u00fan los enterados, son la jefa de Gobierno de la Ciudad de M\u00e9xico, Claudia Sheinbaum Pardo; el secretario de Gobernaci\u00f3n, paisano y \u201chermano\u201d del primer mandatario, Ad\u00e1n Augusto L\u00f3pez Hern\u00e1ndez; y el titular de Relaciones Exteriores, Marcelo Ebrard Casaubon.<\/p>\n<p>Monreal no s\u00f3lo est\u00e1 fuera de la lista oficial de aspirantes, sino que est\u00e1 \u201ccongelado\u201d. Es de sobra conocido que hace m\u00e1s de un a\u00f1o que no es recibido por el primer mandatario en Palacio Nacional, a donde s\u00f3lo ingresan los consentidos.<\/p>\n<p>No obstante esa marginaci\u00f3n, Monreal se ha esmerado por sacar adelante todos los proyectos e iniciativas que tienen su origen en el Z\u00f3calo capitalino. Para ello, ha tenido que aplicar toda su capacidad de negociaci\u00f3n con las otras fuerzas pol\u00edticas, lo que ha significado modificar en algunas de sus partes las iniciativas originadas en Palacio Nacional.<\/p>\n<p>Esa capacidad de llegar a acuerdos, en vez de sumarle cr\u00e9ditos, le ha llegado a acarrear cr\u00edticas dentro del oficialismo, pues no cumple con la exigencia presidencial de aprobar sus iniciativas \u201csin cambiarle ni una coma\u201d, adem\u00e1s de que el legislador zacatecano antepone sus conocimientos de Derecho y su respeto a las leyes, en particular la Constituci\u00f3n.<\/p>\n<p>Este es el caso presente. Desde que se anunci\u00f3 una iniciativa presidencial para extender el periodo por el cual la Secretar\u00eda de la Defensa Nacional (Sedena) debe tener el control de la Guardia Nacional, a pesar de que naci\u00f3 como una dependencia civil. Monreal advirti\u00f3 que para dar fundamento legal a ese cambio no basta con adecuar leyes reglamentarias, sino que resulta obligada una reforma constitucional.<\/p>\n<p>Esta recomendaci\u00f3n no fue bien recibida en los altos c\u00edrculos de la llamada Cuarta Transformaci\u00f3n, sobre todo despu\u00e9s de que Morena y sus r\u00e9moras lograron aprobar las reformas exigidas por el primer mandatario, como resulta obligado, sin cambiarle ni una coma.<\/p>\n<p>De inmediato se produjo una reacci\u00f3n en cadena contra esa reforma que, de acuerdo con reconocidas constitucionalistas, deber\u00e1 ser invalidada por la Suprema Corte.<\/p>\n<p style=\"text-align: center;\"><strong>Sacar las casta\u00f1as con la mano del gato<\/strong><\/p>\n<p>En esta fase apareci\u00f3 un nuevo actor que no estaba en principio dentro del reparto o que, m\u00e1s bien, estaba en la lista de oposici\u00f3n: la bancada del PRI en la C\u00e1mara de Diputados present\u00f3 una iniciativa de reforma constitucional, que toca s\u00f3lo un art\u00edculo transitorio y que, por consiguiente, resulta menos conflictiva. En vez de entregar ad perpetuam el control de la Guardia Nacional a la Sedena, una diputada priista que tendr\u00e1 como recompensa un cargo en el nuevo gobierno de Durango \u2014supuestamente ganado por una coalici\u00f3n opositora\u2014 present\u00f3 una iniciativa para ampliar \u201cs\u00f3lo\u201d cuatro a\u00f1os el mando militar en esa corporaci\u00f3n polic\u00edaca que se presume es civil.<\/p>\n<p>Con todo y el cambio de disfraz, la iniciativa no pas\u00f3 en el Senado, donde faltaron a Morena y sat\u00e9lites (se dice que uno solo) los votos necesarios para que procediera la, digamos, \u201cmini\u201d reforma constitucional.<\/p>\n<p>Aqu\u00ed fue donde Monreal, sin atender a las cr\u00edticas surgidas desde \u201csu\u201d partido mostr\u00f3 su sapiencia legislativa y logr\u00f3 forzar una votaci\u00f3n para que la iniciativa se regresara a comisiones.<\/p>\n<p>En este espacio es donde Monreal ha aplicado toda su capacidad de negociaci\u00f3n y, al parecer, ya tiene lista una iniciativa que modifica en parte la propuesta del PRI-MOR, pero que tambi\u00e9n venci\u00f3 resistencias en otras bancadas del llamado Bloque Opositor como el PRD y sus temporales aliados de MC y hasta de los senadores independientes del llamado Grupo Plural, lo cual asegura que la reforma sea aprobada tal vez hoy mismo.<\/p>\n<p>Es de recordar que el tiempo apremia, pues a partir de que se regres\u00f3 la iniciativa a comisiones empez\u00f3 a correr un plazo impostergable de diez d\u00edas para volver a presentar el dictamen.<\/p>\n<p>No falta mucho para comprobar si Monreal venci\u00f3 efectivamente resistencias. En tal caso, se gan\u00f3 una condecoraci\u00f3n, aunque probablemente no provenga de Palacio Nacional, pues eso ser\u00eda tanto como reconocerle la calidad de aspirante a la candidatura presidencial y, si no, convertirlo en un marginado que, eventualmente, podr\u00eda aprovechar en beneficio personal su capacidad de negociar con la oposici\u00f3n.<\/p>\n<p>Por lo pronto, Ricardo Monreal reconoci\u00f3 que no se ha logrado por completo el consenso, \u201ccomo era mi deseo, incluir a todos. Pero, nos movimos de nuestra posici\u00f3n original en la que s\u00f3lo hab\u00eda una estrategia y una alternativa de aprobar, como ven\u00eda la minuta de C\u00e1mara de Diputados\u201d.<\/p>\n<p>Tambi\u00e9n revel\u00f3 que presentar\u00eda el proyecto de reforma a los secretarios de Gobernaci\u00f3n, Defensa y Marina.<\/p>\n<p>\u201cEsta minuta corregida y modificada en el quinto transitorio, la voy a comentar, yo soy muy transparente, la voy a comentar con las propias fuerzas armadas y con el secretario de Gobernaci\u00f3n, porque finalmente es un ejercicio de colaboraci\u00f3n de poderes\u201d, dijo. M\u00e1s tarde, en entrevista con Pepe C\u00e1rdenas confirm\u00f3 haberse entrevistado con L\u00f3pez Hern\u00e1ndez para tal prop\u00f3sito.<\/p>\n<p>Aclar\u00f3 que \u201ct\u00e9cnica y legislativamente, se trata de un nuevo dictamen, de una nueva redacci\u00f3n del art\u00edculo quinto transitorio\u201d que resulta m\u00e1s atractivo, pues lo que \u201cqueremos es un equilibrio justo entre la sociedad civil, pero tambi\u00e9n las fuerzas armadas que cumplen una funci\u00f3n y que en este momento es imposible sustituirlas y, no tenga facultad discrecional en su actuar\u201d.<\/p>\n<p style=\"text-align: center;\"><strong>La \u00fanica fracci\u00f3n parlamentaria que mantiene<br \/>\nsu decidida oposici\u00f3n a la reforma es la del PAN<\/strong><\/p>\n<p>\u201cPedimos a todos los partidos que conforman la coalici\u00f3n legislativa Va por M\u00e9xico, que cumplan su palabra y no permitamos que se siga militarizando nuestro pa\u00eds\u201d, dice una declaraci\u00f3n de la dirigencia nacional del PAN, fechada ayer en Cholula, Puebla.<\/p>\n<p>El presidente nacional del partido azul, Marko Cort\u00e9s Mendoza, asegur\u00f3 que Acci\u00f3n Nacional no est\u00e1 de acuerdo en ampliar el periodo en que la Guardia Nacional (GN) pueda ser operada por militares, como lo propuso una diputada del PRI, porque implica modificar la Constituci\u00f3n.<\/p>\n<p>\u201cLo digo con absoluta claridad, Acci\u00f3n Nacional no est\u00e1 de acuerdo en esa modificaci\u00f3n porque lo que hace es seguir militarizando el pa\u00eds y no lo vamos a permitir. Por eso, los dirigentes nacionales, los coordinadores de los grupos parlamentarios de la C\u00e1mara de Diputados, firmamos una moratoria constitucional, la moratoria constitucional es para dejar intacta nuestra ley suprema\u201d, detall\u00f3.<\/p>\n<p>En conferencia de prensa, acompa\u00f1ado por los liderazgos del partido en Puebla, pidi\u00f3 a todos los partidos que conforman la coalici\u00f3n legislativa Va por M\u00e9xico que cumplan su palabra y no se modifique la Constituci\u00f3n y no permitamos que se sigua militarizando nuestro pa\u00eds.<\/p>\n<p>Cort\u00e9s Mendoza explic\u00f3 que en estos momentos vamos en contrasentido con el mandato constitucional al autorizar que los militares participen m\u00e1s a\u00f1os en la conducci\u00f3n en la Guardia Nacional. Dicho mandato establec\u00eda que el mando de la GN deb\u00eda ser civil y pusieron un militar y que se deb\u00eda formar una polic\u00eda civil y lo que se est\u00e1n haciendo es formar una polic\u00eda militar.<\/p>\n<p>\u201cY si vamos contrasentido, no tiene raz\u00f3n el que se quiera ampliar el plazo. Por esa raz\u00f3n es que Acci\u00f3n Nacional, cumpliendo con el compromiso de cara a la sociedad de una moratoria constitucional, decimos no y esperamos que todos los partidos que forman parte de la coalici\u00f3n Va por M\u00e9xico se mantengan en ese compromiso de no modificar la Constituci\u00f3n y de no permitir que siga la militarizaci\u00f3n de nuestro pa\u00eds\u201d, a\u00f1adi\u00f3.<\/p>\n<p><em><a href=\"mailto:riparcangel@hotmail.com\" target=\"_blank\" rel=\"noopener noreferrer\">riparcangel@hotmail.com<\/a><\/em><\/p>\n","protected":false},"excerpt":{"rendered":"<p><span style=\"color: #005497;\"><strong>Miguel \u00c1ngel Rivera<\/strong><\/span<\/span><\/p>\n","protected":false},"author":3,"featured_media":0,"comment_status":"open","ping_status":"open","sticky":false,"template":"","format":"standard","meta":{"_monsterinsights_skip_tracking":false,"_monsterinsights_sitenote_active":false,"_monsterinsights_sitenote_note":"","_monsterinsights_sitenote_category":0,"footnotes":""},"categories":[84119],"tags":[84120,84121,43674],"class_list":["post-561595","post","type-post","status-publish","format-standard","hentry","category-miguel-angel-rivera","tag-clase-politica","tag-miguel-angel-rivera","tag-opinion"],"_links":{"self":[{"href":"https:\/\/www.diarioimagen.net\/index.php?rest_route=\/wp\/v2\/posts\/561595","targetHints":{"allow":["GET"]}}],"collection":[{"href":"https:\/\/www.diarioimagen.net\/index.php?rest_route=\/wp\/v2\/posts"}],"about":[{"href":"https:\/\/www.diarioimagen.net\/index.php?rest_route=\/wp\/v2\/types\/post"}],"author":[{"embeddable":true,"href":"https:\/\/www.diarioimagen.net\/index.php?rest_route=\/wp\/v2\/users\/3"}],"replies":[{"embeddable":true,"href":"https:\/\/www.diarioimagen.net\/index.php?rest_route=%2Fwp%2Fv2%2Fcomments&post=561595"}],"version-history":[{"count":0,"href":"https:\/\/www.diarioimagen.net\/index.php?rest_route=\/wp\/v2\/posts\/561595\/revisions"}],"wp:attachment":[{"href":"https:\/\/www.diarioimagen.net\/index.php?rest_route=%2Fwp%2Fv2%2Fmedia&parent=561595"}],"wp:term":[{"taxonomy":"category","embeddable":true,"href":"https:\/\/www.diarioimagen.net\/index.php?rest_route=%2Fwp%2Fv2%2Fcategories&post=561595"},{"taxonomy":"post_tag","embeddable":true,"href":"https:\/\/www.diarioimagen.net\/index.php?rest_route=%2Fwp%2Fv2%2Ftags&post=561595"}],"curies":[{"name":"wp","href":"https:\/\/api.w.org\/{rel}","templated":true}]}}