{"id":561599,"date":"2022-10-04T00:09:17","date_gmt":"2022-10-04T05:09:17","guid":{"rendered":"https:\/\/www.diarioimagen.net\/?p=561599"},"modified":"2022-10-04T02:05:05","modified_gmt":"2022-10-04T07:05:05","slug":"trafico-de-organos-un-secreto-a-gritos","status":"publish","type":"post","link":"https:\/\/www.diarioimagen.net\/?p=561599","title":{"rendered":"Tr\u00e1fico de \u00f3rganos, un secreto a gritos"},"content":{"rendered":"<h2>Poder y dinero<\/h2>\n<h5>V\u00edctor S\u00e1nchez Ba\u00f1os<\/h5>\n<p>&nbsp;<\/p>\n<ul>\n<li><em><strong>Leyes laxas, estimula mafias<\/strong><\/em><\/li>\n<li><em><strong>L\u00f3pez-Gatell, ignorancia o complicidad<\/strong><\/em><\/li>\n<li><em><strong>Murillo reconoci\u00f3 tr\u00e1fico de humanos<\/strong><\/em><\/li>\n<li><em><strong>M\u00e9xico, en la mira de delincuencia<\/strong><\/em><\/li>\n<li><em><strong>Las mentiras del horario de verano<\/strong><\/em><\/li>\n<li><em><strong>De Zedillo a AMLO<\/strong><\/em><\/li>\n<li><em><strong>Volaris ayuda a Sonora por Kay<\/strong><\/em><\/li>\n<\/ul>\n<p>&nbsp;<\/p>\n<p style=\"text-align: right;\"><em>El hombre emplea la hipocres\u00eda para enga\u00f1arse<br \/>\na s\u00ed mismo, acaso m\u00e1s que para enga\u00f1ar a otros<br \/>\n<\/em><strong>Jaime Luciano Balmes<\/strong> (1810-1848), fil\u00f3sofo y sacerdote espa\u00f1ol<\/p>\n<p>&nbsp;<\/p>\n<p>El fin de semana pasado platiqu\u00e9 con un hombre desesperado por la situaci\u00f3n econ\u00f3mica que vive, derivado por la falta de empleo y la carencia de oportunidades en M\u00e9xico. Me coment\u00f3 que no quer\u00eda comprar una pistola y salir a la calle y asaltar. \u201cNo soy de esos\u201d, me dijo. Pero, estoy dispuesto a vender un ri\u00f1\u00f3n para pagar la colegiatura de sus dos hijos, la renta de su casa por unos meses y la alimentaci\u00f3n de su familia<\/p>\n<p>No estamos hablando de una persona que no tenga herramientas para sobrevivir. Estoy hablando de un profesionista que se qued\u00f3 sin empleo, con apenas 44 a\u00f1os de edad y padre soltero.<\/p>\n<p>Le dije que una oportunidad saldr\u00e1 en el camino y en muy poco tiempo. \u00c9l ha entregado, lo dice con decepci\u00f3n, m\u00e1s de 100 historias curriculares y no encontr\u00f3 respuesta de acuerdo a sus necesidades.<\/p>\n<p>Pero lo que me dej\u00f3 helado fue cuando me confes\u00f3 que se hab\u00eda puesto en contacto con un m\u00e9dico en Costa Rica, quien lo conect\u00f3 con una familia canadiense que le ofrec\u00eda 500 mil d\u00f3lares por un ri\u00f1\u00f3n y que ya ten\u00eda preparado su viaje. Ya no me proporcion\u00f3 m\u00e1s datos.<\/p>\n<p>Este hombre, a quien no conoc\u00eda, pero era cercano de un abogado amigo m\u00edo, seguramente ya viaj\u00f3. Pero, no es el \u00fanico caso en el mundo, ni en el pa\u00eds. Son cientos; se estima que podr\u00edan de miles.<\/p>\n<p>Averig\u00fc\u00e9 un poco lo que ocurr\u00eda con el tr\u00e1fico de \u00f3rganos. Mi sorpresa fue al darme cuenta que esos hechos que podr\u00edan considerarse aislados, se dan en todos los continentes. En \u00c1frica, la interpol present\u00f3 el a\u00f1o pasado un informe sobre la trata de personas para extraerles \u00f3rganos en las zonas septentrionales y occidental.<\/p>\n<p>En Am\u00e9rica, efectivamente, en Costa Rica hay grupos de m\u00e9dicos que sirven de contacto con sus pares en Europa y Norteam\u00e9rica, para convencer a mucha gente para vender sus \u00f3rganos ante necesidades econ\u00f3micas de los posibles donantes.<\/p>\n<p style=\"text-align: center;\"><strong>TR\u00c1FICO DE SERES HUMANOS EN M\u00c9XICO<\/strong><\/p>\n<p>En M\u00e9xico, el gobierno de L\u00f3pez Obrador, en su p\u00e1gina de internet, bajo el t\u00edtulo \u201cSecuestro, trata de personas y tr\u00e1fico de \u00f3rganos\u201d, explica que aunque la el secuestro, la trata de personas y el tr\u00e1fico de \u00f3rganos son fen\u00f3menos distintos, guardan una estrecha relaci\u00f3n entre s\u00ed. El objetivo de la trata de personas es la explotaci\u00f3n no \u00fanicamente para fines sexuales, sino que incluye los trabajos forzados, la producci\u00f3n de drogas, la servidumbre, esclavitud y en algunos casos hasta el tr\u00e1fico de \u00f3rganos.<\/p>\n<p>A\u00f1ade: El tr\u00e1fico de personas consiste en facilitar la entrada de una persona a otro pa\u00eds del cual no es nacional, ciudadano o residente. Ni\u00f1as, ni\u00f1os y adolescentes mexicanos, migrantes e ind\u00edgenas son reclutados y explotados a trav\u00e9s de falsas ofertas de empleo, relaciones rom\u00e1nticas falsas, extorsi\u00f3n y desaparici\u00f3n forzada. As\u00ed, las ni\u00f1as, ni\u00f1os y adolescentes que no son explotados en alguna otra de las actividades del crimen organizado, o son descartados, pueden convertirse en v\u00edctimas del tr\u00e1fico de \u00f3rganos.<\/p>\n<p>El tr\u00e1fico de \u00f3rganos es una de las actividades criminales m\u00e1s lucrativas. Consiste en la extracci\u00f3n, venta y compra il\u00edcita de \u00f3rganos, tejidos y componentes de personas vivas o cad\u00e1veres.<\/p>\n<p>Jes\u00fas Murillo Karam, ex procurador de la Rep\u00fablica, dijo en una conferencia de prensa que dijo en rueda de prensa que el tr\u00e1fico de \u00f3rganos \u201cno es tan grave en M\u00e9xico (\u2026), pero no queremos que sea m\u00e1s grave, no queremos que crezca\u201d.<\/p>\n<p>Esto es aterrador y se necesita toda la fuerza del Estado (gobierno y sociedad) para enfrentar un fen\u00f3meno mundial y, cuando menos, convertir al pa\u00eds en una zona donde la poblaci\u00f3n est\u00e9 alertada sobre lo que puede ocurrir si se descuida.<\/p>\n<p style=\"text-align: center;\"><strong>PODEROSOS CABALLEROS<\/strong><\/p>\n<p style=\"text-align: center;\"><strong>HORARIO DE VERANO, ABERRACI\u00d3N Y MENTIRA<\/strong><\/p>\n<p>Desde que se instrument\u00f3 el horario de verano en 1996 en M\u00e9xico, estuvimos en contra. Al gobierno de Ernesto Zedillo le import\u00f3 muy poco el comportamiento de los mexicanos. Simplemente, por el \u201cDecreto por el que se establece el horario estacional que se aplicar\u00e1 en los Estados Unidos Mexicanos\u201d, nos cambi\u00f3 la vida. La mentira de Zedillo, en su decreto, era hacer mejor uso de la luz solar durante los meses de mayor insolaci\u00f3n, para as\u00ed obtener una reducci\u00f3n en el consumo de energ\u00eda el\u00e9ctrica en las horas de mayor demanda de electricidad. La verdad: El resultado fue simplemente insignificante. La otra verdad, que no quer\u00eda decir Zedillo, ni sus funcionarios, era homologar los horarios de los mercados de valores entre M\u00e9xico y Estados Unidos. Eso de la energ\u00eda el\u00e9ctrica, provocaba que los ni\u00f1os salieran a las escuelas a\u00fan con oscuridad. Con AMLO, la mentira es que es una iniciativa propia. Como Joe Biden dijo que eliminar\u00eda el horario de verano, en Estados Unidos, en M\u00e9xico, L\u00f3pez Obrador sigui\u00f3 sus pasos. No se hubiera atrevido con el benepl\u00e1cito de EU. Desde mi punto de vista, independiente de las mentiras de los pol\u00edticos, no me gusta el horario de verano, aunque tenga implicaciones econ\u00f3micas para los grupos financieros.<\/p>\n<p style=\"text-align: center;\"><strong>RESPONSABILIDAD SOCIAL CORPORATIVA<\/strong><\/p>\n<p><strong>VOLARIS:<\/strong> Con el liderazgo de Enrique Beltranena, Volaris, la aerol\u00ednea mexicana de ultra bajo costo que opera en M\u00e9xico, Estados Unidos, Centroam\u00e9rica y Sudam\u00e9rica, transport\u00f3, en alianza con Comit\u00e9 de Ayuda a Desastres y Emergencias Naturales, un equipo de voluntarios y especialistas a Guaymas, Sonora para apoyar en labores humanitarias por los da\u00f1os a viviendas provocados por el hurac\u00e1n Kay. Los voluntarios entregar\u00e1n despensas, kits de higiene, medicamentos y atenci\u00f3n especializada para las 170 familias afectadas.<\/p>\n<p>&nbsp;<\/p>\n<blockquote>\n<p style=\"text-align: right;\">Esc\u00fachame lunes, martes, mi\u00e9rcoles y viernes,<br \/>\nen <strong><em>El Heraldo Radio<\/em><\/strong>, desde las 22 horas.<\/p>\n<\/blockquote>\n<p>&nbsp;<\/p>\n<p><em><a href=\"http:\/\/poderydinero.mx\/\" target=\"_blank\" rel=\"noopener\">poderydinero.mx<\/a><br \/>\n<\/em><em><a href=\"mailto:vsb@poderydinero.mx\" target=\"_blank\" rel=\"noopener noreferrer\">vsb@poderydinero.mx<\/a><br \/>\n<\/em><em><a href=\"https:\/\/twitter.com\/vsanchezbanos\" target=\"_blank\" rel=\"noopener noreferrer\">@vsanchezbanos<\/a><\/em><\/p>\n","protected":false},"excerpt":{"rendered":"<p><span style=\"color: #005497;\"><strong>V\u00edctor S\u00e1nchez Ba\u00f1os<\/strong><\/span><\/p>\n","protected":false},"author":3,"featured_media":0,"comment_status":"open","ping_status":"open","sticky":false,"template":"","format":"standard","meta":{"_monsterinsights_skip_tracking":false,"_monsterinsights_sitenote_active":false,"_monsterinsights_sitenote_note":"","_monsterinsights_sitenote_category":0,"footnotes":""},"categories":[38844],"tags":[43674,38847,38848],"class_list":["post-561599","post","type-post","status-publish","format-standard","hentry","category-victor-sanchez-banos","tag-opinion","tag-poder-y-dinero","tag-victor-sanchez-banos"],"_links":{"self":[{"href":"https:\/\/www.diarioimagen.net\/index.php?rest_route=\/wp\/v2\/posts\/561599","targetHints":{"allow":["GET"]}}],"collection":[{"href":"https:\/\/www.diarioimagen.net\/index.php?rest_route=\/wp\/v2\/posts"}],"about":[{"href":"https:\/\/www.diarioimagen.net\/index.php?rest_route=\/wp\/v2\/types\/post"}],"author":[{"embeddable":true,"href":"https:\/\/www.diarioimagen.net\/index.php?rest_route=\/wp\/v2\/users\/3"}],"replies":[{"embeddable":true,"href":"https:\/\/www.diarioimagen.net\/index.php?rest_route=%2Fwp%2Fv2%2Fcomments&post=561599"}],"version-history":[{"count":0,"href":"https:\/\/www.diarioimagen.net\/index.php?rest_route=\/wp\/v2\/posts\/561599\/revisions"}],"wp:attachment":[{"href":"https:\/\/www.diarioimagen.net\/index.php?rest_route=%2Fwp%2Fv2%2Fmedia&parent=561599"}],"wp:term":[{"taxonomy":"category","embeddable":true,"href":"https:\/\/www.diarioimagen.net\/index.php?rest_route=%2Fwp%2Fv2%2Fcategories&post=561599"},{"taxonomy":"post_tag","embeddable":true,"href":"https:\/\/www.diarioimagen.net\/index.php?rest_route=%2Fwp%2Fv2%2Ftags&post=561599"}],"curies":[{"name":"wp","href":"https:\/\/api.w.org\/{rel}","templated":true}]}}