{"id":561660,"date":"2022-10-05T00:02:02","date_gmt":"2022-10-05T05:02:02","guid":{"rendered":"https:\/\/www.diarioimagen.net\/?p=561660"},"modified":"2022-10-06T01:01:35","modified_gmt":"2022-10-06T06:01:35","slug":"ofrece-mag-rafael-guerra-alvarez-resolver-juicios-laborales-sin-formalismos-procedimentales","status":"publish","type":"post","link":"https:\/\/www.diarioimagen.net\/?p=561660","title":{"rendered":"Ofrece mag. Rafael Guerra \u00c1lvarez resolver juicios laborales sin formalismos procedimentales"},"content":{"rendered":"<p>&nbsp;<\/p>\n<ul>\n<li><strong><em>As\u00ed lo expres\u00f3 en su car\u00e1cter de presidente de la Conatrib, en el acto de la entrada en vigor de la tercera y \u00faltima etapa de la reforma laboral, fase que incluye a la Ciudad de M\u00e9xico<\/em><\/strong><\/li>\n<\/ul>\n<p>&nbsp;<\/p>\n<div id=\"attachment_561685\" style=\"width: 470px\" class=\"wp-caption aligncenter\"><img loading=\"lazy\" decoding=\"async\" aria-describedby=\"caption-attachment-561685\" class=\"size-full wp-image-561685\" src=\"https:\/\/www.diarioimagen.net\/wp-content\/uploads\/2022\/10\/tribunal-2.jpg\" alt=\"\" width=\"460\" height=\"270\" \/><p id=\"caption-attachment-561685\" class=\"wp-caption-text\">Con respeto a la independencia de los fallos de los impartidores de justicia, el magistrado Rafael Guerra \u00c1lvarez les record\u00f3 la importancia del principio de primac\u00eda sobre los elementos formales que lo contradigan.<\/p><\/div>\n<p>&nbsp;<\/p>\n<p>El presidente de la Comisi\u00f3n Nacional de Tribunales Superiores de Justicia de los Estados Unidos Mexicanos (Conatrib), magistrado Rafael Guerra \u00c1lvarez, ofreci\u00f3 que los tribunales laborales privilegiar\u00e1n la soluci\u00f3n de conflictos sobre formalismos procedimentales, sin afectar el debido proceso y los fines del derecho del trabajo.<\/p>\n<p>En el acto de la entrada en vigor de la tercera etapa de la reforma laboral, fase que incluye a la Ciudad de M\u00e9xico, precis\u00f3 que los juzgadores locales est\u00e1n conscientes de la responsabilidad que asumen, y a quienes, con respeto a la independencia de sus fallos, record\u00f3 la importancia del principio de primac\u00eda sobre los elementos formales que lo contradigan.<\/p>\n<p>Ante la secretaria del Trabajo, Luisa Mar\u00eda Alcalde Luj\u00e1n, quien encabez\u00f3 el acto, coment\u00f3 que los \u00f3rganos judiciales locales continuar\u00e1n con la promoci\u00f3n de ajustes necesarios a las leyes org\u00e1nicas en la implementaci\u00f3n de la \u201cpreciada materia del trabajo\u201d, as\u00ed como a enfrentar los retos presupuestales que supone.<\/p>\n<p>Tambi\u00e9n destac\u00f3 que la judicatura local mantendr\u00e1 la adopci\u00f3n de nuevas tecnolog\u00edas, la capacitaci\u00f3n de aspirantes a jueces labores, as\u00ed como del personal que se requiere para el perfeccionamiento de cada tribunal laboral.<\/p>\n<p>En el Patio del Trabajo de la Secretar\u00eda de Educaci\u00f3n P\u00fablica, record\u00f3 que los tribunales laborales enmarcados en los poderes judiciales tienen la responsabilidad de ventilar los conflictos individuales y colectivos que se no resuelvan en conciliaci\u00f3n, por ejemplo, las huelgas y las disputas por la titularidad de los contratos colectivos.<\/p>\n<p>Respecto a los centros locales de conciliaci\u00f3n, que tambi\u00e9n entran en operaci\u00f3n en esta fase, dijo que buscan avenir los conflictos entre patrones y trabajadores por medio de medidas alternativas de soluci\u00f3n de controversias previstas en la Constituci\u00f3n.<\/p>\n<p>\u201cNuestro prop\u00f3sito com\u00fan es fomentar que no se judicialicen las discusiones laborales ni permitir a los trabajadores renunciar a los derechos contenidos en la Ley Federal del Trabajo\u201d, enfatiz\u00f3.<\/p>\n<p>Record\u00f3 que, en esta nueva etapa, los tribunales laborales locales encuadrados en cada poder judicial local coordinar\u00e1n con las antiguas juntas de conciliaci\u00f3n y arbitraje \u00fanicamente el desahogo de los casos que tienen pendientes hasta su total conclusi\u00f3n.<\/p>\n<p>Con la presencia del ministro de la Suprema de la Corte de Justicia de la Naci\u00f3n, Alfredo Guti\u00e9rrez Ortiz Mena, y del director general del Centro de Conciliaci\u00f3n y Registro Laboral, Alfredo Dom\u00ednguez Marrufo, el magistrado subray\u00f3 que el trabajo representa valores esenciales para la identidad nacional, porque significa persistencia, determinaci\u00f3n, compromiso, pasi\u00f3n, pr\u00e1ctica y concentraci\u00f3n, que son cualidades decisivas para la realizaci\u00f3n de los individuos y las naciones.<\/p>\n<p>En el acto participaron tambi\u00e9n el consejero de la Judicatura Federal, Javier Molina Mart\u00ednez; el presidente del Tribunal Superior de Justicia del Estado de M\u00e9xico, Ricardo Sodi Cu\u00e9llar, y la secretaria del Trabajo de Veracruz, Dorheny Garc\u00eda Cayetano.<\/p>\n","protected":false},"excerpt":{"rendered":"<p>El presidente de la Comisi\u00f3n Nacional de Tribunales Superiores de Justicia de los Estados Unidos Mexicanos (Conatrib), magistrado Rafael Guerra \u00c1lvarez, ofreci\u00f3 que los tribunales laborales privilegiar\u00e1n la soluci\u00f3n de conflictos sobre formalismos procedimentales, sin afectar el debido proceso y los fines del derecho del trabajo.<\/p>\n","protected":false},"author":3,"featured_media":561685,"comment_status":"open","ping_status":"open","sticky":false,"template":"","format":"standard","meta":{"_monsterinsights_skip_tracking":false,"_monsterinsights_sitenote_active":false,"_monsterinsights_sitenote_note":"","_monsterinsights_sitenote_category":0,"footnotes":""},"categories":[6],"tags":[34444,96521,96522,79994],"class_list":["post-561660","post","type-post","status-publish","format-standard","has-post-thumbnail","hentry","category-cd-de-mexico","tag-cdmx","tag-juicios-laborales","tag-procedimeinto","tag-rafael-guerra-alvarez"],"_links":{"self":[{"href":"https:\/\/www.diarioimagen.net\/index.php?rest_route=\/wp\/v2\/posts\/561660","targetHints":{"allow":["GET"]}}],"collection":[{"href":"https:\/\/www.diarioimagen.net\/index.php?rest_route=\/wp\/v2\/posts"}],"about":[{"href":"https:\/\/www.diarioimagen.net\/index.php?rest_route=\/wp\/v2\/types\/post"}],"author":[{"embeddable":true,"href":"https:\/\/www.diarioimagen.net\/index.php?rest_route=\/wp\/v2\/users\/3"}],"replies":[{"embeddable":true,"href":"https:\/\/www.diarioimagen.net\/index.php?rest_route=%2Fwp%2Fv2%2Fcomments&post=561660"}],"version-history":[{"count":0,"href":"https:\/\/www.diarioimagen.net\/index.php?rest_route=\/wp\/v2\/posts\/561660\/revisions"}],"wp:featuredmedia":[{"embeddable":true,"href":"https:\/\/www.diarioimagen.net\/index.php?rest_route=\/wp\/v2\/media\/561685"}],"wp:attachment":[{"href":"https:\/\/www.diarioimagen.net\/index.php?rest_route=%2Fwp%2Fv2%2Fmedia&parent=561660"}],"wp:term":[{"taxonomy":"category","embeddable":true,"href":"https:\/\/www.diarioimagen.net\/index.php?rest_route=%2Fwp%2Fv2%2Fcategories&post=561660"},{"taxonomy":"post_tag","embeddable":true,"href":"https:\/\/www.diarioimagen.net\/index.php?rest_route=%2Fwp%2Fv2%2Ftags&post=561660"}],"curies":[{"name":"wp","href":"https:\/\/api.w.org\/{rel}","templated":true}]}}