{"id":561726,"date":"2022-10-05T00:02:32","date_gmt":"2022-10-05T05:02:32","guid":{"rendered":"https:\/\/www.diarioimagen.net\/?p=561726"},"modified":"2022-10-05T02:41:11","modified_gmt":"2022-10-05T07:41:11","slug":"un-pueblo-mendicante","status":"publish","type":"post","link":"https:\/\/www.diarioimagen.net\/?p=561726","title":{"rendered":"Un pueblo mendicante"},"content":{"rendered":"<h2>De pe a pa<\/h2>\n<h5>Alberto Vieyra G.<\/h5>\n<p>&nbsp;<\/p>\n<p>\u00bfM\u00e9xico est\u00e1 en v\u00edas de convertirse con AMLO en un pueblo mendicante que vive de limosna o de milagro, porque los gobiernos de derecha, de centro e izquierda han sido incapaces de proporcionarle el tan anhelado bienestar familiar?<\/p>\n<p>AMLO ya nos hizo saber que \u201cMorena obtiene sus votos con la gente m\u00e1s ignorante&#8230; entre m\u00e1s analfabetismo, m\u00e1s apoyo a Morena\u201d. \u00a1Inaudito!\u00a0 Despu\u00e9s de ese ultraje a la dignidad de un pueblo pobre porque los reg\u00edmenes sexenales no han propiciado un reparto equitativo de la riqueza nacional, mediante salarios dignos y una educaci\u00f3n de calidad que le permita a la gente dejar atr\u00e1s el analfabetismo cr\u00f3nico que padece y su condici\u00f3n de mendicante, ahora el chonchudo presidente de la rep\u00fablica nos ofrece otra joya sexenal aconsejando a los mexicanos que, para evitar ser secuestrados por las mafias criminales lo mejor es ser pobre.<\/p>\n<p>Se trata de una infame declaraci\u00f3n, que sin duda tiene que ver con su problema de neurosis que padece y que lo hace vomitar a cada paso que da con expresiones detestables como el hecho de dividir, mediante el odio, al pueblo de M\u00e9xico. S\u00ed, AMLO ha hecho un M\u00e9xico de \u201cchairos\u201d y \u201cconservadores fif\u00eds\u201d.<\/p>\n<p>Le ruego ponerse c\u00f3modo y escuchar la siguiente infame expresi\u00f3n del presidente AMLO: \u201cNo secuestran a un pobre, secuestran al que tiene\u201d.<\/p>\n<p>De acuerdo con tan imp\u00fadica expresi\u00f3n presidencial usted se preguntar\u00e1: \u00bfBueno, para qu\u00e9 demonios estudio con el fin de superarme y no ser un don nadie? \u00bfDe qu\u00e9 le sirve al ser humano aspirar a ser m\u00e9dico, abogado, arquitecto o cualquier otra formaci\u00f3n profesional si al final de cuentas, seg\u00fan AMLO no debemos de pasar de pericos a perros para que no nos secuestren?<\/p>\n<p>La explicaci\u00f3n es muy simple: Si el partido del Presidente obtiene los votos de la gente m\u00e1s ignorante y analfabeta, pues para que mandarlos a la escuela, no sea que de ah\u00ed salgan unos genios y de pronto hacen una revoluci\u00f3n y deponen al gobierno en turno y, adem\u00e1s, si se es un mendicante del lat\u00edn mendicare. que quiere decir una persona que vive de limosna, pues qui\u00e9n va a secuestrar a un limosnero, en cambio los gobiernos del diablo usaran a la perfecci\u00f3n su ignorancia y su miseria para lucrar con ellos.<\/p>\n<p>La reciente conmemoraci\u00f3n del tlatelolcazo del 2 de octubre, que en su momento benefici\u00f3 a quienes hoy est\u00e1n en el poder, pero que actualmente lo detestan, me llam\u00f3 poderosamente la atenci\u00f3n el grito de \u201c\u00a1no a la militarizaci\u00f3n de la naci\u00f3n azteca!\u201d. Y es que como M\u00e9xico es un pueblo ignorante y fregado, seg\u00fan la expresi\u00f3n del Presidente de la Rep\u00fablica, pues entonces a ese pueblo se le puede degradar, humillar, ultrajar o cualquier otra cosa, al fin que por necesidad aguantan todo.<\/p>\n<p>AMLO sabe muy bien que \u201clos pueblos tienen los gobiernos que se merecen\u201d, aunque sean m\u00e1s ignorantes que los propios ciudadanos de a pie, pero como ellos tienen el poder, pues entonces le pueden poner la pata en el pescuezo.<\/p>\n<p>Dentro de 2 a\u00f1os, los mexicanos tendremos ya un nuevo Presidente de la Rep\u00fablica que ojal\u00e1 y no ultraje la dignidad de un pueblo mexicano como lo hace c\u00ednicamente AMLO, a quien le ha dolido hasta en la m\u00e9dula el guacamayazo con el que le robaron informaci\u00f3n estrat\u00e9gica que vulnera la seguridad nacional y que exhibe a \u00e9l como un Presidente enfermo y a un gobierno podrido, como lo revela el peri\u00f3dico espa\u00f1ol El Pa\u00eds, que producto del guacamayazo encuera a los altos mandos castrenses hay podredumbre en materia de sexual. S\u00ed, hay violaciones sexuales por parte de los altos mandos castrenses.<\/p>\n<p>Pero esto del guacamayazo no se acaba, hasta que se acabe y AMLO debe saber que estamos ante un asunto no apto para card\u00edacos.<\/p>\n<p><em><a href=\"mailto:info@agenciamn.com\" target=\"_blank\" rel=\"noopener noreferrer\">info@agenciamn.com<\/a><\/em><\/p>\n","protected":false},"excerpt":{"rendered":"<p><span style=\"color: #005497;\"><strong>Alberto Vieyra G.<\/strong><\/span><\/p>\n","protected":false},"author":3,"featured_media":0,"comment_status":"open","ping_status":"open","sticky":false,"template":"","format":"standard","meta":{"_monsterinsights_skip_tracking":false,"_monsterinsights_sitenote_active":false,"_monsterinsights_sitenote_note":"","_monsterinsights_sitenote_category":0,"footnotes":""},"categories":[4596],"tags":[43697,4597,43674],"class_list":["post-561726","post","type-post","status-publish","format-standard","hentry","category-alberto-vieyra-g","tag-alberto-vieyra-g","tag-de-pe-a-pa","tag-opinion"],"_links":{"self":[{"href":"https:\/\/www.diarioimagen.net\/index.php?rest_route=\/wp\/v2\/posts\/561726","targetHints":{"allow":["GET"]}}],"collection":[{"href":"https:\/\/www.diarioimagen.net\/index.php?rest_route=\/wp\/v2\/posts"}],"about":[{"href":"https:\/\/www.diarioimagen.net\/index.php?rest_route=\/wp\/v2\/types\/post"}],"author":[{"embeddable":true,"href":"https:\/\/www.diarioimagen.net\/index.php?rest_route=\/wp\/v2\/users\/3"}],"replies":[{"embeddable":true,"href":"https:\/\/www.diarioimagen.net\/index.php?rest_route=%2Fwp%2Fv2%2Fcomments&post=561726"}],"version-history":[{"count":0,"href":"https:\/\/www.diarioimagen.net\/index.php?rest_route=\/wp\/v2\/posts\/561726\/revisions"}],"wp:attachment":[{"href":"https:\/\/www.diarioimagen.net\/index.php?rest_route=%2Fwp%2Fv2%2Fmedia&parent=561726"}],"wp:term":[{"taxonomy":"category","embeddable":true,"href":"https:\/\/www.diarioimagen.net\/index.php?rest_route=%2Fwp%2Fv2%2Fcategories&post=561726"},{"taxonomy":"post_tag","embeddable":true,"href":"https:\/\/www.diarioimagen.net\/index.php?rest_route=%2Fwp%2Fv2%2Ftags&post=561726"}],"curies":[{"name":"wp","href":"https:\/\/api.w.org\/{rel}","templated":true}]}}