{"id":561760,"date":"2022-10-06T00:06:24","date_gmt":"2022-10-06T05:06:24","guid":{"rendered":"https:\/\/www.diarioimagen.net\/?p=561760"},"modified":"2022-10-07T04:17:55","modified_gmt":"2022-10-07T09:17:55","slug":"dispositivo-movil-herramienta-que-facilita-la-practica-periodistica-actual","status":"publish","type":"post","link":"https:\/\/www.diarioimagen.net\/?p=561760","title":{"rendered":"Dispositivo m\u00f3vil, herramienta que facilita la pr\u00e1ctica period\u00edstica actual"},"content":{"rendered":"<p><em>\u00a0<\/em><\/p>\n<ul>\n<li><em><strong>Fidel Romero \u00c1lvarez, especialista en periodismo y tecnolog\u00eda, imparti\u00f3 un taller para estudiantes de Comunicaci\u00f3n de la UAEM\u00e9x e integrantes de la Asociaci\u00f3n de Periodistas del Valle de Toluca<\/strong> <\/em><\/li>\n<\/ul>\n<p><strong>\u00a0<\/strong><\/p>\n<div id=\"attachment_561838\" style=\"width: 470px\" class=\"wp-caption aligncenter\"><img loading=\"lazy\" decoding=\"async\" aria-describedby=\"caption-attachment-561838\" class=\"size-full wp-image-561838\" src=\"https:\/\/www.diarioimagen.net\/wp-content\/uploads\/2022\/10\/uaem1.jpg\" alt=\"\" width=\"460\" height=\"270\" \/><p id=\"caption-attachment-561838\" class=\"wp-caption-text\">Destac\u00f3 que las herramientas digitales ofrecen a las y los periodistas la posibilidad de crear historias multimedia y abordar temas poco cubiertos por los medios tradicionales<\/p><\/div>\n<p>&nbsp;<\/p>\n<p><strong>Toluca, Estado de M\u00e9xico.\u2014 <\/strong>Los dispositivos m\u00f3viles como el celular pueden ser herramientas que faciliten la labor de las y los periodistas al permitirles capturar y transmitir en tiempo real los sucesos del d\u00eda, destac\u00f3 el acad\u00e9mico del Sistema de Universidad Virtual de la Universidad de Guadalajara (UdG), Fidel Romero \u00c1lvarez.<\/p>\n<p>Al impartir el taller \u201cHerramientas digitales para el periodismo m\u00f3vil\u201d en la Facultad de Ciencias Pol\u00edticas y Sociales de la Universidad Aut\u00f3noma del Estado de M\u00e9xico (UAEM\u00e9x), Romero \u00c1lvarez detall\u00f3 que este tipo de espacios propician el intercambio de experiencias y formas de trabajo entre estudiantes o periodistas j\u00f3venes, que est\u00e1n m\u00e1s familiarizados con las tecnolog\u00edas, y las y los profesionales del periodismo o comunicaci\u00f3n de la \u201cvieja guardia\u201d que comienzan a incursionar en este \u00e1mbito.<\/p>\n<p>En este sentido, enfatiz\u00f3 que es fundamental para las y los periodistas saber aprovechar las redes sociales, aplicaciones m\u00f3viles y herramientas digitales para crear mejores contenidos y, con ello, ganar nuevas audiencias, as\u00ed como crear historias poco cubiertas, pero de gran inter\u00e9s para la sociedad, a trav\u00e9s de recursos multimedia.<\/p>\n<p>\u201cLos periodistas deben saber c\u00f3mo crear mejores contenidos enfocados a las audiencias y que les ayude a mantenerse informados de los acontecimientos de la localidad. De qu\u00e9 manera estos pueden impactar porque posiblemente a partir de ah\u00ed pueden tomar decisiones y generar opiniones e, incluso, cambios de leyes y cambios en el gobierno\u201d, apunt\u00f3.<\/p>\n<p>El especialista en tecnolog\u00eda y periodismo se\u00f1al\u00f3 que si bien nos encontramos en una era digital en la que utilizar este tipo de recursos es importante, estos se potenciaron a\u00fan m\u00e1s a ra\u00edz de la pandemia de COVID-19 que oblig\u00f3 a reporteros y reporteras a obtener la informaci\u00f3n a la distancia al hacer uso de plataformas de videoconferencia como Zoom, redes sociales como Instagram y aplicaciones de mensajer\u00eda instant\u00e1nea y audio como WhatsApp.<\/p>\n<p>Romero \u00c1lvarez indic\u00f3 que quienes se dedican al periodismo necesitan mantenerse en constante actualizaci\u00f3n y acaparar la mayor cantidad de herramientas digitales, no s\u00f3lo para producir contenido, sino para enterarse de los temas y seleccionar los formatos m\u00e1s adecuados y llegar a p\u00fablicos potenciales, as\u00ed como evaluar si las historias que est\u00e1n contando son de utilidad e inter\u00e9s.<\/p>\n<p>El taller fue organizado por la Direcci\u00f3n General de Comunicaci\u00f3n Universitaria (DGCU) de la UAEM\u00e9x y la Asociaci\u00f3n de Periodistas del Valle de Toluca (APVT) en el cual participaron m\u00e1s de 35 personas dedicadas al periodismo y la comunicaci\u00f3n.<\/p>\n","protected":false},"excerpt":{"rendered":"<p>Los dispositivos m\u00f3viles como el celular pueden ser herramientas que faciliten la labor de las y los periodistas al permitirles capturar y transmitir en tiempo real los sucesos del d\u00eda, destac\u00f3 el acad\u00e9mico del Sistema de Universidad Virtual de la Universidad de Guadalajara (UdG), Fidel Romero \u00c1lvarez.<\/p>\n","protected":false},"author":3,"featured_media":561838,"comment_status":"open","ping_status":"open","sticky":false,"template":"","format":"standard","meta":{"_monsterinsights_skip_tracking":false,"_monsterinsights_sitenote_active":false,"_monsterinsights_sitenote_note":"","_monsterinsights_sitenote_category":0,"footnotes":""},"categories":[5],"tags":[43675,96524,452],"class_list":["post-561760","post","type-post","status-publish","format-standard","has-post-thumbnail","hentry","category-estado-de-mexico","tag-estado-de-mexico","tag-practica-periodistica","tag-toluca"],"_links":{"self":[{"href":"https:\/\/www.diarioimagen.net\/index.php?rest_route=\/wp\/v2\/posts\/561760","targetHints":{"allow":["GET"]}}],"collection":[{"href":"https:\/\/www.diarioimagen.net\/index.php?rest_route=\/wp\/v2\/posts"}],"about":[{"href":"https:\/\/www.diarioimagen.net\/index.php?rest_route=\/wp\/v2\/types\/post"}],"author":[{"embeddable":true,"href":"https:\/\/www.diarioimagen.net\/index.php?rest_route=\/wp\/v2\/users\/3"}],"replies":[{"embeddable":true,"href":"https:\/\/www.diarioimagen.net\/index.php?rest_route=%2Fwp%2Fv2%2Fcomments&post=561760"}],"version-history":[{"count":0,"href":"https:\/\/www.diarioimagen.net\/index.php?rest_route=\/wp\/v2\/posts\/561760\/revisions"}],"wp:featuredmedia":[{"embeddable":true,"href":"https:\/\/www.diarioimagen.net\/index.php?rest_route=\/wp\/v2\/media\/561838"}],"wp:attachment":[{"href":"https:\/\/www.diarioimagen.net\/index.php?rest_route=%2Fwp%2Fv2%2Fmedia&parent=561760"}],"wp:term":[{"taxonomy":"category","embeddable":true,"href":"https:\/\/www.diarioimagen.net\/index.php?rest_route=%2Fwp%2Fv2%2Fcategories&post=561760"},{"taxonomy":"post_tag","embeddable":true,"href":"https:\/\/www.diarioimagen.net\/index.php?rest_route=%2Fwp%2Fv2%2Ftags&post=561760"}],"curies":[{"name":"wp","href":"https:\/\/api.w.org\/{rel}","templated":true}]}}