{"id":561805,"date":"2022-10-06T00:01:46","date_gmt":"2022-10-06T05:01:46","guid":{"rendered":"https:\/\/www.diarioimagen.net\/?p=561805"},"modified":"2022-10-06T01:20:19","modified_gmt":"2022-10-06T06:20:19","slug":"locos-del-poder","status":"publish","type":"post","link":"https:\/\/www.diarioimagen.net\/?p=561805","title":{"rendered":"Locos del poder"},"content":{"rendered":"<h2>De pe a pa<\/h2>\n<h5>Alberto Vieyra G.<\/h5>\n<p>&nbsp;<\/p>\n<p>A principios de julio de 2006, este \u00e1tomo de la comunicaci\u00f3n viaj\u00f3 a La Habana, tras haberse confirmado una entrevista con el l\u00edder de la Revoluci\u00f3n Cubana, Fidel Castro; dos d\u00edas despu\u00e9s a mi llegada, un oficial del gobierno cubano se present\u00f3 al domicilio en el que estaba hospedado. Verbalmente me comunic\u00f3 que la entrevista con Castro hab\u00eda sido cancelada en su agenda. No me explico ninguna otra raz\u00f3n.<\/p>\n<p>A la semana siguiente, regres\u00e9 a M\u00e9xico donde la misma persona que me hab\u00eda concertado la entrevista me comunic\u00f3 que el l\u00edder cubano que humill\u00f3 tantas veces al imperio de las barras y las estrellas estaba hospitalizado producto de un largo padecimiento llamado diverticulitis de colon, que padec\u00eda desde a\u00f1os atr\u00e1s agravado con agudas depresiones que le aquejaban. Finalmente, Fidel Castro tuvo que heredar el poder a su hermano Ra\u00fal, el 31 de julio de 2006.<\/p>\n<p>El estado de salud de los jefes de Estado, especialmente en aquellas naciones en las que imperan las dictaduras totalitarias se convierte en un asunto raz\u00f3n de Estado, es decir, que de la enfermedad que padecen esos gobernantes el pueblo no sabe, ni p\u00edo y entre m\u00e1s se mantenga en secreto, mucho mejor.<\/p>\n<p>En el caso del dictador espa\u00f1ol, Francisco Franco nada se sab\u00eda de su enfermedad de Parkinson que lo convert\u00eda por momentos en un aut\u00e9ntico t\u00edtere tembloroso, sobre todo cuando <em>sent\u00eda pasos<\/em> que le pod\u00edan arrebatar el poder. En esas deplorables condiciones de salud decidi\u00f3 exterminar a cientos de espa\u00f1oles valiosos como los poetas Federico Garc\u00eda Lorca o Miguel Hern\u00e1ndez. Por su rabiosa enfermedad, muchos espa\u00f1oles l\u00facidos se exiliaron en M\u00e9xico durante el r\u00e9gimen de L\u00e1zaro C\u00e1rdenas y sus aportes a la cultura del pueblo mexicano fueron invaluables. Finalmente, Francisco Franco morir\u00eda de una embolia pulmonar, en 1975. El da\u00f1o que Franco le caus\u00f3 al pueblo espa\u00f1ol ser\u00eda imborrable.<\/p>\n<p>Otra pesadilla, vivir\u00eda el pueblo chileno desde que, en 1973, <em>el goril\u00f3n<\/em> Augusto Pinochet ahog\u00f3 la democracia en un golpe de Estado que dej\u00f3 imborrables heridas entre los chilenos, muchos de los cuales se exiliaron en M\u00e9xico ante el clima de terror impuesto por Pinochet. Los chilenos desconoc\u00edan que el militar que hab\u00eda sido impulsado por la llamada <em>dama de hierro<\/em> de Inglaterra, Margaret Thatcher, padec\u00eda una larga cadena de enfermedades como p\u00e9rdidas de equilibrio, lagunas mentales, n\u00e1useas, mareos e incontinencia urinaria a raz\u00f3n de una infernal neurosis que lo manten\u00eda permanentemente deprimido y que finalmente derivo en un accidente vascular encef\u00e1lico. Por cierto, la se\u00f1ora Thatcher muri\u00f3 tambi\u00e9n de un derrame cerebral. Fue ella, la gran art\u00edfice de la econom\u00eda neoliberal que propici\u00f3 en el mundo el surgimiento de unas cuantas <em>comaladas<\/em> de s\u00faper, s\u00faper ricos y ej\u00e9rcitos y m\u00e1s ej\u00e9rcitos de pobres en el mundo, sobre todo en aquellas naciones donde se experiment\u00f3 la llamada macroeconom\u00eda, precisamente como en Chile que se convirti\u00f3 en el laboratorio de la econom\u00eda neoliberal a nivel mundial.<\/p>\n<p>Tampoco los ingleses sab\u00edan que la se\u00f1ora Thatcher padec\u00eda de la llamada enfermedad de las mil caras, la neurosis que convierte a los seres en aut\u00e9nticos t\u00edteres de sus emociones.<\/p>\n<p>\u00bfSe imagina usted a un gobernante con todo el poder en sus manos y con enfermedades de tal naturaleza y de lo que son capaces de hacer contra su pueblo? Sabemos los mexicanos desde hace m\u00e1s de 4 a\u00f1os que AMLO tiene problemas card\u00edacos, pero el <em>guacamayazo<\/em> nos ha revelado que el Presidente es coleccionista de enfermedades como la neurosis, gota, hipertiroidismo, angina de pecho, hipertensi\u00f3n y quiz\u00e1 hasta Alzheimer por aquello que los datos que recoge de las estampitas en materia de historia las tergiversa haci\u00e9ndonos creer que la esposa de Benito Ju\u00e1rez no fue do\u00f1a Margarita Maza, sino la esposa de Porfirio D\u00edaz, Carmen Romero Rubio. \u00a1Qu\u00e9 chulada de Presidente tenemos!\u00a0 Y no cabe duda que \u201clos pueblos tienen los gobiernos que se merecen\u201d.<\/p>\n<p><em><a href=\"mailto:info@agenciamn.com\" target=\"_blank\" rel=\"noopener noreferrer\">info@agenciamn.com<\/a><\/em><\/p>\n","protected":false},"excerpt":{"rendered":"<p><span style=\"color: #005497;\"><strong>Alberto Vieyra G.<\/strong><\/span><\/p>\n","protected":false},"author":3,"featured_media":0,"comment_status":"open","ping_status":"open","sticky":false,"template":"","format":"standard","meta":{"_monsterinsights_skip_tracking":false,"_monsterinsights_sitenote_active":false,"_monsterinsights_sitenote_note":"","_monsterinsights_sitenote_category":0,"footnotes":""},"categories":[4596],"tags":[43697,4597,43674],"class_list":["post-561805","post","type-post","status-publish","format-standard","hentry","category-alberto-vieyra-g","tag-alberto-vieyra-g","tag-de-pe-a-pa","tag-opinion"],"_links":{"self":[{"href":"https:\/\/www.diarioimagen.net\/index.php?rest_route=\/wp\/v2\/posts\/561805","targetHints":{"allow":["GET"]}}],"collection":[{"href":"https:\/\/www.diarioimagen.net\/index.php?rest_route=\/wp\/v2\/posts"}],"about":[{"href":"https:\/\/www.diarioimagen.net\/index.php?rest_route=\/wp\/v2\/types\/post"}],"author":[{"embeddable":true,"href":"https:\/\/www.diarioimagen.net\/index.php?rest_route=\/wp\/v2\/users\/3"}],"replies":[{"embeddable":true,"href":"https:\/\/www.diarioimagen.net\/index.php?rest_route=%2Fwp%2Fv2%2Fcomments&post=561805"}],"version-history":[{"count":0,"href":"https:\/\/www.diarioimagen.net\/index.php?rest_route=\/wp\/v2\/posts\/561805\/revisions"}],"wp:attachment":[{"href":"https:\/\/www.diarioimagen.net\/index.php?rest_route=%2Fwp%2Fv2%2Fmedia&parent=561805"}],"wp:term":[{"taxonomy":"category","embeddable":true,"href":"https:\/\/www.diarioimagen.net\/index.php?rest_route=%2Fwp%2Fv2%2Fcategories&post=561805"},{"taxonomy":"post_tag","embeddable":true,"href":"https:\/\/www.diarioimagen.net\/index.php?rest_route=%2Fwp%2Fv2%2Ftags&post=561805"}],"curies":[{"name":"wp","href":"https:\/\/api.w.org\/{rel}","templated":true}]}}