{"id":561813,"date":"2022-10-06T00:03:24","date_gmt":"2022-10-06T05:03:24","guid":{"rendered":"https:\/\/www.diarioimagen.net\/?p=561813"},"modified":"2022-10-06T01:26:02","modified_gmt":"2022-10-06T06:26:02","slug":"avanzo-la-ley-adan-augusto","status":"publish","type":"post","link":"https:\/\/www.diarioimagen.net\/?p=561813","title":{"rendered":"Avanz\u00f3 la \u201cley Ad\u00e1n Augusto\u201d"},"content":{"rendered":"<h2>Espacio Electoral<\/h2>\n<h5>Eleazar Flores<\/h5>\n<p><strong>\u00a0<\/strong><\/p>\n<p><strong>INJERENCISMO DESCARADO-.<\/strong> Sin el menor rubor, pues trabaj\u00f3 frente a los ojos legislativos y c\u00e1maras y micr\u00f3fonos de los medios de comunicaci\u00f3n, escritos y electr\u00f3nicos, el secretario de Gobernaci\u00f3n, Ad\u00e1n Augusto L\u00f3pez Hern\u00e1ndez, rindi\u00f3 buenas cuentas a su amo.<\/p>\n<p>La presencia del titular de la Segob en el Senado fue para cabildear m\u00e1s votos y aprobar la militarizaci\u00f3n del pa\u00eds, labor que se supone era del l\u00edder cameral moreno Ricardo Monreal.<\/p>\n<p>Pero el zacatecano no tiene en sus manos, pues no es su chamba, las carpetas de investigaci\u00f3n de legisladores inicialmente opositores a dicha iniciativa, pero s\u00ed el se\u00f1or de Bucareli, quien por lo resultados del martes en el Senado, es de los pocos de la Cuarta Transformaci\u00f3n que adem\u00e1s de espionaje tiene carpetas bajo el hombro, inteligencia pol\u00edtica.<\/p>\n<p><strong>\u00bfCASUALIDADES?-.<\/strong> Partiendo del principio de que en pol\u00edtica no hay casualidades, deduzca el sospechosismo acerca del comportamiento de los senadores, Miguel \u00c1ngel Mancera, del PRD y \u201clady\u201d Beltrones, ligada siempre al PRI por convicci\u00f3n paterna, pero tambi\u00e9n al Partido Verde Ecologista, porque as\u00ed lo quiso el destino, dir\u00eda alg\u00fan pronunciamiento sentimental.<\/p>\n<p>En plena negociaci\u00f3n para alcanzar mayor\u00eda de votos para aprobar la militarizaci\u00f3n del pa\u00eds por seis a\u00f1os m\u00e1s, la Jefa de Gobierno, Claudia Sheinbaum, salt\u00f3 un bombazo, la investigaci\u00f3n contra el senador perredista y ex jefe de gobierno Miguel \u00c1ngel Mancera, por presuntas ligas con asuntos de car\u00e1cter inmobiliario.<\/p>\n<p>Mancera, que p\u00fablicamente hab\u00eda dicho que votar\u00eda en contra de la \u201cley Sedena\u201d, inexplicablemente no s\u00f3lo vot\u00f3, hasta argument\u00f3 su posici\u00f3n aprobatoria desde la \u201ctribuna m\u00e1s alta del pa\u00eds\u201d, como les gusta decir a nuestros per\u00ednclitos legisladores.<\/p>\n<p>Con su voto, seguramente se congelar\u00e1 la investigaci\u00f3n contra Mancera pero para no pensar mal de la justicia, es mejor esperar. El olvido podr\u00eda ser suficiente.<\/p>\n<p>En cuanto a la abogada Sylvana Beltrones S\u00e1nchez, sonorense hija de ya saben qui\u00e9n, ya tiene un largo andar en la pol\u00edtica, por la v\u00eda plurinominal en cuanto a cargos de elecci\u00f3n, ocupando cargos de diputada federal y ahora senadora. Seguramente su carrera es limpia no obstante su parentesco pol\u00edtico con el destacado miembro del Partido Verde Ecologista de M\u00e9xico, Pablo Escudero Morales.<\/p>\n<p>\u201cLady\u201d Beltrones seguramente no tiene nada por lo que se le pudiera presionarla a votar a favor de la \u201cley Sedena\u201d, pero para bien o para mal, los antecedentes familiares podr\u00edan ser punto de apoyo del presionador guinda, siendo esto \u00faltimo s\u00f3lo una percepci\u00f3n pero el se\u00f1or de las carpetas que toma al Senado como su segunda oficina, a lo mejor tiene puntos de apoyo.<\/p>\n<p>Lo m\u00e1s humillante para el Senado es aceptar el injerencismo como algo normal, no cabe duda que \u201cya no es como antes\u201d.<\/p>\n<p><em><a href=\"mailto:elefa44@gmail.com\" target=\"_blank\" rel=\"noopener noreferrer\">elefa44@gmail.com<\/a><\/em><\/p>\n","protected":false},"excerpt":{"rendered":"<p><span style=\"color: #005497;\"><strong>Eleazar Flores<\/strong><\/span><\/p>\n","protected":false},"author":3,"featured_media":0,"comment_status":"open","ping_status":"open","sticky":false,"template":"","format":"standard","meta":{"_monsterinsights_skip_tracking":false,"_monsterinsights_sitenote_active":false,"_monsterinsights_sitenote_note":"","_monsterinsights_sitenote_category":0,"footnotes":""},"categories":[81743],"tags":[81744,81776,75367,43674],"class_list":["post-561813","post","type-post","status-publish","format-standard","hentry","category-eleazar-flores","tag-eleazar-flores","tag-espacio-electoral","tag-k","tag-opinion"],"_links":{"self":[{"href":"https:\/\/www.diarioimagen.net\/index.php?rest_route=\/wp\/v2\/posts\/561813","targetHints":{"allow":["GET"]}}],"collection":[{"href":"https:\/\/www.diarioimagen.net\/index.php?rest_route=\/wp\/v2\/posts"}],"about":[{"href":"https:\/\/www.diarioimagen.net\/index.php?rest_route=\/wp\/v2\/types\/post"}],"author":[{"embeddable":true,"href":"https:\/\/www.diarioimagen.net\/index.php?rest_route=\/wp\/v2\/users\/3"}],"replies":[{"embeddable":true,"href":"https:\/\/www.diarioimagen.net\/index.php?rest_route=%2Fwp%2Fv2%2Fcomments&post=561813"}],"version-history":[{"count":0,"href":"https:\/\/www.diarioimagen.net\/index.php?rest_route=\/wp\/v2\/posts\/561813\/revisions"}],"wp:attachment":[{"href":"https:\/\/www.diarioimagen.net\/index.php?rest_route=%2Fwp%2Fv2%2Fmedia&parent=561813"}],"wp:term":[{"taxonomy":"category","embeddable":true,"href":"https:\/\/www.diarioimagen.net\/index.php?rest_route=%2Fwp%2Fv2%2Fcategories&post=561813"},{"taxonomy":"post_tag","embeddable":true,"href":"https:\/\/www.diarioimagen.net\/index.php?rest_route=%2Fwp%2Fv2%2Ftags&post=561813"}],"curies":[{"name":"wp","href":"https:\/\/api.w.org\/{rel}","templated":true}]}}