{"id":561906,"date":"2022-10-07T00:01:05","date_gmt":"2022-10-07T05:01:05","guid":{"rendered":"https:\/\/www.diarioimagen.net\/?p=561906"},"modified":"2022-10-09T22:10:36","modified_gmt":"2022-10-10T03:10:36","slug":"se-generaron-172492-empleos-formales-en-septiembre-imss","status":"publish","type":"post","link":"https:\/\/www.diarioimagen.net\/?p=561906","title":{"rendered":"Se generaron 172,492 empleos formales en septiembre: IMSS"},"content":{"rendered":"<p>&nbsp;<\/p>\n<ul>\n<li><em><strong>Mexicanos con trabajo ascienden a 21.4 millones<\/strong><\/em><\/li>\n<\/ul>\n<p>&nbsp;<\/p>\n<div id=\"attachment_561969\" style=\"width: 470px\" class=\"wp-caption aligncenter\"><img loading=\"lazy\" decoding=\"async\" aria-describedby=\"caption-attachment-561969\" class=\"size-full wp-image-561969\" src=\"https:\/\/www.diarioimagen.net\/wp-content\/uploads\/2022\/10\/EMPLEO-IMSS.jpg\" alt=\"\" width=\"460\" height=\"270\" \/><p id=\"caption-attachment-561969\" class=\"wp-caption-text\">Los trabajadores mexicanos con un puesto formal ascienden a un total de 21 millones 409 mil 358, de los cuales el 86.6% son permanentes y el resto, eventuales.<\/p><\/div>\n<p>&nbsp;<\/p>\n<p>El Instituto Mexicano del Seguro Social (IMSS) inform\u00f3 que se generaron 172 mil 492 empleos formales en septiembre, con lo que sum\u00f3 789 mil 210 puestos de trabajo creados en los primeros tres trimestres de 2022.<\/p>\n<p>Los trabajadores mexicanos con un puesto formal ascienden a un total de 21 millones 409 mil 358, de los que el 86.6% son permanentes y el resto eventuales.<\/p>\n<p>\u201cEsta creaci\u00f3n de puestos en septiembre es la tercera m\u00e1s alta desde que se tiene registro considerando periodos comparables\u201d, se\u00f1al\u00f3.<\/p>\n<p>Este volumen signific\u00f3 un incremento a tasa anual de 4% en comparaci\u00f3n con los 20 millones 594 mil 919 empleos formales registrados ante el IMSS en septiembre de 2021.<\/p>\n<p>De acuerdo con el IMSS, el aumento de 172.492 empleos tambi\u00e9n represent\u00f3 un alza de 0.8% con respecto al mes inmediato anterior, \u201cel segundo m\u00e1s alto para un septiembre desde que se tiene registro\u201d.<\/p>\n<p>\u201cLos sectores econ\u00f3micos con el mayor crecimiento porcentual anual en puestos de trabajo son el de transportes y comunicaciones con 7.5%, construcci\u00f3n con 5% y servicios para empresas con 4.8%\u201d, detall\u00f3 el instituto.<\/p>\n<p>Adem\u00e1s, el IMSS a\u00f1adi\u00f3 que las entidades federativas con m\u00e1s puestos formales creados fueron Baja California Sur, Tabasco y Quintana Roo, con aumentos anuales por arriba del 11.5%.<\/p>\n<p>Entre enero y septiembre de 2022, el salario base diario de cotizaci\u00f3n promedio de los mexicanos con un empleo formal descendi\u00f3 a 480.7 pesos desde los 484.3 pesos mexicanos en el mes previo, es decir, un salario promedio mensual de 14,421 pesos.<\/p>\n<p>A\u00fan as\u00ed, \u201ceste salario representa un incremento anual nominal de 11.3%, el m\u00e1s alto registrado de los \u00faltimos 20 a\u00f1os considerando solo septiembres\u201d, subray\u00f3 la instituci\u00f3n de seguridad social.<\/p>\n<p>El IMSS tambi\u00e9n destac\u00f3 que el salario base de cotizaci\u00f3n mantiene registros anuales nominales iguales o superiores al 6% desde enero de 2019.<\/p>\n<p>La instituci\u00f3n tambi\u00e9n report\u00f3 una disminuci\u00f3n mensual de 866 empleadores en M\u00e9xico, con lo que el n\u00famero de patrones qued\u00f3 en 1,066.620.<\/p>\n<p>Aunque el IMSS es el principal indicador del trabajo formal en M\u00e9xico, el Instituto Nacional de Estad\u00edstica y Geograf\u00eda (Inegi) dio a conocer en su \u00faltima encuesta de empleo que casi 6 de cada 10 mexicanos en edad econ\u00f3micamente activa laboran en el sector informal.<\/p>\n<p>El n\u00famero de puestos formales en M\u00e9xico ha superado por completo los 20.6 millones que report\u00f3 M\u00e9xico al inicio de la pandemia, as\u00ed como al finalizar 2021, cuando se perdieron casi 313 mil trabajos formales.<\/p>\n<p style=\"text-align: center;\"><strong>Outsourcing provoc\u00f3 p\u00e9rdidas por 300,000 millones de pesos al IMSS<\/strong><\/p>\n<p>Por otra parte el\u00a0 titular del IMSS,\u00a0 Zo\u00e9 Robledo, se\u00f1al\u00f3 que la subcontrataci\u00f3n irregular de trabajadores arroj\u00f3 p\u00e9rdidas por 300,000 millones de pesos al Instituto en las \u00faltimas dos d\u00e9cadas.<\/p>\n<p>Precis\u00f3 que entre 3 y 4 millones de empleados formaban parte del outsourcing, y a ra\u00edz de la reforma laboral en materia de subcontrataci\u00f3n, han migrado 3 millones de trabajadores al registro de empleo real.<\/p>\n<p>Entrevistado en el marco de la Reuni\u00f3n Anual de Industriales (RAI) 2022, organizada por la Concamin, el titular del IMSS dijo que cerca de 24% de esos trabajadores han incrementado su salario.<\/p>\n<p>Les pagaban menos, porque les integraban, quiz\u00e1s en efectivo o con otras cosas que no integran al salario y que impactan en la densidad de la cotizaci\u00f3n\u201d, dijo Robledo.<\/p>\n<p>Detall\u00f3 que muchas mujeres, principalmente, son las que han tenido el mayor incremento en su salario y era un factor que les afectaba.<\/p>\n<p>Al destacar el registro de los 21 millones 409,358 puestos de trabajo ante el Seguro Social, el director del IMSS dijo que septiembre representa el segundo mejor mes de toda la historia del Instituto en la generaci\u00f3n de empleo con 172,492 puestos, luego de que el primero fue el a\u00f1o pasado, son 172,000 empleos nuevos creados frente al Instituto.<\/p>\n<p>\u201cLa reforma en outsourcing, si no la hubi\u00e9ramos hecho durante la pandemia, hubi\u00e9ramos seguido teniendo esta afectaci\u00f3n, este desfalco de las finanzas de las instituciones que nos ven\u00edamos afectadas, principalmente el Seguro Social, generando poca competencia entre las propias empresas, porque pues ten\u00edan m\u00e1s competitividad los que hac\u00edan trampa, y a la vez afectando a los trabajadores\u201d, dijo al participar en la inauguraci\u00f3n de la RAI 2022.<\/p>\n<p>\u201cEl c\u00e1lculo del impacto que tuvo durante casi por m\u00e1s de 20 a\u00f1os el outsourcing s\u00f3lo al Seguro Social se calcula en 300,000 millones de pesos\u201d, expuso.<\/p>\n","protected":false},"excerpt":{"rendered":"<p>El Instituto Mexicano del Seguro Social (IMSS) inform\u00f3 que se generaron 172 mil 492 empleos formales en septiembre, con lo que sum\u00f3 789 mil 210 puestos de trabajo creados en los primeros tres trimestres de 2022.<\/p>\n","protected":false},"author":3,"featured_media":561969,"comment_status":"open","ping_status":"open","sticky":false,"template":"","format":"standard","meta":{"_monsterinsights_skip_tracking":false,"_monsterinsights_sitenote_active":false,"_monsterinsights_sitenote_note":"","_monsterinsights_sitenote_category":0,"footnotes":""},"categories":[8],"tags":[5557,96535,257],"class_list":["post-561906","post","type-post","status-publish","format-standard","has-post-thumbnail","hentry","category-finanzas","tag-empleos","tag-generaron","tag-imss"],"_links":{"self":[{"href":"https:\/\/www.diarioimagen.net\/index.php?rest_route=\/wp\/v2\/posts\/561906","targetHints":{"allow":["GET"]}}],"collection":[{"href":"https:\/\/www.diarioimagen.net\/index.php?rest_route=\/wp\/v2\/posts"}],"about":[{"href":"https:\/\/www.diarioimagen.net\/index.php?rest_route=\/wp\/v2\/types\/post"}],"author":[{"embeddable":true,"href":"https:\/\/www.diarioimagen.net\/index.php?rest_route=\/wp\/v2\/users\/3"}],"replies":[{"embeddable":true,"href":"https:\/\/www.diarioimagen.net\/index.php?rest_route=%2Fwp%2Fv2%2Fcomments&post=561906"}],"version-history":[{"count":0,"href":"https:\/\/www.diarioimagen.net\/index.php?rest_route=\/wp\/v2\/posts\/561906\/revisions"}],"wp:featuredmedia":[{"embeddable":true,"href":"https:\/\/www.diarioimagen.net\/index.php?rest_route=\/wp\/v2\/media\/561969"}],"wp:attachment":[{"href":"https:\/\/www.diarioimagen.net\/index.php?rest_route=%2Fwp%2Fv2%2Fmedia&parent=561906"}],"wp:term":[{"taxonomy":"category","embeddable":true,"href":"https:\/\/www.diarioimagen.net\/index.php?rest_route=%2Fwp%2Fv2%2Fcategories&post=561906"},{"taxonomy":"post_tag","embeddable":true,"href":"https:\/\/www.diarioimagen.net\/index.php?rest_route=%2Fwp%2Fv2%2Ftags&post=561906"}],"curies":[{"name":"wp","href":"https:\/\/api.w.org\/{rel}","templated":true}]}}