{"id":561917,"date":"2022-10-07T00:01:44","date_gmt":"2022-10-07T05:01:44","guid":{"rendered":"https:\/\/www.diarioimagen.net\/?p=561917"},"modified":"2022-10-07T05:27:05","modified_gmt":"2022-10-07T10:27:05","slug":"el-tema-de-ciberseguridad-debe-ser-atendido-en-todos-los-ordenes-de-gobierno-afirman-panistas","status":"publish","type":"post","link":"https:\/\/www.diarioimagen.net\/?p=561917","title":{"rendered":"El tema de ciberseguridad debe ser atendido en todos los \u00f3rdenes de gobierno, afirman panistas"},"content":{"rendered":"<p>&nbsp;<\/p>\n<ul>\n<li><em><strong>Se\u00f1alan falta de recursos para esta \u00e1rea<\/strong><\/em><\/li>\n<\/ul>\n<p><strong>\u00a0<\/strong><\/p>\n<h6>Arturo Baena<\/h6>\n<p>&nbsp;<\/p>\n<div id=\"attachment_561994\" style=\"width: 470px\" class=\"wp-caption aligncenter\"><img loading=\"lazy\" decoding=\"async\" aria-describedby=\"caption-attachment-561994\" class=\"size-full wp-image-561994\" src=\"https:\/\/www.diarioimagen.net\/wp-content\/uploads\/2022\/10\/tema-ciberseguridad.jpg\" alt=\"\" width=\"460\" height=\"270\" \/><p id=\"caption-attachment-561994\" class=\"wp-caption-text\">Los panistas mexiquenses, a trav\u00e9s del regidor Agust\u00edn Beldorede, manifestaron que \u201cel tema de ciberseguridad debe ser atendido no s\u00f3lo en la Sedena, sino en todos los \u00f3rdenes de gobierno.<\/p><\/div>\n<p>&nbsp;<\/p>\n<p><strong>Valle de M\u00e9xico.\u2014<\/strong> Panistas del Estado de M\u00e9xico respaldaron que la Comisi\u00f3n de Defensa Nacional, que preside el diputado Ricardo Villarreal Garc\u00eda, busque reunirse con el secretario de la Defensa Nacional, general Luis Cresencio Sandoval Gonz\u00e1lez, a fin de analizar el presupuesto para 2023, en particular sobre el ramo de ciberseguridad. Destacaron que el diputado federal\u00a0 Villarreal Garc\u00eda, \u201c solicitar\u00e1 una reuni\u00f3n toda vez que es facultad de la C\u00e1mara de Diputados no s\u00f3lo recibir el presupuesto y aprobarlo, sino discutirlo y, en caso de ser necesario, modificarlo\u201d, dijeron.<\/p>\n<p>Los panistas mexiquenses, a trav\u00e9s del regidor Agust\u00edn Beldorede,\u00a0 manifestaron que \u201cel tema de ciberseguridad debe ser atendido no s\u00f3lo en la Secretar\u00eda de la Defensa Nacional, sino en todos los \u00f3rdenes de gobierno, pues hay falta de recursos para esa materia\u201d.<\/p>\n<p>Por otra parte, aseguraron que \u201ca\u00f1os atr\u00e1s no era un tema, pero ahora todos hemos tenido alg\u00fan amigo o amiga que ha sufrido de una vulneraci\u00f3n en sus datos personales; de ah\u00ed la necesidad de m\u00e1s presupuesto a este rubro, pues est\u00e1 en juego la seguridad nacional del pa\u00eds\u201d. Recordaron que s\u00f3lo en la vulneraci\u00f3n del \u201cPanama Papers\u201d\u00a0 represent\u00f3 una p\u00e9rdida de informaci\u00f3n de 2.5 TB; es decir, que lo ocurrido a la Sedena es el ataque m\u00e1s fuerte que ha sufrido cualquier dependencia del pa\u00eds.<\/p>\n<p>Finalmente, estimaron importante la reuni\u00f3n con el secretario de la Defensa Nacional, pero enfatizaron que el Poder Legislativo debe trabajar en materia de ciberseguridad a fin de dar certeza jur\u00eddica las dependencias.<\/p>\n","protected":false},"excerpt":{"rendered":"<p>Panistas del Estado de M\u00e9xico respaldaron que la Comisi\u00f3n de Defensa Nacional, que preside el diputado Ricardo Villarreal Garc\u00eda, busque reunirse con el secretario de la Defensa Nacional, general Luis Cresencio Sandoval Gonz\u00e1lez, a fin de analizar el presupuesto para 2023, en particular sobre el ramo de ciberseguridad. Destacaron que el diputado federal\u00a0 Villarreal Garc\u00eda, \u201c solicitar\u00e1 una reuni\u00f3n toda vez que es facultad de la C\u00e1mara de Diputados no s\u00f3lo recibir el presupuesto y aprobarlo, sino discutirlo y, en caso de ser necesario, modificarlo\u201d, dijeron.<\/p>\n","protected":false},"author":3,"featured_media":561994,"comment_status":"open","ping_status":"open","sticky":false,"template":"","format":"standard","meta":{"_monsterinsights_skip_tracking":false,"_monsterinsights_sitenote_active":false,"_monsterinsights_sitenote_note":"","_monsterinsights_sitenote_category":0,"footnotes":""},"categories":[5],"tags":[96536,96537,34],"class_list":["post-561917","post","type-post","status-publish","format-standard","has-post-thumbnail","hentry","category-estado-de-mexico","tag-diberseguridad","tag-ricardo-villarreal-garcia","tag-valle-de-mexico"],"_links":{"self":[{"href":"https:\/\/www.diarioimagen.net\/index.php?rest_route=\/wp\/v2\/posts\/561917","targetHints":{"allow":["GET"]}}],"collection":[{"href":"https:\/\/www.diarioimagen.net\/index.php?rest_route=\/wp\/v2\/posts"}],"about":[{"href":"https:\/\/www.diarioimagen.net\/index.php?rest_route=\/wp\/v2\/types\/post"}],"author":[{"embeddable":true,"href":"https:\/\/www.diarioimagen.net\/index.php?rest_route=\/wp\/v2\/users\/3"}],"replies":[{"embeddable":true,"href":"https:\/\/www.diarioimagen.net\/index.php?rest_route=%2Fwp%2Fv2%2Fcomments&post=561917"}],"version-history":[{"count":0,"href":"https:\/\/www.diarioimagen.net\/index.php?rest_route=\/wp\/v2\/posts\/561917\/revisions"}],"wp:featuredmedia":[{"embeddable":true,"href":"https:\/\/www.diarioimagen.net\/index.php?rest_route=\/wp\/v2\/media\/561994"}],"wp:attachment":[{"href":"https:\/\/www.diarioimagen.net\/index.php?rest_route=%2Fwp%2Fv2%2Fmedia&parent=561917"}],"wp:term":[{"taxonomy":"category","embeddable":true,"href":"https:\/\/www.diarioimagen.net\/index.php?rest_route=%2Fwp%2Fv2%2Fcategories&post=561917"},{"taxonomy":"post_tag","embeddable":true,"href":"https:\/\/www.diarioimagen.net\/index.php?rest_route=%2Fwp%2Fv2%2Ftags&post=561917"}],"curies":[{"name":"wp","href":"https:\/\/api.w.org\/{rel}","templated":true}]}}