{"id":562056,"date":"2022-10-10T00:01:35","date_gmt":"2022-10-10T05:01:35","guid":{"rendered":"https:\/\/www.diarioimagen.net\/?p=562056"},"modified":"2022-10-10T03:00:07","modified_gmt":"2022-10-10T08:00:07","slug":"ya-basta-de-incremento-al-precio-de-la-tortilla-en-el-estado-lucina-cortes","status":"publish","type":"post","link":"https:\/\/www.diarioimagen.net\/?p=562056","title":{"rendered":"Ya basta de incremento al precio de la tortilla en el estado: Lucina Cort\u00e9s"},"content":{"rendered":"<p>&nbsp;<\/p>\n<ul>\n<li><strong><em>Pide mano dura la dirigente del PRD-Naucalpan<\/em> <\/strong><\/li>\n<\/ul>\n<p><strong>\u00a0<\/strong><\/p>\n<h6>Arturo Baena<\/h6>\n<p>&nbsp;<\/p>\n<div id=\"attachment_562155\" style=\"width: 470px\" class=\"wp-caption aligncenter\"><img loading=\"lazy\" decoding=\"async\" aria-describedby=\"caption-attachment-562155\" class=\"size-full wp-image-562155\" src=\"https:\/\/www.diarioimagen.net\/wp-content\/uploads\/2022\/10\/ya-basta.jpg\" alt=\"\" width=\"460\" height=\"270\" \/><p id=\"caption-attachment-562155\" class=\"wp-caption-text\">La presidenta del partido del sol azteca en Naucalpan, Lucina Cort\u00e9s Conejo, exige a las autoridades actuar con mano dura ante aumentos en la tortilla.<\/p><\/div>\n<p>&nbsp;<\/p>\n<p><strong>Valle de M\u00e9xico.\u2014<\/strong> Mientras que el Partido de la Revoluci\u00f3n Democr\u00e1tica (PRD) busca que el precio de las tortillas sea de 10 pesos el kilo, hoy nos encontramos que en las \u00faltimas horas llega a los 22 pesos en varios municipios, perjudicando la econom\u00eda de miles de mexiquenses.<\/p>\n<p>Asegur\u00f3 en entrevista, la presidenta del Comit\u00e9 Municipal del sol azteca en Naucalpan, Lucina Cort\u00e9s Conejo, al tiempo de exigir a las autoridades competentes actuar con mano dura en contra de aquellos establecimientos que abusan de la necesidad de la ciudadan\u00eda e incrementan el precio de la tortilla, dijo.<\/p>\n<p>\u201cUno de los productos cuyo incremento de precio m\u00e1s afectan a la econom\u00eda familiar son las tortillas, pues presenta aumentos mes con mes, situaci\u00f3n que se est\u00e1 convirtiendo en un verdadero problema para quienes tienen la responsabilidad de alimentar a ni\u00f1os, j\u00f3venes\u201d, dijo.<\/p>\n<p>La tambi\u00e9n regidora perredista de Naucalpan afirm\u00f3 qu\u00e9 desde el inicio del mes de octubre se registr\u00f3 un nuevo incremento en el precio del kilogramo de tortillas, alimento considerado como sost\u00e9n de la dieta de los mexicanos, cuyo precio, al menos en el Valle de M\u00e9xico, oscila ahora de los 21 a 22 pesos. \u201cAnte los recientes incrementos al kilo de la tortilla, integrantes del Partido de la Revoluci\u00f3n Democr\u00e1tica (PRD), iniciamos una campa\u00f1a nacional para que el precio de este producto cueste 10 pesos el kilogramo en todo el pa\u00eds\u201d, dijo.<\/p>\n<p>Finalmente, Lucina Cort\u00e9s destac\u00f3 que nos encontramos ante una crisis econ\u00f3mica qu\u00e9 les est\u00e1 pegando m\u00e1s a las personas que se encuentran en condiciones de pobreza es por ello que insistiremos en qu\u00e9 el precio por kilo de tortilla sea de diez pesos\u201d, concluy\u00f3.<\/p>\n","protected":false},"excerpt":{"rendered":"<p>Mientras que el Partido de la Revoluci\u00f3n Democr\u00e1tica (PRD) busca que el precio de las tortillas sea de 10 pesos el kilo, hoy nos encontramos que en las \u00faltimas horas llega a los 22 pesos en varios municipios, perjudicando la econom\u00eda de miles de mexiquenses.<\/p>\n","protected":false},"author":3,"featured_media":562155,"comment_status":"open","ping_status":"open","sticky":false,"template":"","format":"standard","meta":{"_monsterinsights_skip_tracking":false,"_monsterinsights_sitenote_active":false,"_monsterinsights_sitenote_note":"","_monsterinsights_sitenote_category":0,"footnotes":""},"categories":[5],"tags":[96199,211,34],"class_list":["post-562056","post","type-post","status-publish","format-standard","has-post-thumbnail","hentry","category-estado-de-mexico","tag-lucina-cortes-conejo","tag-prd","tag-valle-de-mexico"],"_links":{"self":[{"href":"https:\/\/www.diarioimagen.net\/index.php?rest_route=\/wp\/v2\/posts\/562056","targetHints":{"allow":["GET"]}}],"collection":[{"href":"https:\/\/www.diarioimagen.net\/index.php?rest_route=\/wp\/v2\/posts"}],"about":[{"href":"https:\/\/www.diarioimagen.net\/index.php?rest_route=\/wp\/v2\/types\/post"}],"author":[{"embeddable":true,"href":"https:\/\/www.diarioimagen.net\/index.php?rest_route=\/wp\/v2\/users\/3"}],"replies":[{"embeddable":true,"href":"https:\/\/www.diarioimagen.net\/index.php?rest_route=%2Fwp%2Fv2%2Fcomments&post=562056"}],"version-history":[{"count":0,"href":"https:\/\/www.diarioimagen.net\/index.php?rest_route=\/wp\/v2\/posts\/562056\/revisions"}],"wp:featuredmedia":[{"embeddable":true,"href":"https:\/\/www.diarioimagen.net\/index.php?rest_route=\/wp\/v2\/media\/562155"}],"wp:attachment":[{"href":"https:\/\/www.diarioimagen.net\/index.php?rest_route=%2Fwp%2Fv2%2Fmedia&parent=562056"}],"wp:term":[{"taxonomy":"category","embeddable":true,"href":"https:\/\/www.diarioimagen.net\/index.php?rest_route=%2Fwp%2Fv2%2Fcategories&post=562056"},{"taxonomy":"post_tag","embeddable":true,"href":"https:\/\/www.diarioimagen.net\/index.php?rest_route=%2Fwp%2Fv2%2Ftags&post=562056"}],"curies":[{"name":"wp","href":"https:\/\/api.w.org\/{rel}","templated":true}]}}