{"id":562058,"date":"2022-10-10T00:02:01","date_gmt":"2022-10-10T05:02:01","guid":{"rendered":"https:\/\/www.diarioimagen.net\/?p=562058"},"modified":"2022-10-10T02:59:37","modified_gmt":"2022-10-10T07:59:37","slug":"el-pt-esta-listo-para-proceso-electoral-del-edomex-regidor-mauricio-aguirre","status":"publish","type":"post","link":"https:\/\/www.diarioimagen.net\/?p=562058","title":{"rendered":"El PT est\u00e1 listo para proceso electoral del Edomex: regidor Mauricio Aguirre"},"content":{"rendered":"<p>&nbsp;<\/p>\n<ul>\n<li><em><strong>\u201cNi un paso atr\u00e1s en la lucha por los mexiquenses\u201d<\/strong><\/em><\/li>\n<\/ul>\n<p>&nbsp;<\/p>\n<p><img loading=\"lazy\" decoding=\"async\" class=\"alignright wp-image-562152\" src=\"https:\/\/www.diarioimagen.net\/wp-content\/uploads\/2022\/10\/el-pt.jpg\" alt=\"\" width=\"250\" height=\"284\" \/><\/p>\n<p><strong>Naucalpan, Estado de M\u00e9xico.\u2014<\/strong> El Partido del Trabajo (PT), a trav\u00e9s de sus representantes populares, sigue en la lucha por mejorar las condiciones de vida de los habitantes del Estado de M\u00e9xico y en ese tema no se dar\u00e1 un paso atr\u00e1s.<\/p>\n<p>As\u00ed lo asegur\u00f3 en entrevista el onceavo regidor Mauricio Aguirre Lozano, tras declararse aliado e impulsor del proyecto de naci\u00f3n propuesto por el presidente Andr\u00e9s Manuel L\u00f3pez Obrador, pero independiente del partido Morena, el Partido del Trabajo en el Estado de M\u00e9xico, asegura estar preparado para una transici\u00f3n pac\u00edfica pero definitiva en el Poder Ejecutivo estatal con las elecciones de 2023.<\/p>\n<p>Aguirre Lozano se\u00f1al\u00f3 que la izquierda gobernar\u00e1 en la entidad, al tiempo que se pronunci\u00f3 porque los procesos se realicen de manera transparente y pac\u00edfica. \u201cDesde luego que el PT est\u00e1 listo para apoyar la transformaci\u00f3n en la entidad mexiquense. Vamos con todo para continuar con el proyecto de naci\u00f3n, dijo.<\/p>\n<p>Finalmente, destac\u00f3 que, desde el municipio de Naucalpan, \u201c seguiremos realizando recorridos por las colonias llevando todo tipo de apoyos a las familias m\u00e1s vulnerables de la localidad\u201d, concluy\u00f3.<\/p>\n","protected":false},"excerpt":{"rendered":"<p>El Partido del Trabajo (PT), a trav\u00e9s de sus representantes populares, sigue en la lucha por mejorar las condiciones de vida de los habitantes del Estado de M\u00e9xico y en ese tema no se dar\u00e1 un paso atr\u00e1s.<\/p>\n","protected":false},"author":3,"featured_media":562152,"comment_status":"open","ping_status":"open","sticky":false,"template":"","format":"standard","meta":{"_monsterinsights_skip_tracking":false,"_monsterinsights_sitenote_active":false,"_monsterinsights_sitenote_note":"","_monsterinsights_sitenote_category":0,"footnotes":""},"categories":[5],"tags":[43675,91203,970,366],"class_list":["post-562058","post","type-post","status-publish","format-standard","has-post-thumbnail","hentry","category-estado-de-mexico","tag-estado-de-mexico","tag-mauricio-aguirre-lozano","tag-naucalpan","tag-pt"],"_links":{"self":[{"href":"https:\/\/www.diarioimagen.net\/index.php?rest_route=\/wp\/v2\/posts\/562058","targetHints":{"allow":["GET"]}}],"collection":[{"href":"https:\/\/www.diarioimagen.net\/index.php?rest_route=\/wp\/v2\/posts"}],"about":[{"href":"https:\/\/www.diarioimagen.net\/index.php?rest_route=\/wp\/v2\/types\/post"}],"author":[{"embeddable":true,"href":"https:\/\/www.diarioimagen.net\/index.php?rest_route=\/wp\/v2\/users\/3"}],"replies":[{"embeddable":true,"href":"https:\/\/www.diarioimagen.net\/index.php?rest_route=%2Fwp%2Fv2%2Fcomments&post=562058"}],"version-history":[{"count":0,"href":"https:\/\/www.diarioimagen.net\/index.php?rest_route=\/wp\/v2\/posts\/562058\/revisions"}],"wp:featuredmedia":[{"embeddable":true,"href":"https:\/\/www.diarioimagen.net\/index.php?rest_route=\/wp\/v2\/media\/562152"}],"wp:attachment":[{"href":"https:\/\/www.diarioimagen.net\/index.php?rest_route=%2Fwp%2Fv2%2Fmedia&parent=562058"}],"wp:term":[{"taxonomy":"category","embeddable":true,"href":"https:\/\/www.diarioimagen.net\/index.php?rest_route=%2Fwp%2Fv2%2Fcategories&post=562058"},{"taxonomy":"post_tag","embeddable":true,"href":"https:\/\/www.diarioimagen.net\/index.php?rest_route=%2Fwp%2Fv2%2Ftags&post=562058"}],"curies":[{"name":"wp","href":"https:\/\/api.w.org\/{rel}","templated":true}]}}