{"id":562060,"date":"2022-10-10T00:03:09","date_gmt":"2022-10-10T05:03:09","guid":{"rendered":"https:\/\/www.diarioimagen.net\/?p=562060"},"modified":"2022-10-10T02:58:13","modified_gmt":"2022-10-10T07:58:13","slug":"14-de-octubre-limite-para-poder-tramitar-cartilla-del-servicio-militar-nacional","status":"publish","type":"post","link":"https:\/\/www.diarioimagen.net\/?p=562060","title":{"rendered":"14 de octubre, l\u00edmite para poder tramitar cartilla del Servicio Militar\u00a0Nacional"},"content":{"rendered":"<p>&nbsp;<\/p>\n<p><img loading=\"lazy\" decoding=\"async\" class=\"aligncenter size-full wp-image-562150\" src=\"https:\/\/www.diarioimagen.net\/wp-content\/uploads\/2022\/10\/14-de-octubre.jpg\" alt=\"\" width=\"460\" height=\"270\" \/><\/p>\n<p>&nbsp;<\/p>\n<p><strong>Naucalpan, Estado de M\u00e9xico.\u2014<\/strong> Ser\u00e1 el 14 de octubre es la fecha l\u00edmite para que los j\u00f3venes clase 2004 y remisos con domicilio en esta localidad realicen sus tr\u00e1mites para obtener la cartilla del Servicio Militar Nacional, ante la Junta Municipal de Reclutamiento.<\/p>\n<p>Hortensia Trejo Cruz, jefa de la Junta, inform\u00f3 que los j\u00f3venes deben acudir al tercer piso del edificio anexo al palacio municipal, los interesados deben presentar originales y copia de acta de nacimiento actualizada, comprobantes de estudios y de domicilio, CURP en el nuevo formato y cuatro fotograf\u00edas tama\u00f1o cartilla.<\/p>\n","protected":false},"excerpt":{"rendered":"<p>Ser\u00e1 el 14 de octubre es la fecha l\u00edmite para que los j\u00f3venes clase 2004 y remisos con domicilio en esta localidad realicen sus tr\u00e1mites para obtener la cartilla del Servicio Militar Nacional, ante la Junta Municipal de Reclutamiento.<\/p>\n","protected":false},"author":3,"featured_media":562150,"comment_status":"open","ping_status":"open","sticky":false,"template":"","format":"standard","meta":{"_monsterinsights_skip_tracking":false,"_monsterinsights_sitenote_active":false,"_monsterinsights_sitenote_note":"","_monsterinsights_sitenote_category":0,"footnotes":""},"categories":[5],"tags":[5186,43675,970],"class_list":["post-562060","post","type-post","status-publish","format-standard","has-post-thumbnail","hentry","category-estado-de-mexico","tag-curp","tag-estado-de-mexico","tag-naucalpan"],"_links":{"self":[{"href":"https:\/\/www.diarioimagen.net\/index.php?rest_route=\/wp\/v2\/posts\/562060","targetHints":{"allow":["GET"]}}],"collection":[{"href":"https:\/\/www.diarioimagen.net\/index.php?rest_route=\/wp\/v2\/posts"}],"about":[{"href":"https:\/\/www.diarioimagen.net\/index.php?rest_route=\/wp\/v2\/types\/post"}],"author":[{"embeddable":true,"href":"https:\/\/www.diarioimagen.net\/index.php?rest_route=\/wp\/v2\/users\/3"}],"replies":[{"embeddable":true,"href":"https:\/\/www.diarioimagen.net\/index.php?rest_route=%2Fwp%2Fv2%2Fcomments&post=562060"}],"version-history":[{"count":0,"href":"https:\/\/www.diarioimagen.net\/index.php?rest_route=\/wp\/v2\/posts\/562060\/revisions"}],"wp:featuredmedia":[{"embeddable":true,"href":"https:\/\/www.diarioimagen.net\/index.php?rest_route=\/wp\/v2\/media\/562150"}],"wp:attachment":[{"href":"https:\/\/www.diarioimagen.net\/index.php?rest_route=%2Fwp%2Fv2%2Fmedia&parent=562060"}],"wp:term":[{"taxonomy":"category","embeddable":true,"href":"https:\/\/www.diarioimagen.net\/index.php?rest_route=%2Fwp%2Fv2%2Fcategories&post=562060"},{"taxonomy":"post_tag","embeddable":true,"href":"https:\/\/www.diarioimagen.net\/index.php?rest_route=%2Fwp%2Fv2%2Ftags&post=562060"}],"curies":[{"name":"wp","href":"https:\/\/api.w.org\/{rel}","templated":true}]}}