{"id":562072,"date":"2022-10-10T00:01:12","date_gmt":"2022-10-10T05:01:12","guid":{"rendered":"https:\/\/www.diarioimagen.net\/?p=562072"},"modified":"2022-10-11T00:49:00","modified_gmt":"2022-10-11T05:49:00","slug":"jueces-del-pjcdmx-ingresan-a-la-legion-de-honor-nacional-de-mexico","status":"publish","type":"post","link":"https:\/\/www.diarioimagen.net\/?p=562072","title":{"rendered":"Jueces del PJCDMX ingresan a la Legi\u00f3n de Honor Nacional de M\u00e9xico"},"content":{"rendered":"<p>&nbsp;<\/p>\n<h3 style=\"text-align: center;\">El presidente magistrado Rafael Guerra \u00c1lvarez destac\u00f3 en el pres\u00eddium<\/h3>\n<p>&nbsp;<\/p>\n<ul>\n<li><strong><em>Togan y ponen su insignia a la juez 15 Civil, Leticia Medina Torrentera; a la juez 7 Familiar Mar\u00eda Margarita Gallegos L\u00f3pez y al juez 60 Civil, Jos\u00e9 Manuel Salazar Uribe<\/em><\/strong><\/li>\n<\/ul>\n<p>&nbsp;<\/p>\n<div id=\"attachment_562171\" style=\"width: 470px\" class=\"wp-caption aligncenter\"><img loading=\"lazy\" decoding=\"async\" aria-describedby=\"caption-attachment-562171\" class=\"size-full wp-image-562171\" src=\"https:\/\/www.diarioimagen.net\/wp-content\/uploads\/2022\/10\/jueces-1.jpg\" alt=\"\" width=\"460\" height=\"172\" \/><p id=\"caption-attachment-562171\" class=\"wp-caption-text\">En el pres\u00eddium, adem\u00e1s de los miembros directivos, contaron con la presencia del magistrado, doctor Rafael Guerra \u00c1lvarez, presidente del Poder Judicial de la Ciudad de M\u00e9xico, quien entreg\u00f3 insignias, medallas y los diplomas a los nuevos integrantes, entre los que destacan jueces del Poder Judicial de la CDMX.<\/p><\/div>\n<p>&nbsp;<\/p>\n<p>La sesi\u00f3n solemne de Ingreso de \u201cMiembros de N\u00famero\u201d para formar parte de la Legi\u00f3n de Honor Nacional de M\u00e9xico, distinguidas personalidades de la Academia, el Derecho, la Justicia y la Empresa, se llev\u00f3 a cabo en el Auditorio \u201cIus Semper Loquitur\u201d en la Facultad de Derecho de la Universidad Nacional Aut\u00f3noma de M\u00e9xico (UNAM).<\/p>\n<p>En este marco de principios, la Instituci\u00f3n se propone exaltar el valor de quienes se hayan distinguido por su esfuerzo a favor de M\u00e9xico, destacando su labor intelectual y social, y rendir p\u00fablico homenaje a las personas e instituciones que hayan realizado una labor ejemplar en bien de sus semejantes, de la sociedad y de quienes en alguna forma hayan beneficiado a nuestra naci\u00f3n o a la humanidad.<\/p>\n<p>Entre las personalidades reconocidas estuvieron distinguidos jueces del Poder Judicial de la Ciudad de M\u00e9xico como la doctora Leticia Medina Torrentera, juez 15 Civil del PJCDMX, egresada de la UNAM donde curs\u00f3 su licenciatura, maestr\u00eda y doctorado, adem\u00e1s cuenta con un diplomado en la Universidad Aut\u00f3noma, de Barcelona y tiene una larga carrera en el Poder Judicial de la Cuidad de M\u00e9xico, desde 1991 a la fecha. Inici\u00f3 de secretaria proyectista hasta ocupar 11 a\u00f1os despu\u00e9s el puesto de Jueza de primera instancia en materia civil y tambi\u00e9n cuenta con una trayectoria como docente en la facultad de derecho y en el Tribunal Superior De Justicia, junto a eso tiene una larga lista de reconocimientos a su carrera, que completa con seminarios, talleres y diplomados.<\/p>\n<p>Tambi\u00e9n le pusieron su insignia al juez 60 Civil del Poder Judicial de la Ciudad de M\u00e9xico, doctor Jos\u00e9 Manuel Salazar Uribe, quien ha tenido una brillante carrera, que le avalan grandes trofeos y medallas, adem\u00e1s de ser un destacado conferencista y maestro de la Facultad de Derecho de la UNAM, de donde es orgullosamente egresado.<\/p>\n<p>Ha sido ponente y congresista en m\u00e1s de setenta eventos a nivel nacional e internacional; destac\u00e1ndose su obra editorial desde el a\u00f1o de 1994 con la publicaci\u00f3n a nivel nacional del ensayo \u201cTurismo y medio ambiente: las nuevas tendencias\u201d el cual fue publicado por la Fundaci\u00f3n Miguel Alem\u00e1n A.C. y la Fundaci\u00f3nBarrios Sierra, A.C.; colaborando con diversosensayos en la revista del Tribunal Superior de Justicia de la Ciudad de M\u00e9xico, durante los a\u00f1os de 2012, 2013, 2014 y 2015.<\/p>\n<p>Jos\u00e9 Manuel Salazar Uribe forma parte desde el a\u00f1o 2001 del Ilustre y Nacional Colegio de Abogados de M\u00e9xico A.C.; siendo miembro de la Red Hispanoamericana de Procuradores y Fiscales Ambientales desde el a\u00f1o de 2014 y miembro de la Liga Mundial de Abogados Ambientalistas a partir del a\u00f1o 2015 hasta la fecha; por cuanto hace a su participaci\u00f3n en asociaciones de car\u00e1cter filantr\u00f3pico y humanitario el doctor Salazar Uribe es miembro de la Asociaci\u00f3n Cultural Gran Logia valle de M\u00e9xico desde el a\u00f1o de 1989.<\/p>\n<p>La doctora Mar\u00eda Margarita Gallegos L\u00f3pez, jueza 7 Familiar del Poder Judicial de la Ciudad de M\u00e9xico, tambi\u00e9n ingres\u00f3 a la Legi\u00f3n de Honor Nacional de M\u00e9xico, donde fue togada. En su paso por el Tribunal Superior de Justicia, la jueza Mar\u00eda Margarita Gallegos L\u00f3peza ha sido secretaria conciliadora en el Juzgado 35 de lo Familiar, juez 7 de lo Familiar con especialidad en Restituci\u00f3n Internacional de Menores y secretaria t\u00e9cnica de la Red Mexicana de Cooperaci\u00f3n Judicial para la Protecci\u00f3n de la Ni\u00f1ez; asimismo, su vasto conocimiento del Derecho y generosidad para compartirlo, la ha llevado a la docencia, pues es profesora desde 2006 en el posgrado y doctorado en Derecho Familiar de la Universidad Tepantlato.<\/p>\n<p>Continuando las entregas, presentaron al chiapaneco Juan Jos\u00e9 Rodr\u00edguez, licenciado en derecho; Antonio Ju\u00e1rez Navarro, doctor en derecho criminal; Cesar Humberto Rubio Ozuna, una de los fiscalistas mas importantes del pa\u00eds; maestra Beatriz Saavedra Gast\u00e9lum, originaria de Culiac\u00e1n, qui\u00e9n adem\u00e1s es escritora, editora, poeta, ambientalista, con 17 libros publicados.<\/p>\n<p>El presidente de la Legi\u00f3n de Honor Nacional de M\u00e9xico, el maestro Juan Carlos S\u00e1nchez Magalla\u00ecn, encabez\u00f3 la ceremonia y despu\u00e9s de presentar y saludar a los asistentes, procedieron a cantar orgullosos el Himno Nacional.<\/p>\n<p>En el presidio, adem\u00e1s de los miembros directivos, contaron con la presencia del magistrado, doctor Rafael Guerra \u00c1lvarez, presidente del Poder Judicial de la Ciudad de M\u00e9xico, quien entreg\u00f3 insignias, medallas y los diplomas a los nuevos integrantes.<\/p>\n<p>Tambi\u00e9n recibi\u00f3 su insignia el poblano Daniel Guzm\u00e1n L\u00f3pez, profesional del derecho fiscal, qui\u00e9n adem\u00e1s ofreci\u00f3 un mensaje de agradecimiento \u201cme siento muy honrado de recibir esta insignia, nosotros somos los soldados m\u00e1s humildes que apreciamos esta naci\u00f3n, necesitamos un M\u00e9xico m\u00e1s justo; mi coraz\u00f3n recibe con mucho gusto esta medalla\u201d.<\/p>\n<p>Continuando con la orden del d\u00eda, empezaron a entregar las medallas y diplomas, presentados por el legionario maestro Gustavo Lomeli\u00ecn Cornejo; doctora Adda Camara Vallejos, docente por m\u00e1s de 30 a\u00f1os en la Universidad de Yucat\u00e1n; Jos\u00e9 Manuel Gonz\u00e1lez, abogado y notario p\u00fablico de San Luis Potos\u00ed; Alfonso L\u00f3pez Tame, licenciado en contadur\u00eda; Germ\u00e1n Javier Hickman y Morales, egresado de la Facultad de Derecho de Puebla y cinco veces diputado local; V\u00edctor Fabi\u00e1n Ortega, arquitecto y director para la reconstrucci\u00f3n de calidad de M\u00e9xico.<\/p>\n<p>Casi al finalizar, la magistrada Adda Camara Vallejos, dedic\u00f3 en nombre de todos los homenajeados un mensaje de agradecimiento \u201cfelicito y saludo con profundo afecto a todos los homenajeados, M\u00e9xico est\u00e1 lleno de cultura, olores, sabores; y construir un buen M\u00e9xico es el esfuerzo de todos. La ceremonia es una evidencia de que m\u00e1s mexicanos y mexicanas trabajamos para un mejor pa\u00eds y la legi\u00f3n reconoce nuestros esfuerzos recibiendo las insignias, el diploma y la colocaci\u00f3n del birrete que nos hacen parte y distinguen con el saber\u201d.<\/p>\n<p>Al terminar los homenajeados realizaron su toma de protesta y procedieron a dar clausura a esta solemne ceremonia.<\/p>\n","protected":false},"excerpt":{"rendered":"<p>La sesi\u00f3n solemne de Ingreso de \u201cMiembros de N\u00famero\u201d para formar parte de la Legi\u00f3n de Honor Nacional de M\u00e9xico, distinguidas personalidades de la Academia, el Derecho, la Justicia y la Empresa, se llev\u00f3 a cabo en el Auditorio \u201cIus Semper Loquitur\u201d en la Facultad de Derecho de la Universidad Nacional Aut\u00f3noma de M\u00e9xico (UNAM).<\/p>\n","protected":false},"author":3,"featured_media":562172,"comment_status":"open","ping_status":"open","sticky":false,"template":"","format":"standard","meta":{"_monsterinsights_skip_tracking":false,"_monsterinsights_sitenote_active":false,"_monsterinsights_sitenote_note":"","_monsterinsights_sitenote_category":0,"footnotes":""},"categories":[6],"tags":[96551,87379,96550,570],"class_list":["post-562072","post","type-post","status-publish","format-standard","has-post-thumbnail","hentry","category-cd-de-mexico","tag-miembros-de-numero","tag-pjcdmx","tag-presidium","tag-unam"],"_links":{"self":[{"href":"https:\/\/www.diarioimagen.net\/index.php?rest_route=\/wp\/v2\/posts\/562072","targetHints":{"allow":["GET"]}}],"collection":[{"href":"https:\/\/www.diarioimagen.net\/index.php?rest_route=\/wp\/v2\/posts"}],"about":[{"href":"https:\/\/www.diarioimagen.net\/index.php?rest_route=\/wp\/v2\/types\/post"}],"author":[{"embeddable":true,"href":"https:\/\/www.diarioimagen.net\/index.php?rest_route=\/wp\/v2\/users\/3"}],"replies":[{"embeddable":true,"href":"https:\/\/www.diarioimagen.net\/index.php?rest_route=%2Fwp%2Fv2%2Fcomments&post=562072"}],"version-history":[{"count":0,"href":"https:\/\/www.diarioimagen.net\/index.php?rest_route=\/wp\/v2\/posts\/562072\/revisions"}],"wp:featuredmedia":[{"embeddable":true,"href":"https:\/\/www.diarioimagen.net\/index.php?rest_route=\/wp\/v2\/media\/562172"}],"wp:attachment":[{"href":"https:\/\/www.diarioimagen.net\/index.php?rest_route=%2Fwp%2Fv2%2Fmedia&parent=562072"}],"wp:term":[{"taxonomy":"category","embeddable":true,"href":"https:\/\/www.diarioimagen.net\/index.php?rest_route=%2Fwp%2Fv2%2Fcategories&post=562072"},{"taxonomy":"post_tag","embeddable":true,"href":"https:\/\/www.diarioimagen.net\/index.php?rest_route=%2Fwp%2Fv2%2Ftags&post=562072"}],"curies":[{"name":"wp","href":"https:\/\/api.w.org\/{rel}","templated":true}]}}