{"id":562090,"date":"2022-10-10T00:15:40","date_gmt":"2022-10-10T05:15:40","guid":{"rendered":"https:\/\/www.diarioimagen.net\/?p=562090"},"modified":"2022-10-10T01:29:39","modified_gmt":"2022-10-10T06:29:39","slug":"el-gobierno-atenta-contra-el-juicio-de-amparo","status":"publish","type":"post","link":"https:\/\/www.diarioimagen.net\/?p=562090","title":{"rendered":"El gobierno atenta contra el Juicio de Amparo"},"content":{"rendered":"<h2>Por la Derecha..!<\/h2>\n<h5>Luis \u00c1ngel Garc\u00eda<\/h5>\n<p>&nbsp;<\/p>\n<p>Mariano Otero, liberal moderado y gran jurista creador del Juicio de Amparo, fue opositor al militarismo de su \u00e9poca e impuls\u00f3 un nuevo federalismo; enemigo de imitar el sistema legal americano, elabor\u00f3 el mecanismo id\u00f3neo mediante el cual el gobernado pudiera defenderse de los actos arbitrarios de la autoridad. Hoy morir\u00eda de nueva cuenta al ver c\u00f3mo el actual r\u00e9gimen destruye la figura jur\u00eddica del jalisciense y hace todo lo posible por combatir, desde la ilegalidad, el amparo.<\/p>\n<p>En cuatro a\u00f1os, el gobierno federal ha hecho todo lo posible por imponer sus actos de autoridad, a pesar de los amparos interpuestos por los ciudadanos en muchas de las decisiones presidenciales, en clara violaci\u00f3n al Estado de Derecho. Las determinaciones judiciales poco importan a la 4T y lleva adelante sus proyectos en franca rebeld\u00eda a los amparos interpuestos. M\u00e1s a\u00fan, amenazan a los impartidores de justicia cuando conceden esa garant\u00eda a los afectados. La espada de Damocles pende sobre los justicieros, quienes se ven obligados a negarlos o no conceder la suspensi\u00f3n definitiva; en otros casos, sus pares son quienes les enmiendan la plana y van en contra de una primera resoluci\u00f3n favorable para los quejosos. Si a pesar de esa presi\u00f3n, los jueces insisten en otorgar la suspensi\u00f3n, de inmediato son amenazados con investigaciones ministeriales o fiscales, adem\u00e1s de ser acusados en el Consejo de la Judicatura para que se les sancione.<\/p>\n<p>No s\u00f3lo se incumplen amparos, el Ministerio P\u00fablico integra tan mal las carpetas de investigaci\u00f3n que violan el debido proceso, lo que ha permitido la liberaci\u00f3n de muchos presuntos responsables, pero se culpa a los de toga de ser laxos o corruptos. No es perversidad de los impartidores ni signo de corrupci\u00f3n, es el abuso autoritario de la gesti\u00f3n p\u00fablica lo que obliga a ir en contra de las medidas del gobierno. A pesar de ello, el Poder Ejecutivo insiste en violentar la ley e incluso llega a la inconstitucionalidad de sus actos.<\/p>\n<p>Pareciera que la 4T no sabe la funci\u00f3n jur\u00eddica y social que tiene la Carta Marga; en el mundo, las constituciones fueron dise\u00f1adas para frenar los abusos del poder pol\u00edtico, ponerle l\u00edmites y dar garant\u00edas a los gobernados. Misma funci\u00f3n del juicio de amparo, con mayores alcances que el habeas corpus anglosaj\u00f3n.<\/p>\n<p>Tal vez, como lo pens\u00f3 Mariano Otero, es tiempo de pensar en la renovaci\u00f3n del pacto social, redefinir las reglas de la convivencia en comunidad y con moderno federalismo, dar nueva vigencia al Estado de Derecho; escenario en el que no tendr\u00eda cabida el proyecto pol\u00edtico de la 4T, donde se ejerce el poder unipersonal, se aspira al centralismo \u2014parad\u00f3jicamente visi\u00f3n conservadora\u2014, donde los gobernadores son como gerentes que reciben instrucciones desde palacio nacional, en plena violaci\u00f3n a la soberan\u00eda estatal, para actuar en funci\u00f3n del proyecto presidencial; las entidades federativas y sus Congresos han perdido su autonom\u00eda.<\/p>\n<p>Desde el centro, se deciden presupuestos, obras, nombramientos \u2014como es el caso de los titulares de seguridad p\u00fablica, posici\u00f3n reservada ahora\u00a0 para navales y militares\u2014, se ordena la persecuci\u00f3n de los enemigos pol\u00edticos, se establece la err\u00f3nea estrategia de combate al crimen organizado y se instruye qu\u00e9 inversiones privadas est\u00e1n permitidos.<\/p>\n<p>Urge una redefinici\u00f3n en los t\u00e9rminos de la verdadera gobernanza, donde el poder civil haga prevalecer el Estado de Derecho, se d\u00e9 vigencia a la Constituci\u00f3n como freno al poder pol\u00edtico y se respete el Juicio de Amparo como instrumento de la sociedad civil para evitar los abusos de ese poder. Estamos en deuda con el liberal de a deveras.<\/p>\n","protected":false},"excerpt":{"rendered":"<p><span style=\"color: #005497;\"><strong>Luis \u00c1ngel Garc\u00eda<\/strong><\/span><\/p>\n","protected":false},"author":3,"featured_media":0,"comment_status":"open","ping_status":"open","sticky":false,"template":"","format":"standard","meta":{"_monsterinsights_skip_tracking":false,"_monsterinsights_sitenote_active":false,"_monsterinsights_sitenote_note":"","_monsterinsights_sitenote_category":0,"footnotes":""},"categories":[92115],"tags":[92117,43674,92116],"class_list":["post-562090","post","type-post","status-publish","format-standard","hentry","category-luis-angel-garcia","tag-luis-angel-garcia","tag-opinion","tag-por-la-derecha"],"_links":{"self":[{"href":"https:\/\/www.diarioimagen.net\/index.php?rest_route=\/wp\/v2\/posts\/562090","targetHints":{"allow":["GET"]}}],"collection":[{"href":"https:\/\/www.diarioimagen.net\/index.php?rest_route=\/wp\/v2\/posts"}],"about":[{"href":"https:\/\/www.diarioimagen.net\/index.php?rest_route=\/wp\/v2\/types\/post"}],"author":[{"embeddable":true,"href":"https:\/\/www.diarioimagen.net\/index.php?rest_route=\/wp\/v2\/users\/3"}],"replies":[{"embeddable":true,"href":"https:\/\/www.diarioimagen.net\/index.php?rest_route=%2Fwp%2Fv2%2Fcomments&post=562090"}],"version-history":[{"count":0,"href":"https:\/\/www.diarioimagen.net\/index.php?rest_route=\/wp\/v2\/posts\/562090\/revisions"}],"wp:attachment":[{"href":"https:\/\/www.diarioimagen.net\/index.php?rest_route=%2Fwp%2Fv2%2Fmedia&parent=562090"}],"wp:term":[{"taxonomy":"category","embeddable":true,"href":"https:\/\/www.diarioimagen.net\/index.php?rest_route=%2Fwp%2Fv2%2Fcategories&post=562090"},{"taxonomy":"post_tag","embeddable":true,"href":"https:\/\/www.diarioimagen.net\/index.php?rest_route=%2Fwp%2Fv2%2Ftags&post=562090"}],"curies":[{"name":"wp","href":"https:\/\/api.w.org\/{rel}","templated":true}]}}