{"id":562202,"date":"2022-10-11T00:03:47","date_gmt":"2022-10-11T05:03:47","guid":{"rendered":"https:\/\/www.diarioimagen.net\/?p=562202"},"modified":"2022-10-11T01:39:03","modified_gmt":"2022-10-11T06:39:03","slug":"clausuran-tiradero-clandestino-en-la-comunidad-el-castillo-en-naucalpan","status":"publish","type":"post","link":"https:\/\/www.diarioimagen.net\/?p=562202","title":{"rendered":"Clausuran tiradero clandestino en la comunidad El Castillo, en Naucalpan"},"content":{"rendered":"<p>&nbsp;<\/p>\n<ul>\n<li><strong><em>Operativo de autoridades estatales y municipales<\/em><\/strong><\/li>\n<\/ul>\n<p>&nbsp;<\/p>\n<div id=\"attachment_562279\" style=\"width: 470px\" class=\"wp-caption aligncenter\"><img loading=\"lazy\" decoding=\"async\" aria-describedby=\"caption-attachment-562279\" class=\"size-full wp-image-562279\" src=\"https:\/\/www.diarioimagen.net\/wp-content\/uploads\/2022\/10\/clausuran-tiradero.jpg\" alt=\"\" width=\"460\" height=\"270\" \/><p id=\"caption-attachment-562279\" class=\"wp-caption-text\">Clausuraron un tiradero clandestino en la comunidad \u201cEl Castillo\u201d, en Naucalpan, que ocasionaba un grave da\u00f1o al ambiente.<\/p><\/div>\n<p>&nbsp;<\/p>\n<p><strong>Naucalpan, Estado de M\u00e9xico.\u2014<\/strong> En un operativo conjunto con autoridades estatales, polic\u00edas municipales detuvieron a dos personas como probables responsables de delitos contra el ambiente, aseguraron tres veh\u00edculos y clausuraron un tiradero clandestino en la comunidad \u201cEl Castillo\u201d, que hasta el momento es el que m\u00e1s da\u00f1o ocasionaba al ambiente porque desechaban aceite industrial.<\/p>\n<p>Francisco Rosas Olmos, titular de la Direcci\u00f3n General de Seguridad Ciudadana y Tr\u00e1nsito Municipal, inform\u00f3 que por instrucciones de la alcaldesa Ang\u00e9lica Moya Mar\u00edn, la dependencia participa con autoridades estatales y federales para combatir los tiraderos clandestinos en la localidad, con el fin de preservar el ambiente en beneficio de los naucalpenses.<\/p>\n<p>Por ello, con el apoyo a la Procuradur\u00eda de Protecci\u00f3n al Ambiente del Estado de M\u00e9xico y la Fiscal\u00eda Especializada de Delitos Cometidos por Fraccionadores y Contra el Ambiente, en cumplimiento a un oficio de investigaci\u00f3n, acudieron a un inmueble ubicado en un predio de m\u00e1s de 31 mil metros cuadrados sobre Camino Arenero de la referida comunidad.<\/p>\n<p>En el interior se encontraron a dos hombres que tiraban aceite tipo industrial y realizaban el reacomodo de basura y cascajo, quienes reconocieron no contar con los permisos correspondientes para hacer esta actividad.<\/p>\n","protected":false},"excerpt":{"rendered":"<p>En un operativo conjunto con autoridades estatales, polic\u00edas municipales detuvieron a dos personas como probables responsables de delitos contra el ambiente, aseguraron tres veh\u00edculos y clausuraron un tiradero clandestino en la comunidad \u201cEl Castillo\u201d, que hasta el momento es el que m\u00e1s da\u00f1o ocasionaba al ambiente porque desechaban aceite industrial.<\/p>\n","protected":false},"author":3,"featured_media":562279,"comment_status":"open","ping_status":"open","sticky":false,"template":"","format":"standard","meta":{"_monsterinsights_skip_tracking":false,"_monsterinsights_sitenote_active":false,"_monsterinsights_sitenote_note":"","_monsterinsights_sitenote_category":0,"footnotes":""},"categories":[5],"tags":[94451,96561,43675,970,96560],"class_list":["post-562202","post","type-post","status-publish","format-standard","has-post-thumbnail","hentry","category-estado-de-mexico","tag-clandestino","tag-el-castillo","tag-estado-de-mexico","tag-naucalpan","tag-tiradero"],"_links":{"self":[{"href":"https:\/\/www.diarioimagen.net\/index.php?rest_route=\/wp\/v2\/posts\/562202","targetHints":{"allow":["GET"]}}],"collection":[{"href":"https:\/\/www.diarioimagen.net\/index.php?rest_route=\/wp\/v2\/posts"}],"about":[{"href":"https:\/\/www.diarioimagen.net\/index.php?rest_route=\/wp\/v2\/types\/post"}],"author":[{"embeddable":true,"href":"https:\/\/www.diarioimagen.net\/index.php?rest_route=\/wp\/v2\/users\/3"}],"replies":[{"embeddable":true,"href":"https:\/\/www.diarioimagen.net\/index.php?rest_route=%2Fwp%2Fv2%2Fcomments&post=562202"}],"version-history":[{"count":0,"href":"https:\/\/www.diarioimagen.net\/index.php?rest_route=\/wp\/v2\/posts\/562202\/revisions"}],"wp:featuredmedia":[{"embeddable":true,"href":"https:\/\/www.diarioimagen.net\/index.php?rest_route=\/wp\/v2\/media\/562279"}],"wp:attachment":[{"href":"https:\/\/www.diarioimagen.net\/index.php?rest_route=%2Fwp%2Fv2%2Fmedia&parent=562202"}],"wp:term":[{"taxonomy":"category","embeddable":true,"href":"https:\/\/www.diarioimagen.net\/index.php?rest_route=%2Fwp%2Fv2%2Fcategories&post=562202"},{"taxonomy":"post_tag","embeddable":true,"href":"https:\/\/www.diarioimagen.net\/index.php?rest_route=%2Fwp%2Fv2%2Ftags&post=562202"}],"curies":[{"name":"wp","href":"https:\/\/api.w.org\/{rel}","templated":true}]}}