{"id":562375,"date":"2022-10-12T00:15:05","date_gmt":"2022-10-12T05:15:05","guid":{"rendered":"https:\/\/www.diarioimagen.net\/?p=562375"},"modified":"2022-10-12T01:59:59","modified_gmt":"2022-10-12T06:59:59","slug":"el-terror-que-nunca-acaba","status":"publish","type":"post","link":"https:\/\/www.diarioimagen.net\/?p=562375","title":{"rendered":"El terror que nunca acaba"},"content":{"rendered":"<h2>Por la Derecha..!<\/h2>\n<h5>Luis \u00c1ngel Garc\u00eda<\/h5>\n<p>&nbsp;<\/p>\n<p>Una masacre m\u00e1s. 20 muertos no conmueven a las autoridades. La gobernadora dice que es herencia maldita. De la indiferencia a la exculpaci\u00f3n.<\/p>\n<p>Mientras tanto, un aparente cabecilla criminal, l\u00edder de La Familia Michoacana, explica -cual ministerio p\u00fablico-, el origen de la matanza y ubica a los responsables, a quienes -ahora en papel de impartidor de justicia-, en juicio sumario decide -como acto reprobable de venganza, seg\u00fan \u00e9l-, matarlos por perpetrar el fallido atentado en su contra, adem\u00e1s de perseguirlo despu\u00e9s de la balacera en el palacio municipal de San Miguel Totolapan, Guerrero.<\/p>\n<p>Inadmisible que un presunto delincuente, convertido en autodefensa, confiese a trav\u00e9s de redes sociales el asesinato de quienes pretendieron matarlo. En calidad de juez de horca y cuchillo no s\u00f3lo declar\u00f3 su crimen, sino que hasta videograb\u00f3 las camionetas baleadas de sus agresores. Justicia de propia mano.<\/p>\n<p>M\u00e1s a\u00fan, anuncia que ir\u00e1 sobre los autores intelectuales del malogrado atentado que dej\u00f3 20 muertos, incluido el edil y su padre, el ex presidente municipal. Asegura tener dinero para financiar el operativo de b\u00fasqueda de Los Tequileros y amenaza con liquidarlos. Mientras tanto, manda un mensaje pacificador a los habitantes de su pueblo, San Miguel Totolapan: \u201cEst\u00e9n tranquilos, yo los voy a cuidar; nos confiamos, era un pueblo tranquilo, no volver\u00e1 a pasar. Est\u00e9n tranquilos\u201d.<\/p>\n<p>\u00bfY el Estado de Derecho y las autoridades estatales, es permisible que los ciudadanos tomen la justicia por su cuenta, d\u00f3nde est\u00e1 la estrategia de seguridad, \u00e9sta la deben proporcionar las autodefensas, los sicarios, los mismos criminales que se disputan territorio y mercado?<\/p>\n<p>Esas son las preguntas que se hace el ciudadano de la calle. Las escenas que se vieron de la masacre -aunque el t\u00e9rmino est\u00e9 proscrito de la narrativa oficial- dejan preocupaci\u00f3n en la gente. Parece que se perdi\u00f3 la gobernabilidad, que el crimen organizado es un poder f\u00e1ctico que engulle a los poderes reales. La violencia pol\u00edtica se ha apoderado del espacio p\u00fablico; es m\u00e1s, de la administraci\u00f3n p\u00fablica misma. No se conformaron con su capacidad corruptora de polic\u00edas, jueces y autoridades, la imposici\u00f3n de candidatos o el financiamiento de las campa\u00f1as pol\u00edticas. Ahora ganan impunidad a sangre y fuego; toman venganza contra grupos rivales, desaparecen a ediles que no aceptaron las reglas del juego o no respetaron acuerdos.<\/p>\n<p>Tal vez porque todav\u00eda tenemos narcotraficantes de primera generaci\u00f3n, nos parecemos a la Colombia de los ochenta, infiltrados en el gobierno mismo y sanguinarios como nadie. Hoy, el pa\u00eds sudamericano cuenta con mafiosos de cuarta generaci\u00f3n, delincuentes de cuello blanco y estudios en el extranjero, a quienes ya no les interesa comercializar la droga, sino el negocio de lavado de dinero; por eso han permitido que los c\u00e1rteles mexicanos operen a sus anchas con la droga de esa naci\u00f3n.<\/p>\n<p>Mientras tanto, aqu\u00ed nos desangramos, se ti\u00f1e de rojo la Rep\u00fablica. Contin\u00faan las masacres, las desapariciones forzadas, la ejecuci\u00f3n de pol\u00edticos y representantes populares. Los gobiernos perdieron el control; son ellos, los malosos, quienes mandan y no se conformaron con hacer boyante su negocio, ahora exigen m\u00e1s. Al narcotr\u00e1fico se suma el cobro por derecho de piso -especie de impuesto ilegal a toda actividad econ\u00f3mica l\u00edcita-, la extorsi\u00f3n, el secuestro y la cooptaci\u00f3n de servidores p\u00fablicos de los tres niveles de gobierno. Buena, hasta imponen a gobernadores.<\/p>\n<p>No es buena lectura lo ocurrido en Totolapan, habla de ingobernabilidad, ausencia, al menos, de las autoridades estatales, cuya gobernadora insiste en hacer uso y abuso del gastado pretexto de que es consecuencia de lo hecho por las anteriores administraciones. No se puede recurrir a una excusa tan pueril. Urge que los gobiernos demuestren que no se ha perdido la gobernanza, porque ese puede ser el principio de un Estado fallido.<\/p>\n","protected":false},"excerpt":{"rendered":"<p><span style=\"color: #005497;\"><strong>Luis \u00c1ngel Garc\u00eda<\/strong><\/span><\/p>\n","protected":false},"author":3,"featured_media":0,"comment_status":"open","ping_status":"open","sticky":false,"template":"","format":"standard","meta":{"_monsterinsights_skip_tracking":false,"_monsterinsights_sitenote_active":false,"_monsterinsights_sitenote_note":"","_monsterinsights_sitenote_category":0,"footnotes":""},"categories":[92115],"tags":[92117,43674,92116],"class_list":["post-562375","post","type-post","status-publish","format-standard","hentry","category-luis-angel-garcia","tag-luis-angel-garcia","tag-opinion","tag-por-la-derecha"],"_links":{"self":[{"href":"https:\/\/www.diarioimagen.net\/index.php?rest_route=\/wp\/v2\/posts\/562375","targetHints":{"allow":["GET"]}}],"collection":[{"href":"https:\/\/www.diarioimagen.net\/index.php?rest_route=\/wp\/v2\/posts"}],"about":[{"href":"https:\/\/www.diarioimagen.net\/index.php?rest_route=\/wp\/v2\/types\/post"}],"author":[{"embeddable":true,"href":"https:\/\/www.diarioimagen.net\/index.php?rest_route=\/wp\/v2\/users\/3"}],"replies":[{"embeddable":true,"href":"https:\/\/www.diarioimagen.net\/index.php?rest_route=%2Fwp%2Fv2%2Fcomments&post=562375"}],"version-history":[{"count":0,"href":"https:\/\/www.diarioimagen.net\/index.php?rest_route=\/wp\/v2\/posts\/562375\/revisions"}],"wp:attachment":[{"href":"https:\/\/www.diarioimagen.net\/index.php?rest_route=%2Fwp%2Fv2%2Fmedia&parent=562375"}],"wp:term":[{"taxonomy":"category","embeddable":true,"href":"https:\/\/www.diarioimagen.net\/index.php?rest_route=%2Fwp%2Fv2%2Fcategories&post=562375"},{"taxonomy":"post_tag","embeddable":true,"href":"https:\/\/www.diarioimagen.net\/index.php?rest_route=%2Fwp%2Fv2%2Ftags&post=562375"}],"curies":[{"name":"wp","href":"https:\/\/api.w.org\/{rel}","templated":true}]}}