{"id":562430,"date":"2022-10-12T00:02:15","date_gmt":"2022-10-12T05:02:15","guid":{"rendered":"https:\/\/www.diarioimagen.net\/?p=562430"},"modified":"2022-10-12T02:30:14","modified_gmt":"2022-10-12T07:30:14","slug":"unids-la-opcion-frente-a-morena","status":"publish","type":"post","link":"https:\/\/www.diarioimagen.net\/?p=562430","title":{"rendered":"Unid@s, la opci\u00f3n frente a Morena"},"content":{"rendered":"<h2>La Retaguardia<\/h2>\n<h5>Adriana Moreno Cordero<\/h5>\n<p>&nbsp;<\/p>\n<ul>\n<li><strong><em>El senador Osorio Chong quiere su \u201cMartes del jaguar\u201d<\/em><\/strong><\/li>\n<\/ul>\n<p>&nbsp;<\/p>\n<p>Organizaciones y asociaciones ciudadanas hacen despertar a los partidos de oposici\u00f3n, luego de lo vapuleados que quedaron estos cuando, desafortunadamente, el presidente <strong>Andr\u00e9s Manuel L\u00f3pez Obrador<\/strong> se vali\u00f3 de todos los recursos y arima\u00f1as que tiene desde que est\u00e1 en Palacio Nacional, para destruir a la mangoneada alianza Va por M\u00e9xico; partirla para que no le haga competencia en 2024.<\/p>\n<p><strong>Unid@s <\/strong>es el nombre de esta nueva alianza que encabezan, entre otros, el senador independiente<strong> Emilio \u00c1lvarez de Icaza <\/strong>y el empresario<strong> Gustavo de Hoyos, <\/strong>as\u00ed como organizaciones ciudadanas como<strong>: <\/strong>Frente C\u00edvico Nacional<strong>,\u00a0<\/strong>Poder Ciudadano<strong>,\u00a0<\/strong>S\u00ed por M\u00e9xico<strong>,\u00a0<\/strong>Sociedad Civil M\u00e9xico<strong>,\u00a0<\/strong>UNE M\u00e9xico<br \/>\n<strong>\u00a0<\/strong>y<strong>\u00a0<\/strong>Unidos por M\u00e9xico, mismas que se percataron que los partidos de oposici\u00f3n hab\u00edan entrado en un aletargamiento cuando en Morena, la carrera al 2024 est\u00e1 m\u00e1s que adelantada y \u201ccorcholatas y corcholatos\u201d est\u00e1n por todas partes, de ah\u00ed que la labor del tabasque\u00f1o sea ahora la de allanar el camino lo m\u00e1s posible a quien resulte ser el abanderado presidencial del partido oficial y para ello, -dicho sea de paso-, el Presidente y sus ciegos y leales seguidores, ya tienen en la mira de nueva cuenta al Instituto Nacional Electoral, (INE), que es el \u00fanico capacitado para llevar a cabo elecciones limpias y transparentes y ah\u00ed est\u00e1 el propio L\u00f3pez Obrador y su triunfo en 2018 como muestra.<\/p>\n<p>Por eso, en el evento de presentaci\u00f3n, Unid@s hizo un llamado al PAN, PRI y PRD a retomar el di\u00e1ogo para construir una coalici\u00f3n electoral lo suficientemente s\u00f3lida para enfrentar a Morena y sus r\u00e9moras.<\/p>\n<p>Como es bien sabido, s\u00f3lo mediante los partidos de oposici\u00f3n se puede derrotar a Morena por la v\u00eda electoral as\u00ed como los afanes reeleccionistas de L\u00f3pez Obrador, ya que las organizaciones ciudadanas no cuentan con recursos, sin embargo y como contraste, en esta importante coyuntura lo que menos debe hacerse es politizar el tema o dejarse llevar por rencores; ah\u00ed est\u00e1 como muestra la v\u00edscera presidencial.<\/p>\n<p>Por otra parte, Unid@s exhort\u00f3 a Movimiento Ciudadano para que se incorpore a dicha coalici\u00f3n. Esto, porque es bien conocida la postura del l\u00edder del partido naranja, <strong>Dante Delgado<\/strong>, en el sentido de que su instituto pol\u00edtico no se sumar\u00e1 a la alianza porque la considera algo as\u00ed como un \u201cTitanic\u201d, (dicho por \u00e9l mismo) y espera que ellos solos pueden dar la sorpresa en\u00a0 2024, algo que sin duda, se ve sumamente dif\u00edcil.<\/p>\n<p>La postura del empresario Gustavo de Hoyos, es interesante. Como se sabe, el ex l\u00edder empresarial fue un constante cuestionador de esta errada y llamada Cuarta Transformaci\u00f3n, por lo que se gan\u00f3 el odio del inquilino de Palacio Nacional. Anunciado Unid@s, de Hoyos Walther hizo un balance general en el que subray\u00f3 que son m\u00e1s los positivos de lo que fue la alianza Va por M\u00e9xico, que los negativos.<\/p>\n<p>Finalmente, es que este nuevo movimiento que va por construir un bloque frente a Morena, tiene que darse prisa, pero al mismo tiempo, irse con \u201cpies de plomo\u201d, ya que la furia presidencial por Guacamaya Leaks y por \u201cEl rey del cash\u201d, est\u00e1 desatad\u00edsima.<\/p>\n<p style=\"text-align: center;\"><strong>Municiones<\/strong><\/p>\n<p>*** Ya se consignaba en este espacio que el coordinador de los senadores del PRI, <strong>Miguel \u00c1ngel Osorio Chong<\/strong>, estaba m\u00e1s que desesperado por el abandono en que lo dejaron alrededor de nueve senadores en la votaci\u00f3n en la que se ampli\u00f3 el plazo para que las fuerzas armadas continuaran en las calles hasta 2028. Pues bien, resulta que el ex gobernador hidalguense quiere armar una especie de \u201cMartes del jaguar\u201d, que a lo mejor podr\u00eda llamarse \u201cSemana del paste\u201d y quiere conformar una corriente para hacerle contrapeso ni m\u00e1s ni menos que al dirigente del PRI, <strong>Alejandro Moreno C\u00e1rdenas<\/strong>. Sin embargo, con el poder de convocatoria que demostr\u00f3 tener el ex secretario de Gobernaci\u00f3n, se puede anticipar que no muchos le har\u00e1n caso y le salga mucho m\u00e1s caro \u201cel caldo que las alb\u00f3ndigas\u201d. Una \u201ccorriente interna de car\u00e1cter nacional\u201d, es como ha denominado Osorio Chong a la sublevaci\u00f3n que planea en contra del campechano. La reacci\u00f3n del a\u00fan coordinador pri\u00edsta en la C\u00e1mara alta, suena hasta l\u00f3gica porque como ahora su posici\u00f3n se tambalea se reitera, busca cualquier asidero y qu\u00e9 mejor, para \u00e9l, que volver a intentar arremeter en contra de \u201cAlito\u201d Moreno. Y en lo que se anot\u00f3 en l\u00edneas anteriores como \u201cel Martes del jaguar\u201d reloaded, es porque el senador tricolor que cada vez se queda con menos amigos y seguidores, anunci\u00f3 que va a \u201cbalconear\u201d al l\u00edder tricolor, pero en ese lance, a lo mejor el que queda expuesto es el propio Osorio Chong.<\/p>\n<p>*** Para tener un transporte m\u00e1s accesible, digno y eficiente para la poblaci\u00f3n que vive en zonas de dif\u00edcil acceso en la Ciudad de M\u00e9xico, en horarios ordinarios y nocturnos, que no cuenta con veh\u00edculo particular, as\u00ed como para personas con discapacidad o con movilidad limitada, es necesario reformar la Ley de Movilidad. Por ello, el diputado local del PRD en el Congreso capitalino, <strong>V\u00edctor Hugo Lobo Rom\u00e1n<\/strong>, present\u00f3 una iniciativa para reformar los art\u00edculos 60, 81 y 88 de dicha ley, a fin de beneficiar a la poblaci\u00f3n con menos ingresos econ\u00f3micos. Al exponer su propuesta, el tambi\u00e9n coordinador perredista en el Antiguo Palacio de Donceles record\u00f3 que en la ciudad cuenta con una poblaci\u00f3n de 9 millones 209 mil 944 personas, \u201cpor lo que la hace demandar un servicio de transporte de pasajeros, amplio, seguro y eficaz, que resuelva la problem\u00e1tica que en este rubro demanda la poblaci\u00f3n\u201d. Adem\u00e1s, destac\u00f3 que de acuerdo con la Encuesta Origen-Destino en Hogares de la Zona Metropolitana del Valle de M\u00e9xico (Inegi, 2017), por cada 10 viajes diarios en transporte p\u00fablico, siete (68.7%) son en colectivo o microb\u00fas; es decir, en \u201cTransporte de Ruta\u201d, por lo que esta modalidad de transporte brinda servicio a m\u00e1s de seis millones de usuarios. En t\u00e9rminos generales, Lobo Rom\u00e1n plantea que la Secretar\u00eda de Movilidad \u201cdeber\u00e1 proporcionar rutas de transporte p\u00fablico en zonas de dif\u00edcil acceso en horarios ordinarios; del mismo modo las rutas autorizadas en el transporte concesionado de pasajeros, deber\u00e1n proporcionar servicio en horario nocturno; en zonas de alta marginaci\u00f3n econ\u00f3mica, previo estudio de la demanda en zonas de dif\u00edcil acceso y que carecen de otro medio de transporte\u201d.<\/p>\n<p>*** Ahora s\u00ed que se vol\u00f3 la barda el ex gobernador de Michoac\u00e1n, <strong>Silvano Aureoles Conejo<\/strong>, quien desde la semana pasada se anda placeando diciendo a todo el que lo quiere o\u00edr, y al que no, tambi\u00e9n, que \u00e9l ser\u00e1 Presidente de M\u00e9xico en 2024. Qui\u00e9n sabe cu\u00e1nto le habr\u00e1n ofrecido por hacer el papel de \u201cpati\u00f1o\u201d o por hacer ese rid\u00edculo, pues el michoacano sabe que no va a llegar. Aun as\u00ed, Aureoles le mand\u00f3 decir a L\u00f3pez Obrador, que va a ser el futuro Presidente. Lo que se reir\u00e1n de \u00e9l en todos lados, \u00bfno le dar\u00e1 pena?<\/p>\n<p><u><a href=\"mailto:morcora@gmail.com\" target=\"_blank\" rel=\"noopener noreferrer\"><em>morcora@gmail.com<\/em><\/a><\/u><\/p>\n","protected":false},"excerpt":{"rendered":"<p><span style=\"color: #005497;\"><strong>Adriana Moreno Cordero<\/strong><\/span><\/p>\n","protected":false},"author":3,"featured_media":0,"comment_status":"open","ping_status":"open","sticky":false,"template":"","format":"standard","meta":{"_monsterinsights_skip_tracking":false,"_monsterinsights_sitenote_active":false,"_monsterinsights_sitenote_note":"","_monsterinsights_sitenote_category":0,"footnotes":""},"categories":[69370],"tags":[69369,69368,43674],"class_list":["post-562430","post","type-post","status-publish","format-standard","hentry","category-adriana-moreno-cordero","tag-adriana-moreno-cordero","tag-la-retaguardia","tag-opinion"],"_links":{"self":[{"href":"https:\/\/www.diarioimagen.net\/index.php?rest_route=\/wp\/v2\/posts\/562430","targetHints":{"allow":["GET"]}}],"collection":[{"href":"https:\/\/www.diarioimagen.net\/index.php?rest_route=\/wp\/v2\/posts"}],"about":[{"href":"https:\/\/www.diarioimagen.net\/index.php?rest_route=\/wp\/v2\/types\/post"}],"author":[{"embeddable":true,"href":"https:\/\/www.diarioimagen.net\/index.php?rest_route=\/wp\/v2\/users\/3"}],"replies":[{"embeddable":true,"href":"https:\/\/www.diarioimagen.net\/index.php?rest_route=%2Fwp%2Fv2%2Fcomments&post=562430"}],"version-history":[{"count":0,"href":"https:\/\/www.diarioimagen.net\/index.php?rest_route=\/wp\/v2\/posts\/562430\/revisions"}],"wp:attachment":[{"href":"https:\/\/www.diarioimagen.net\/index.php?rest_route=%2Fwp%2Fv2%2Fmedia&parent=562430"}],"wp:term":[{"taxonomy":"category","embeddable":true,"href":"https:\/\/www.diarioimagen.net\/index.php?rest_route=%2Fwp%2Fv2%2Fcategories&post=562430"},{"taxonomy":"post_tag","embeddable":true,"href":"https:\/\/www.diarioimagen.net\/index.php?rest_route=%2Fwp%2Fv2%2Ftags&post=562430"}],"curies":[{"name":"wp","href":"https:\/\/api.w.org\/{rel}","templated":true}]}}