{"id":562433,"date":"2022-10-12T00:04:21","date_gmt":"2022-10-12T05:04:21","guid":{"rendered":"https:\/\/www.diarioimagen.net\/?p=562433"},"modified":"2022-10-12T02:33:16","modified_gmt":"2022-10-12T07:33:16","slug":"campanas-anticipadas","status":"publish","type":"post","link":"https:\/\/www.diarioimagen.net\/?p=562433","title":{"rendered":"Campa\u00f1as anticipadas"},"content":{"rendered":"<h2>Desde el portal<\/h2>\n<h5>\u00c1ngel Soriano<\/h5>\n<p>&nbsp;<\/p>\n<p>Menudean las denuncias en contra de aspirantes a las candidaturas de puestos de elecci\u00f3n popular que, antes de que inicie el proceso de selecci\u00f3n interna de los partidos, arrasan con espectaculares lo mismo en ciudades que en caminos rurales en busca de posicionarse para obtener los puestos en pugna.<\/p>\n<p>Se dir\u00eda que es leg\u00edtimo el tener aspiraciones y realizar campa\u00f1as previas, pero el problema es que la ciudadan\u00eda se pregunta de d\u00f3nde salen tan cuantiosos recursos para financiar los espectaculares y obtener permisos para la colocaci\u00f3n de los mismos y no se necesita ser expertos en finanzas para determinar que vienen de los fondos p\u00fablicos.<\/p>\n<p>Y adem\u00e1s de los recursos p\u00fablicos, hay tambi\u00e9n financiamiento privado de empresas interesadas en colocar a sus socios y empleados en posiciones clave, para luego pasar las facturas y recuperar la inversi\u00f3n, lo cual tambi\u00e9n es leg\u00edtimo, s\u00f3lo que ahora est\u00e1 regulado y hay que comprobar la procedencia y destino de los costos de las campa\u00f1as.<\/p>\n<p>De no hacerlo y seguir con la din\u00e1mica actual, a meses de las elecciones locales en estados pendientes y la elecci\u00f3n federal, estar\u00edan frente al mismo escenario de gobiernos pasados y, quiz\u00e1 m\u00e1s grave, porque ahora se presume de honestidad y de transparencia que no se ven por ning\u00fan lado, sino al contrario, se perfeccionan los mecanismos o la impunidad.<\/p>\n<p style=\"text-align: center;\"><strong>TURBULENCIAS<br \/>\nCambios en el SAT<\/strong><\/p>\n<p>\u00a0Con la designaci\u00f3n de Antonio Mart\u00ednez Dagnino -con trayectoria en el sector privado y en las finanzas-, como jefe del SAT se confirma que las decisiones vienen de Palacio Nacional y los funcionarios con o sin experiencias s\u00f3lo cumplen instrucciones y las deben ejecutar sin m\u00e1s opini\u00f3n pues las decisiones son pol\u00edticas, m\u00e1s que t\u00e9cnicas. Y aun hay quienes consideran que la ahora secretaria de Econom\u00eda, Raquel Buenrostro, es de \u201cmano dura\u201d y que por ello aument\u00f3 la recaudaci\u00f3n fiscal. Los grandes contribuyentes se entienden directamente con el que manda y nunca con los subordinados\u2026 El presidente Andr\u00e9s Manuel L\u00f3pez Obrador advirti\u00f3 que vienen m\u00e1s libros con ataques a su administraci\u00f3n, financiados o promovidos desde sectores inconformes con las decisiones p\u00fablicas que ha tomado y que afectan sus intereses. Lo importante ser\u00eda que los autores prueben sus dichos y no s\u00f3lo sean motivo de especulaci\u00f3n mercantil para obtener mayores ganancias\u2026 Pese a que el l\u00edder de Movimiento Ciudadano, Dante Delgado, descart\u00f3 al gobernador de Nuevo Le\u00f3n, Samuel Garc\u00eda, como candidato presidencial -no as\u00ed al gobernador de Jalisco, Enrique Alfaro-, no est\u00e1 del todo fuera, pues sigue en su fren\u00e9tica carrera de posicionarse frente al alcalde de Monterrey, Luis Donaldo Colosio Riojas que, sin hacer campa\u00f1a previa, se ha colocado como uno de los punteros, incluso muy por encima del otro junior, Enrique de la Madrid. Lo cierto es que dentro de una docena de aspirantes de todos los partidos el que obtenga ventaja ser\u00e1 el que sea capaz de capitalizar y encauzar la inconformidad de algunos sectores contra la IV-T que tiene muchos puntos vulnerables, pero tambi\u00e9n fortalezas que ser\u00e1n definitivas para la elecci\u00f3n del 2024\u2026 Hasta ahora el senador Ricardo Monreal, dentro del grupo opositor, se ha visto que sabe manejar la inconformidad dentro y fuera del Senado y provecharla para sus prop\u00f3sitos; por ejemplo, en el enfrentamiento entre la alcaldesa en Cuauht\u00e9moc, Sandra Cuevas, y la jefa de gobierno capitalino, Claudia Sheinbaum, de donde el zacatecano identifica el origen de los ataques que recibe, pues se trata de un pol\u00edtico muy conocedor del sistema actual y el pasado priista. Todo est\u00e1 por definirse pero desde ahora se vislumbra que el proceso electoral del 2024 ser\u00e1 muy competido.<\/p>\n<p><u><a href=\"mailto:asorianocarrasco@yahoo.com\" target=\"_blank\" rel=\"noopener noreferrer\"><em>asorianocarrasco@yahoo.com<\/em><\/a><br \/>\n<em><a href=\"https:\/\/revistabrecha.com\" target=\"_blank\" rel=\"noopener noreferrer\">www.revistabrecha.com<\/a><br \/>\n<\/em><\/u><em>facebook oficial <a href=\"https:\/\/es-la.facebook.com\/RevistaBrecha.Oficial\" target=\"_blank\" rel=\"noopener\">@BrechaRevista<\/a><\/em><\/p>\n","protected":false},"excerpt":{"rendered":"<p><span style=\"color: #005497;\"><strong>\u00c1ngel Soriano<\/strong><\/span><\/p>\n","protected":false},"author":3,"featured_media":0,"comment_status":"open","ping_status":"open","sticky":false,"template":"","format":"standard","meta":{"_monsterinsights_skip_tracking":false,"_monsterinsights_sitenote_active":false,"_monsterinsights_sitenote_note":"","_monsterinsights_sitenote_category":0,"footnotes":""},"categories":[135],"tags":[85,86,43674],"class_list":["post-562433","post","type-post","status-publish","format-standard","hentry","category-angel-soriano-opinion","tag-angel-soriano","tag-desde-el-portal","tag-opinion"],"_links":{"self":[{"href":"https:\/\/www.diarioimagen.net\/index.php?rest_route=\/wp\/v2\/posts\/562433","targetHints":{"allow":["GET"]}}],"collection":[{"href":"https:\/\/www.diarioimagen.net\/index.php?rest_route=\/wp\/v2\/posts"}],"about":[{"href":"https:\/\/www.diarioimagen.net\/index.php?rest_route=\/wp\/v2\/types\/post"}],"author":[{"embeddable":true,"href":"https:\/\/www.diarioimagen.net\/index.php?rest_route=\/wp\/v2\/users\/3"}],"replies":[{"embeddable":true,"href":"https:\/\/www.diarioimagen.net\/index.php?rest_route=%2Fwp%2Fv2%2Fcomments&post=562433"}],"version-history":[{"count":0,"href":"https:\/\/www.diarioimagen.net\/index.php?rest_route=\/wp\/v2\/posts\/562433\/revisions"}],"wp:attachment":[{"href":"https:\/\/www.diarioimagen.net\/index.php?rest_route=%2Fwp%2Fv2%2Fmedia&parent=562433"}],"wp:term":[{"taxonomy":"category","embeddable":true,"href":"https:\/\/www.diarioimagen.net\/index.php?rest_route=%2Fwp%2Fv2%2Fcategories&post=562433"},{"taxonomy":"post_tag","embeddable":true,"href":"https:\/\/www.diarioimagen.net\/index.php?rest_route=%2Fwp%2Fv2%2Ftags&post=562433"}],"curies":[{"name":"wp","href":"https:\/\/api.w.org\/{rel}","templated":true}]}}