{"id":562442,"date":"2022-10-12T00:03:35","date_gmt":"2022-10-12T05:03:35","guid":{"rendered":"https:\/\/www.diarioimagen.net\/?p=562442"},"modified":"2022-10-12T02:40:10","modified_gmt":"2022-10-12T07:40:10","slug":"pruebas-imposible","status":"publish","type":"post","link":"https:\/\/www.diarioimagen.net\/?p=562442","title":{"rendered":"\u00bfPruebas?, imposible"},"content":{"rendered":"<h2>Espacio Electoral<\/h2>\n<h5>Eleazar Flores<\/h5>\n<p>&nbsp;<\/p>\n<p><strong>NO HABR\u00c1-.<\/strong> Con excepci\u00f3n del video donde aparece en video el profesor Ren\u00e9 Bejarano recibiendo fajos de dinero, llegando a ser privado de su libertad, no ha habido m\u00e1s sancionados con el argumento de que es INFORMACI\u00d3N RESERVADA por cinco o m\u00e1s a\u00f1os. Bejarano era secretario particular de ya sabe qui\u00e9n.<\/p>\n<p>Casos de esto \u00faltimo, entre otros, est\u00e1 el de el hermano \u00bf(in)c\u00f3modo)? P\u00edo L\u00f3pez Obrador y el de David Romero inmiscuidos en asuntos de dineros y van a\u00f1os sin saberse ni esclarecerse nada.<\/p>\n<p>A lo anterior se debe el pronunciamiento confiado del padre de la Cuarta Transformaci\u00f3n cuando dice \u201cno hay pruebas de lo que escriben, adem\u00e1s estoy blindado\u201d, refiri\u00e9ndose al c\u00famulo de las pocas de entre muchas revelaciones que trae el libro \u201cEl rey del cash\u201d de la periodista-escritora Elena Ch\u00e1vez, ex pareja del pejista C\u00e9sar Y\u00e1\u00f1ez.<\/p>\n<p>Lo que pide el presidente Andr\u00e9s Manuel L\u00f3pez Obrador es poco menos que imposible, trat\u00e1ndose de que la escritora vio y vivi\u00f3 en forma \u201cpresencial\u201d, como se dice ahora, muchos de los hechos y eventos ah\u00ed narrados, ya que como pareja del vocero C\u00e9sar Y\u00e1\u00f1ez, no se limitaba acceso a ninguno de los acontecimientos.<\/p>\n<p>Un ejemplo, la presunta entrega de \u201cmoches\u201d de servidores p\u00fablicos de alto nivel a la jerarqu\u00eda del hoy comando guinda era imposible detectar pero como ese, muchos casos m\u00e1s de los que Elena Ch\u00e1vez en su calidad de reportera tomaba nota y punto, sin pensar que alg\u00fan d\u00eda le iban a servir.<\/p>\n<p>Dudar, de entrada, acerca de lo que la Ch\u00e1vez escribe es como creer a pie juntillas las \u201cverdades\u201d del delincuente convertido en testigo protegido en el caso Ayotzinapa, tanto que ha enredado las cosas para beneficio del texcocano Alejandro Encinas, quien ya no encuentra la salida, y como dijo Don Teofilito, ni\u2026.<\/p>\n<p><strong>PAPA-DEL MAZO-.<\/strong> Sin tanta publicidad de por medio, se difunde ahora la audiencia que el Papa Francisco concedi\u00f3 al gobernador del Estado de M\u00e9xico Alfredo Del Mazo Maza y como es tradici\u00f3n en el Vaticano, si acaso permiten difundir fotos m\u00e1s no contenidos, fuera de la cl\u00e1sica recepci\u00f3n afectuosa y todo lo dem\u00e1s.<\/p>\n<p>El mandatario mexiquense, dice el bolet\u00edn 2,700 fechado ayer a las 9.30 horas, tambi\u00e9n se entrevist\u00f3 con otras personalidades, entre ellos monse\u00f1or Pietro Parolin, Secretario del Estado Vaticano y el tambi\u00e9n monse\u00f1or Edgar Pe\u00f1a Parra, coordinador de la Organizaci\u00f3n Internacional de Iglesias de Am\u00e9rica Latina. (IILA).<\/p>\n<p>Seguramente, la visita del mandatario al Sumo Pont\u00edfice dar\u00e1 de qu\u00e9 hablar, para bien o para mal, de sus seguidores o de sus detractores, pol\u00edticos por supuesto, pues recuerde que en suelo mexiquense se est\u00e1n viviendo tiempos pre&lt;span style=\u00bbcolor: #005497;\u00bb&gt;&lt;strong&gt;Eleazar Flores&lt;\/strong&gt;&lt;\/span&gt;electorales.<\/p>\n<p><em><a href=\"mailto:elefa44@gmail.com\" target=\"_blank\" rel=\"noopener noreferrer\">elefa44@gmail.com<\/a><\/em><\/p>\n","protected":false},"excerpt":{"rendered":"<p><span style=\"color: #005497;\"><strong>Eleazar Flores<\/strong><\/span><\/p>\n","protected":false},"author":3,"featured_media":0,"comment_status":"open","ping_status":"open","sticky":false,"template":"","format":"standard","meta":{"_monsterinsights_skip_tracking":false,"_monsterinsights_sitenote_active":false,"_monsterinsights_sitenote_note":"","_monsterinsights_sitenote_category":0,"footnotes":""},"categories":[81743],"tags":[81744,81776,43674],"class_list":["post-562442","post","type-post","status-publish","format-standard","hentry","category-eleazar-flores","tag-eleazar-flores","tag-espacio-electoral","tag-opinion"],"_links":{"self":[{"href":"https:\/\/www.diarioimagen.net\/index.php?rest_route=\/wp\/v2\/posts\/562442","targetHints":{"allow":["GET"]}}],"collection":[{"href":"https:\/\/www.diarioimagen.net\/index.php?rest_route=\/wp\/v2\/posts"}],"about":[{"href":"https:\/\/www.diarioimagen.net\/index.php?rest_route=\/wp\/v2\/types\/post"}],"author":[{"embeddable":true,"href":"https:\/\/www.diarioimagen.net\/index.php?rest_route=\/wp\/v2\/users\/3"}],"replies":[{"embeddable":true,"href":"https:\/\/www.diarioimagen.net\/index.php?rest_route=%2Fwp%2Fv2%2Fcomments&post=562442"}],"version-history":[{"count":0,"href":"https:\/\/www.diarioimagen.net\/index.php?rest_route=\/wp\/v2\/posts\/562442\/revisions"}],"wp:attachment":[{"href":"https:\/\/www.diarioimagen.net\/index.php?rest_route=%2Fwp%2Fv2%2Fmedia&parent=562442"}],"wp:term":[{"taxonomy":"category","embeddable":true,"href":"https:\/\/www.diarioimagen.net\/index.php?rest_route=%2Fwp%2Fv2%2Fcategories&post=562442"},{"taxonomy":"post_tag","embeddable":true,"href":"https:\/\/www.diarioimagen.net\/index.php?rest_route=%2Fwp%2Fv2%2Ftags&post=562442"}],"curies":[{"name":"wp","href":"https:\/\/api.w.org\/{rel}","templated":true}]}}