{"id":562444,"date":"2022-10-12T00:11:46","date_gmt":"2022-10-12T05:11:46","guid":{"rendered":"https:\/\/www.diarioimagen.net\/?p=562444"},"modified":"2022-10-12T02:41:37","modified_gmt":"2022-10-12T07:41:37","slug":"ofrendas-millonarias-al-caudillo","status":"publish","type":"post","link":"https:\/\/www.diarioimagen.net\/?p=562444","title":{"rendered":"Ofrendas millonarias al caudillo"},"content":{"rendered":"<h2>\u00cdndice pol\u00edtico<\/h2>\n<h5>Francisco Rodr\u00edguez<em>\u00a0<\/em><\/h5>\n<p>&nbsp;<\/p>\n<ul>\n<li><strong><em>Saquearon los erarios<\/em><\/strong><\/li>\n<li><strong><em>\u00bfHonestidad?<\/em><\/strong><\/li>\n<\/ul>\n<p>&nbsp;<\/p>\n<p>Ni contiene secretos de alcoba publicados por despecho\u2026<\/p>\n<p>\u2026ni con los <strong>#GuacamayaLeaks<\/strong> est\u00e1 patrocinado por la CIA ni ninguna otra agencia del mal\u00e9volo imperio\u2026<\/p>\n<p>\u2026ni fue inspirado por los conservadores, desgastada muletilla usada por <strong>Andr\u00e9s Manuel L\u00f3pez Obrador <\/strong>cada vez que se ve en aprietos y que, como siempre, no tiene argumentos para refutar.<\/p>\n<p>Es, eso s\u00ed, un retrato de la hipocres\u00eda -\u201cno mentir\u201d- y de la deshonestidad -\u201cno robar\u201d- que, al lado de los cambios de opini\u00f3n y del abandono de los principios -\u201cno traicionar\u201d- caracteriza a la llamada Cuarta Transformaci\u00f3n.<\/p>\n<p>Una radiograf\u00eda, tambi\u00e9n, de c\u00f3mo esa llamada Cuarta Transformaci\u00f3n se hunde cada vez m\u00e1s en el fango de la corrupci\u00f3n.<\/p>\n<p>Y es que s\u00ed. Andr\u00e9s Manuel L\u00f3pez Obrador corrompe todo lo que toca.<\/p>\n<p>En fin, que ha sido gracias al libro <strong><em>El rey del ca$h<\/em><\/strong> que los mexicanos nos hemos enterado de que, desde hace muchos a\u00f1os, AMLO conform\u00f3 un grupo de saqueadores de los presupuestos p\u00fablicos con el s\u00f3lo fin de utilizarlos para la satisfacci\u00f3n de un capricho: hacerse del poder\u2026 para desde ah\u00ed seguir usando los dineros p\u00fablicos para su provecho y el de sus cercanos.<\/p>\n<p>Dependencias gubernamentales, entidades federativas, ayuntamientos municipales en donde despachaban sus ap\u00f3stoles fueron saqueadas para entregar al caudillo millones y millones de pesos.<\/p>\n<p>S\u00ed, hasta municipios, cuyos habitantes han estado y estar\u00e1n en estado de pobreza extrema fueron saqueados para llevarle al tabasque\u00f1o las ofrendas en dinero en efectivo que les exig\u00eda y tal vez a\u00fan les sigue demandando.<\/p>\n<p style=\"text-align: center;\"><strong>Las razones de Elena<\/strong><\/p>\n<p>Conozco a <strong>Elena Ch\u00e1vez<\/strong>, la autora del libro.<\/p>\n<p>Hemos trabajado juntos.<\/p>\n<p>S\u00e9 de su profesionalismo y honestidad intelectual.\u00a0\u00a0 Hoy la veo fr\u00eda, serena, sin se\u00f1ales de rencor por la ruptura de una relaci\u00f3n en la que ya no se sent\u00eda c\u00f3moda.<\/p>\n<p>No desde el momento mismo en el que se percat\u00f3 de c\u00f3mo AMLO usaba a quienes lo rodeaban para extraer recursos p\u00fablicos, insisto, hasta de los municipios m\u00e1s pobres, m\u00e1s necesitados\u2026<\/p>\n<p>\u2026desde que supo de la entrega a L\u00f3pez Obrador de portafolios y maletas retacadas de billetes de alta denominaci\u00f3n para \u201cla causa\u201d que supuestamente acabar\u00eda con los actos corruptos, apenas \u00e9l llegara a la Presidencia de la Rep\u00fablica.<\/p>\n<p>\u2026desde que se vio accidentalmente envuelta en acciones que romp\u00edan la seguridad p\u00fablica y con la convivencia de los capitalinos, como fue el plant\u00f3n sobre el Paseo de la Reforma\u2026<\/p>\n<p>\u2026desde que intuy\u00f3 la hipocres\u00eda y despu\u00e9s confirm\u00f3 el cinismo del caudillo y de sus ap\u00f3stoles\u2026<\/p>\n<p>\u2026 desde que constat\u00f3 que L\u00f3pez Obrador es como aquellos a quienes siempre critic\u00f3 y sigue criticando.<\/p>\n<p>A Enrique Pe\u00f1a, por ejemplo, \u00a1y ya es mucho decir!<\/p>\n<p>S\u00e9 el por qu\u00e9 L\u00f3pez Obrador descalifica a Elena Ch\u00e1vez y a su libro.<\/p>\n<p>Lo que desconozco es por qu\u00e9 lo hacen algunos colegas.<\/p>\n<p>\u00bfUsted s\u00ed lo sabe, estimado lector?<\/p>\n<p style=\"text-align: center;\"><strong>Indicios<\/strong><\/p>\n<p>Se sincer\u00f3 <strong>Tatiana Clouthier<\/strong> con el columnista y comentarista <strong>Enrique Galv\u00e1n Ochoa<\/strong> a quien dijo, en una llamada telef\u00f3nica, que hay una \u201cjaur\u00eda\u201d rodeando a L\u00f3pez Obrador. Son los radicales dizque izquierdistas que dicen querer que todo M\u00e9xico viva en la pobreza, mientras ellos se llenan los bolsillos, recomendando a amigos para que ocupen puestos clave -que tengan que ver con dinero y \u00a1en efectivo!, en otras palabras- en el organigrama de la administraci\u00f3n p\u00fablica federal, allanando el paso a contratistas de obra y proveedores\u2026 empujando sus pagos para que los recursos les lleguen a la brevedad o, simplemente, s\u00ed les lleguen\u2026 creando empresas fantasma con sus familiares y conocidos\u2026 Los \u201cduros\u201d, pues. <em>You name them<\/em>, ya que a la hija de<strong><em> Maqu\u00edo<\/em><\/strong> omiti\u00f3 dar sus nombres. * * * \u00bfY si toda esa violencia desatada en Zacatecas es movida por las negras manos de alguna \u201ccorcholata\u201d obsesionada en eliminar a <strong>Ricardo Monreal<\/strong> de la contienda presidencial? \u00bfY si es el \u201cdestapador\u201d mismo, conocido por sus <em>vendettas<\/em> irracionales y eso s\u00ed muy apasionadas? El gobernador de la entidad, <strong>David Monreal<\/strong>, recu\u00e9rdese, es hermano del aspirante a la candidatura presidencial de Morena. El \u00fanico que ha presentado un proyecto de gobierno y no se ha quedado en la simplona pinta de bardas o despliegue de mantas. * * * Atenci\u00f3n se\u00f1ora <strong>Claudia Sheinbaum<\/strong> y se\u00f1or <strong>Omar Garc\u00eda<\/strong>: \u00bfPor qu\u00e9 no informaron de la aparici\u00f3n de un cad\u00e1ver, el domingo 9, por la ma\u00f1ana, colgado bajo un puente ubicado en la alcald\u00eda Iztapalapa? Junto con la aparici\u00f3n, el mismo d\u00eda, de un comando a bordo de varias camionetas y armados sus ocupantes con metralletas en la alcald\u00eda Tlalpan, ya encienden las luces rojas de alerta sobre lo que est\u00e1 sucediendo en la capital nacional. * * * AMLO y Marcelo Ebrard le est\u00e1n jalando muy fuerte los bigotes al gato de los vecinos del norte. Nadie cree las versiones surgidas de la Canciller\u00eda y de Palacio Nacional de que no hay un acuerdo con la Federaci\u00f3n Rusa para la instalaci\u00f3n de su sistema satelital -\u00bfpara espionaje?-Glonass, cuando la embajada de aquel pa\u00eds en M\u00e9xico y su agencia oficial de informaci\u00f3n, <em>Sputnik,<\/em>\u00a0 la confirmaron desde el viernes pasado. \u00bfNo mentir? * * * Por hoy es todo. Gracias por leer hasta aqu\u00ed. Y, como siempre le deseo \u00a1buenas gracias y muchos, muchos d\u00edas!<\/p>\n<p><em><u><a href=\"http:\/\/www.indicepolitico.com\" target=\"_blank\" rel=\"noopener noreferrer\">www.indicepolitico.com<\/a><\/u><u><br \/>\n<\/u><a href=\"mailto:indicepolitico@gmail.com\" target=\"_blank\" rel=\"noopener noreferrer\">indicepolitico@gmail.com<\/a><\/em><br \/>\n<em><a href=\"https:\/\/twitter.com\/indicepolitico?lang=es\" target=\"_blank\" rel=\"noopener noreferrer\">@IndicePolitico<\/a><\/em><br \/>\n<em><u><a href=\"https:\/\/twitter.com\/pacorodriguez\" target=\"_blank\" rel=\"noopener noreferrer\">@pacorodriguez<\/a><\/u><\/em><\/p>\n","protected":false},"excerpt":{"rendered":"<p><span style=\"color: #005497;\"><strong>Francisco Rodr\u00edguez<\/strong><\/span><\/p>\n","protected":false},"author":3,"featured_media":0,"comment_status":"open","ping_status":"open","sticky":false,"template":"","format":"standard","meta":{"_monsterinsights_skip_tracking":false,"_monsterinsights_sitenote_active":false,"_monsterinsights_sitenote_note":"","_monsterinsights_sitenote_category":0,"footnotes":""},"categories":[549],"tags":[43689,550,43674],"class_list":["post-562444","post","type-post","status-publish","format-standard","hentry","category-francisco-rodriguez","tag-francisco-rodriguez","tag-indice-politico","tag-opinion"],"_links":{"self":[{"href":"https:\/\/www.diarioimagen.net\/index.php?rest_route=\/wp\/v2\/posts\/562444","targetHints":{"allow":["GET"]}}],"collection":[{"href":"https:\/\/www.diarioimagen.net\/index.php?rest_route=\/wp\/v2\/posts"}],"about":[{"href":"https:\/\/www.diarioimagen.net\/index.php?rest_route=\/wp\/v2\/types\/post"}],"author":[{"embeddable":true,"href":"https:\/\/www.diarioimagen.net\/index.php?rest_route=\/wp\/v2\/users\/3"}],"replies":[{"embeddable":true,"href":"https:\/\/www.diarioimagen.net\/index.php?rest_route=%2Fwp%2Fv2%2Fcomments&post=562444"}],"version-history":[{"count":0,"href":"https:\/\/www.diarioimagen.net\/index.php?rest_route=\/wp\/v2\/posts\/562444\/revisions"}],"wp:attachment":[{"href":"https:\/\/www.diarioimagen.net\/index.php?rest_route=%2Fwp%2Fv2%2Fmedia&parent=562444"}],"wp:term":[{"taxonomy":"category","embeddable":true,"href":"https:\/\/www.diarioimagen.net\/index.php?rest_route=%2Fwp%2Fv2%2Fcategories&post=562444"},{"taxonomy":"post_tag","embeddable":true,"href":"https:\/\/www.diarioimagen.net\/index.php?rest_route=%2Fwp%2Fv2%2Ftags&post=562444"}],"curies":[{"name":"wp","href":"https:\/\/api.w.org\/{rel}","templated":true}]}}