{"id":562491,"date":"2022-10-13T00:02:02","date_gmt":"2022-10-13T05:02:02","guid":{"rendered":"https:\/\/www.diarioimagen.net\/?p=562491"},"modified":"2022-10-13T01:52:43","modified_gmt":"2022-10-13T06:52:43","slug":"militares-llevan-3-sexenios-vigilando-las-calles-senala-ana-lilia-herrera-anzaldo","status":"publish","type":"post","link":"https:\/\/www.diarioimagen.net\/?p=562491","title":{"rendered":"Militares llevan 3 sexenios vigilando las calles: se\u00f1ala Ana Lilia Herrera\u00a0Anzaldo"},"content":{"rendered":"<p>&nbsp;<\/p>\n<ul>\n<li><em><strong>Encuentro con periodistas<\/strong><\/em><\/li>\n<\/ul>\n<p><strong>\u00a0<\/strong><\/p>\n<h6>Arturo Baena<\/h6>\n<p>&nbsp;<\/p>\n<div id=\"attachment_562607\" style=\"width: 470px\" class=\"wp-caption aligncenter\"><img loading=\"lazy\" decoding=\"async\" aria-describedby=\"caption-attachment-562607\" class=\"size-full wp-image-562607\" src=\"https:\/\/www.diarioimagen.net\/wp-content\/uploads\/2022\/10\/militares-llevan.jpg\" alt=\"\" width=\"460\" height=\"270\" \/><p id=\"caption-attachment-562607\" class=\"wp-caption-text\">Ana Lilia Herrera Anzaldo afirm\u00f3 que\u00a0 s\u00ed se pueden bajar los niveles de inseguridad y se puede aspirar a tener seguridad en las calles.<\/p><\/div>\n<p>&nbsp;<\/p>\n<p><strong>Toluca, Estado de M\u00e9xico.\u2014<\/strong> La diputada federal priista Ana Lilia Herrera Anzaldo fue clara al se\u00f1alar que Morena tiene un plan de justicia c\u00edvica bueno, pero no lo han echado andar, \u201cpor supuesto que las entidades federativas y los municipios agradecen la presencia del Ej\u00e9rcito, pero agradecer\u00edan m\u00e1s tener recursos y estrategias, y Morena no ha cumplido con lo que publicaron en 2019\u201d.<\/p>\n<p>Lo anterior, luego de reunirse con medios de comunicaci\u00f3n y periodistas, agreg\u00f3 que s\u00ed se pueden bajar los niveles de inseguridad y se puede aspirar a tener seguridad en las calles, \u201cno es discusi\u00f3n en blanco y negro; cuando fui alcaldesa lo pude demostrar\u201d.<\/p>\n<p>La tambi\u00e9n legisladora refiri\u00f3 que el dilema que propone Morena es falso, \u201cpues primero dicen que prisi\u00f3n preventiva oficiosa, es decir, que se vayan a la c\u00e1rcel aunque sea inocente y luego averiguan; y que el ej\u00e9rcito realice funciones de seguridad p\u00fablica, por lo que no podemos a aspirar a tener resultados diferentes si seguimos este tipo de cosas\u201d. Los militares, con este, llevan tres sexenios en las calles, aclaro.<\/p>\n<p>La diputada federal reiter\u00f3 que el PRI est\u00e1 preparado para que haya mujeres candidatas que encabecen el pr\u00f3ximo proceso electoral, \u201cnuestro instituto ha tenido m\u00e1s mujeres en la dirigencia estatal y nacional que cualquier otro\u201d. Finalmente, a la pregunta de si se sumar\u00eda a otra u otro candidato en caso de no ser seleccionada, contest\u00f3: \u201cEso mismo espero en caso de ser yo la candidata\u201d.<\/p>\n","protected":false},"excerpt":{"rendered":"<p>La diputada federal priista Ana Lilia Herrera Anzaldo fue clara al se\u00f1alar que Morena tiene un plan de justicia c\u00edvica bueno, pero no lo han echado andar, \u201cpor supuesto que las entidades federativas y los municipios agradecen la presencia del Ej\u00e9rcito, pero agradecer\u00edan m\u00e1s tener recursos y estrategias, y Morena no ha cumplido con lo que publicaron en 2019\u201d.<\/p>\n","protected":false},"author":3,"featured_media":562607,"comment_status":"open","ping_status":"open","sticky":false,"template":"","format":"standard","meta":{"_monsterinsights_skip_tracking":false,"_monsterinsights_sitenote_active":false,"_monsterinsights_sitenote_note":"","_monsterinsights_sitenote_category":0,"footnotes":""},"categories":[5],"tags":[3314,43675,452],"class_list":["post-562491","post","type-post","status-publish","format-standard","has-post-thumbnail","hentry","category-estado-de-mexico","tag-ana-lilia-herrera-anzaldo","tag-estado-de-mexico","tag-toluca"],"_links":{"self":[{"href":"https:\/\/www.diarioimagen.net\/index.php?rest_route=\/wp\/v2\/posts\/562491","targetHints":{"allow":["GET"]}}],"collection":[{"href":"https:\/\/www.diarioimagen.net\/index.php?rest_route=\/wp\/v2\/posts"}],"about":[{"href":"https:\/\/www.diarioimagen.net\/index.php?rest_route=\/wp\/v2\/types\/post"}],"author":[{"embeddable":true,"href":"https:\/\/www.diarioimagen.net\/index.php?rest_route=\/wp\/v2\/users\/3"}],"replies":[{"embeddable":true,"href":"https:\/\/www.diarioimagen.net\/index.php?rest_route=%2Fwp%2Fv2%2Fcomments&post=562491"}],"version-history":[{"count":0,"href":"https:\/\/www.diarioimagen.net\/index.php?rest_route=\/wp\/v2\/posts\/562491\/revisions"}],"wp:featuredmedia":[{"embeddable":true,"href":"https:\/\/www.diarioimagen.net\/index.php?rest_route=\/wp\/v2\/media\/562607"}],"wp:attachment":[{"href":"https:\/\/www.diarioimagen.net\/index.php?rest_route=%2Fwp%2Fv2%2Fmedia&parent=562491"}],"wp:term":[{"taxonomy":"category","embeddable":true,"href":"https:\/\/www.diarioimagen.net\/index.php?rest_route=%2Fwp%2Fv2%2Fcategories&post=562491"},{"taxonomy":"post_tag","embeddable":true,"href":"https:\/\/www.diarioimagen.net\/index.php?rest_route=%2Fwp%2Fv2%2Ftags&post=562491"}],"curies":[{"name":"wp","href":"https:\/\/api.w.org\/{rel}","templated":true}]}}