{"id":562529,"date":"2022-10-13T00:02:32","date_gmt":"2022-10-13T05:02:32","guid":{"rendered":"https:\/\/www.diarioimagen.net\/?p=562529"},"modified":"2022-10-13T01:03:35","modified_gmt":"2022-10-13T06:03:35","slug":"4t-va-por-dinero-de-usuarios-de-la-banca","status":"publish","type":"post","link":"https:\/\/www.diarioimagen.net\/?p=562529","title":{"rendered":"4T va por dinero de usuarios de la banca"},"content":{"rendered":"<h2>La Retaguardia<\/h2>\n<h5>Adriana Moreno Cordero<\/h5>\n<p>&nbsp;<\/p>\n<ul>\n<li><strong><em>En San L\u00e1zaro, fracci\u00f3n del PRD se volvi\u00f3 un caos <\/em><\/strong><\/li>\n<li><strong><em>Luis Espinoza Ch\u00e1zaro y Jes\u00fas Zambrano, \u201cinfartados\u201d<\/em><\/strong><\/li>\n<\/ul>\n<p>&nbsp;<\/p>\n<p>Mucha actividad en la C\u00e1mara de Diputados por las iniciativas \u201cfast-track\u201d que\u00a0 se debaten y se aprueban. Una de ellas, por cierto muy preocupante, es aquella que refiere que el gobierno pueda usar aquellas cuentas que en a\u00f1os no han movido sus titulares por un per\u00edodo de seis a\u00f1os. Se supone que esta errada y llamada cuarta transformaci\u00f3n, los utilizar\u00eda para reforzar las tareas de seguridad; de hecho la iniciativa establece que ser\u00e1n repartidos con un porcentaje del 45% a la federaci\u00f3n, 30% los estados y 25% los municipios.<\/p>\n<p>Muchas dudas surgen al respecto; la primera es que no hay que creer nada del prop\u00f3sito de la controvertida iniciativa ya que resulta toda una \u201ccasualidad\u201d que \u00e9sta se d\u00e9 justo cuando estamos en la cuenta regresiva de dos elecciones fundamentales: las del a\u00f1o entrante en el Estado de M\u00e9xico y Coahuila y los comicios presidenciales del 2024.<\/p>\n<p>Por lo dem\u00e1s, esta iniciativa que reitera que el coordinador de la fracci\u00f3n parlamentaria de Morena en la C\u00e1mara Baja, <strong>Ignacio Mier<\/strong> tiene \u201ctacto de dinosaurio\u201d, es vista m\u00e1s bien un \u201cpase de charola\u201d, de esos que tanto le gustan al presidente <strong>Andr\u00e9s Manuel L\u00f3pez Obrador<\/strong> para inyectarle recursos al movimiento y desde luego, a \u00e9l.<\/p>\n<p>Adem\u00e1s, es indudable que se vulnera a las personas que le han confiado a la banca sus ahorros, generalmente, gente mayor que quiere tener un guardadito para lo que pueda pasar o que ya no la mueven porque no saben utilizar la banca por internet, y si lo que quiere hacer esta errada y llamada cuarta transformaci\u00f3n es \u201cagandallarse\u201d dichos recursos, pasan por alto que en las cuentas bancarias, es obligaci\u00f3n poner a uno o varios beneficiarios que designe el titular, entonces, \u00bfc\u00f3mo por qu\u00e9 esos dineros tendr\u00edan que pasar a manos del gobierno?<\/p>\n<p>De alguna manera, lo anterior tiene que ver con aquello que hace unos meses, decret\u00f3 el inquilino de Palacio Nacional: su tan llevada y tra\u00edda \u201cpobreza franciscana\u201d y se nota que ya se le acaban los recursos para continuar comprando el voto mediante sus piteros programas sociales. Con esta iniciativa, tal parece que pretende acabar con la clase media, esa a la que tanto ha atacado porque, -seg\u00fan \u00e9l-, no forman parte de ese ninguneado \u201cpueblo bueno y sabio\u201d. Total que esta nueva pretensi\u00f3n del presidente, ya ha pasado al Senado de la Rep\u00fablica y ah\u00ed, el presidente de la Junta de Coordinaci\u00f3n Pol\u00edtica de esa instancia legislativa, <strong>Ricardo Monreal<\/strong>, ha prometido que no solo \u00e9sta sino todo lo que llegue de la colegisladora ser\u00e1 turnado a Comisiones para ser discutido y nada se har\u00e1 v\u00eda \u201cfast-track\u201d.<\/p>\n<p>El senador Monreal Avila considera sobre este tema que tanto para el Gobierno Federal como para el poder Legislativo, no se trata de una expropiaci\u00f3n la reforma a la Ley de Instituciones de Cr\u00e9dito en materia de cuentas inactivas que aprob\u00f3 la C\u00e1mara de Diputados, sino lo que se pretende es que los recursos, intereses y rendimientos acumulados generados por todos los dep\u00f3sitos e inversiones en \u00e9stas, se destinen para acciones de combate a la delincuencia.<\/p>\n<p>Asimismo, el tambi\u00e9n coordinador de la bancada de Morena en la C\u00e1mara Alta, explic\u00f3 que actualmente la Ley permite que los dineros que no son \u201cutilizados\u201d en determinado tiempo se los queda la instituci\u00f3n bancaria, por lo que, la reforma plantea que esos recursos se repartan en un 45 por ciento en la Federaci\u00f3n y el otro 55 por ciento, entre estados y municipios.<\/p>\n<p>De aprobarse estos cambios legales, -estim\u00f3 el senador zacatecano-, se frenar\u00edan las actividades il\u00edcitas y de paso se otorgan importantes recursos que tanta falta hacen para combatir la inseguridad y fortalecer a los cuerpos policiacos pues se calcula que el dinero que \u201cno est\u00e1 movi\u00e9ndose\u201d llega a alrededor de los 10 mil millones de pesos.<\/p>\n<p style=\"text-align: center;\"><strong>Municiones<\/strong><\/p>\n<p>*** Contradicciones de cara a las elecciones del 2024, surgen en Movimiento Ciudadano. Resulta que hace unos d\u00edas, el l\u00edder de ese instituto pol\u00edtico, <strong>Dante Delgado<\/strong>, descart\u00f3 que el gobernador de Nuevo Le\u00f3n, <strong>Samuel Garc\u00eda<\/strong>, pueda ser candidato presidencial e incluso lo mismo hizo con el alcalde de Monterrey, <strong>Luis Donaldo Colosio Riojas<\/strong> y una de las razones que esgrimi\u00f3, es que se trata de pol\u00edticos j\u00f3venes. \u00bfAcaso querr\u00e1 ser el exgobernador veracruzano? El caso es que en una entrevista el gobernador Garc\u00eda respondi\u00f3 que le encantar\u00eda ser candidato en el 2024. \u00bfQu\u00e9 har\u00e1 Delgado Rannauro?, \u00bfaplacar los afanes del gobernador de Nuevo Le\u00f3n?<\/p>\n<p>*** Se dio una intensa discusi\u00f3n en el Palacio Legislativo de San L\u00e1zaro en torno a la reforma para que las Fuerzas Armadas contin\u00faen colaborando en labores de seguridad hasta el 2028, misma que fue devuelta por el Senado de la Rep\u00fablica, con algunas modificaciones. Una de las sorpresas de esa larga jornada, fue que los diputados por Michoac\u00e1n del PRD, que coordina <strong>Mauricio Prieto G\u00f3mez<\/strong>, as\u00ed como <strong>Francisco Javier Huacus Esquivel<\/strong>, <strong>Macarena Ch\u00e1vez Flores<\/strong> y <strong>Edna D\u00edaz Acevedo<\/strong>, anunciaron que votar\u00edan a favor de la referida iniciativa, lo que puso \u201cverde de coraje\u201d\u00a0 ni m\u00e1s ni menos que al coordinador de la fracci\u00f3n parlamentaria del Sol Azteca en San L\u00e1zaro, <strong>Luis Espinoza Ch\u00e1zaro<\/strong> quien apenas hace unos d\u00edas, en conferencia de prensa, hab\u00eda asegurado que su bancada completa no iba a abalar esa iniciativa. Bueno, hay que recordar la manera en que lo que queda del PRD, se le fue encima a los senadores <strong>Miguel Angel Mancera<\/strong> y <strong>Antonio Garc\u00eda Conejo<\/strong>, quienes en su momento, anunciaron su voto a favor. As\u00ed que tambi\u00e9n, el l\u00edder del partido amarillo y negro, <strong>Jes\u00fas Zambrano<\/strong>, est\u00e1 que \u201cno lo calienta ni el sol\u201d, o sea, tanto \u00e9l como Espinoza Ch\u00e1zaro est\u00e1n \u201cinfartados\u201d. Curiosamente, cuando el diputado Prieto G\u00f3mez asumi\u00f3, hace un a\u00f1o, la coordinaci\u00f3n de los diputados perredistas de Michoac\u00e1n, dijo que \u00e9stos ser\u00edan \u201cuna oposici\u00f3n cr\u00edtica y responsable que velar\u00e1 por el inter\u00e9s supremo\u201d. El saldo en el PRD es que en San L\u00e1zaro se volvi\u00f3 un verdadero caos, ya que, por ejemplo, cuando la controvertida iniciativa se discuti\u00f3 al seno de la<strong>\u00a0<\/strong>Comisi\u00f3n de Puntos Constitucionales<strong>\u00a0<\/strong>de la<strong>\u00a0<\/strong>C\u00e1mara de\u00a0Diputados que preside el morenista <strong>Juan Ramiro Robledo<\/strong>, el diputado perredista <strong>Jes\u00fas Alberto V\u00e1zquez\u00a0<\/strong>advirti\u00f3 que la minuta contribuye a normalizar la presencia de los militares en las calles al\u00a0 establecer que la permanencia castrense en las calles ser\u00e1 de forma regulada, no obstante, en la actualidad no existe un orden jur\u00eddico que permita regular la participaci\u00f3n extraordinaria de las Fuerzas Armadas.<\/p>\n<p><u><a href=\"mailto:morcora@gmail.com\" target=\"_blank\" rel=\"noopener noreferrer\"><em>morcora@gmail.com<\/em><\/a><\/u><\/p>\n","protected":false},"excerpt":{"rendered":"<p><span style=\"color: #005497;\"><strong>Adriana Moreno Cordero<\/strong><\/span><\/p>\n","protected":false},"author":3,"featured_media":0,"comment_status":"open","ping_status":"open","sticky":false,"template":"","format":"standard","meta":{"_monsterinsights_skip_tracking":false,"_monsterinsights_sitenote_active":false,"_monsterinsights_sitenote_note":"","_monsterinsights_sitenote_category":0,"footnotes":""},"categories":[69370],"tags":[69369,69368,43674],"class_list":["post-562529","post","type-post","status-publish","format-standard","hentry","category-adriana-moreno-cordero","tag-adriana-moreno-cordero","tag-la-retaguardia","tag-opinion"],"_links":{"self":[{"href":"https:\/\/www.diarioimagen.net\/index.php?rest_route=\/wp\/v2\/posts\/562529","targetHints":{"allow":["GET"]}}],"collection":[{"href":"https:\/\/www.diarioimagen.net\/index.php?rest_route=\/wp\/v2\/posts"}],"about":[{"href":"https:\/\/www.diarioimagen.net\/index.php?rest_route=\/wp\/v2\/types\/post"}],"author":[{"embeddable":true,"href":"https:\/\/www.diarioimagen.net\/index.php?rest_route=\/wp\/v2\/users\/3"}],"replies":[{"embeddable":true,"href":"https:\/\/www.diarioimagen.net\/index.php?rest_route=%2Fwp%2Fv2%2Fcomments&post=562529"}],"version-history":[{"count":0,"href":"https:\/\/www.diarioimagen.net\/index.php?rest_route=\/wp\/v2\/posts\/562529\/revisions"}],"wp:attachment":[{"href":"https:\/\/www.diarioimagen.net\/index.php?rest_route=%2Fwp%2Fv2%2Fmedia&parent=562529"}],"wp:term":[{"taxonomy":"category","embeddable":true,"href":"https:\/\/www.diarioimagen.net\/index.php?rest_route=%2Fwp%2Fv2%2Fcategories&post=562529"},{"taxonomy":"post_tag","embeddable":true,"href":"https:\/\/www.diarioimagen.net\/index.php?rest_route=%2Fwp%2Fv2%2Ftags&post=562529"}],"curies":[{"name":"wp","href":"https:\/\/api.w.org\/{rel}","templated":true}]}}