{"id":562540,"date":"2022-10-13T00:03:35","date_gmt":"2022-10-13T05:03:35","guid":{"rendered":"https:\/\/www.diarioimagen.net\/?p=562540"},"modified":"2022-10-13T01:10:25","modified_gmt":"2022-10-13T06:10:25","slug":"amlo-el-diamante-blanco","status":"publish","type":"post","link":"https:\/\/www.diarioimagen.net\/?p=562540","title":{"rendered":"AMLO, el \u201cdiamante blanco\u201d"},"content":{"rendered":"<h2>Espacio Electoral<\/h2>\n<h5>Eleazar Flores<\/h5>\n<p><strong>\u00a0<\/strong><\/p>\n<p><strong>MODESTO, EL MUCHACHO-.<\/strong> Al actor Roberto Palazuelos Badeaux, mejor conocido en el medio art\u00edstico como el \u201cdiamante negro\u201d, ya le sali\u00f3 un competidor, pero en blanco, pues el presidente de la Rep\u00fablica con la modestia que le caracteriza se autonombr\u00f3 DIAMANTE.<\/p>\n<p>Si, el padre de la Cuarta Transformaci\u00f3n no se anduvo por las ramas ni pas\u00f3 por otras joyas o piedras preciosas de menor precio como la zirconia, rub\u00ed, agua marina o swarovski, se autobautiz\u00f3 como diamante.<\/p>\n<p>Todo lo anterior sucedi\u00f3 desde el p\u00falpito ma\u00f1anero del martes, en referencia al libro <em>EL REY DEL CASH,<\/em> de la periodista y hoy escritora Elena Ch\u00e1vez, ex pareja sentimental de C\u00e9sar Y\u00e1\u00f1ez, vocero sempiterno de L\u00f3pez Obrador desde su \u00e9poca de vacas flacas, pero cuya ostentosa boda poblana lo distanci\u00f3, m\u00e1s jam\u00e1s fue separado del c\u00edrculo presidencial, tanto que ahora ya es subsecretario en Gobernaci\u00f3n.<\/p>\n<p>Pues el jefe del comando guinda dijo que todo lo que se escribe en el libro <em>El rey del cash<\/em>, es mentira dado que no\u00a0 aporta ninguna prueba. S\u00f3lo que el mandatario olvida que la autora fue durante m\u00e1s de una d\u00e9cada un testigo presencial de muchos actos y eventos de L\u00f3pez Obrador candidato por varios a\u00f1os y finalmente presidente.<\/p>\n<p>Tras leer un verso de Rub\u00e9n Dar\u00edo donde exalta que un diamante jam\u00e1s perder\u00e1 el brillo as\u00ed se enlode, el tabasque\u00f1o presumi\u00f3 estar blindado por su honestidad, \u201csi no ya me hubieran destruido\u201d, a\u00f1adi\u00f3. \u00bfQui\u00e9n dijo que la alabanza en boca propia es vituperio? u otra versi\u00f3n que reza \u201cDime de lo que presumes y te dir\u00e9 de lo que careces.<\/p>\n<p>En lo personal, y menos en este espacio, pondr\u00eda en tela de duda la palabra presidencial, pero conocida su modestia deber\u00eda bajarle de todo a su ubicaci\u00f3n en el mundo de la joyer\u00eda.<\/p>\n<p>La observaci\u00f3n del conspicuo Teofilito sugiri\u00f3 al tabasque\u00f1o otro verso modificado dizque para no desentonar: \u201cNo me mueve mi Dios para \u201cmentirte\u201d ni el cielo que me tienes prometido\u201d, concluye.<\/p>\n<p><strong>UNIDOS-.<\/strong> Con la asistencia mayoritaria de empresarios y algunas figuras pol\u00edticas naci\u00f3 este martes el grupo pol\u00edtico UNIDOS, destacando Gustavo de Hoyos y el enemigo presidencial n\u00famero uno de los\u00a0 mismos, Claudio X Gonz\u00e1lez. La intenci\u00f3n es unirse y buscar a la persona que abandere a la oposici\u00f3n en las elecci\u00f3n presidencial de 2024.<\/p>\n<p>Qu\u00e9 bueno que surjan grupos interesados y ojal\u00e1 el presidente de la rep\u00fablica act\u00fae como verdadero jefe de estado y no como presidente de Morena.<\/p>\n<p>Si as\u00ed fuera dar\u00eda la bienvenida a la competencia, sin descalificarla y menos presionarla a que ya saque a su candidato.<\/p>\n<p>La urgencia presidencial es para atacar al primero que se asome, al tiempo.<\/p>\n<p><em><a href=\"mailto:elefa44@gmail.com\" target=\"_blank\" rel=\"noopener noreferrer\">elefa44@gmail.com<\/a><\/em><\/p>\n","protected":false},"excerpt":{"rendered":"<p><span style=\"color: #005497;\"><strong>Eleazar Flores<\/strong><\/span><\/p>\n","protected":false},"author":3,"featured_media":0,"comment_status":"open","ping_status":"open","sticky":false,"template":"","format":"standard","meta":{"_monsterinsights_skip_tracking":false,"_monsterinsights_sitenote_active":false,"_monsterinsights_sitenote_note":"","_monsterinsights_sitenote_category":0,"footnotes":""},"categories":[81743],"tags":[81744,81776,43674],"class_list":["post-562540","post","type-post","status-publish","format-standard","hentry","category-eleazar-flores","tag-eleazar-flores","tag-espacio-electoral","tag-opinion"],"_links":{"self":[{"href":"https:\/\/www.diarioimagen.net\/index.php?rest_route=\/wp\/v2\/posts\/562540","targetHints":{"allow":["GET"]}}],"collection":[{"href":"https:\/\/www.diarioimagen.net\/index.php?rest_route=\/wp\/v2\/posts"}],"about":[{"href":"https:\/\/www.diarioimagen.net\/index.php?rest_route=\/wp\/v2\/types\/post"}],"author":[{"embeddable":true,"href":"https:\/\/www.diarioimagen.net\/index.php?rest_route=\/wp\/v2\/users\/3"}],"replies":[{"embeddable":true,"href":"https:\/\/www.diarioimagen.net\/index.php?rest_route=%2Fwp%2Fv2%2Fcomments&post=562540"}],"version-history":[{"count":0,"href":"https:\/\/www.diarioimagen.net\/index.php?rest_route=\/wp\/v2\/posts\/562540\/revisions"}],"wp:attachment":[{"href":"https:\/\/www.diarioimagen.net\/index.php?rest_route=%2Fwp%2Fv2%2Fmedia&parent=562540"}],"wp:term":[{"taxonomy":"category","embeddable":true,"href":"https:\/\/www.diarioimagen.net\/index.php?rest_route=%2Fwp%2Fv2%2Fcategories&post=562540"},{"taxonomy":"post_tag","embeddable":true,"href":"https:\/\/www.diarioimagen.net\/index.php?rest_route=%2Fwp%2Fv2%2Ftags&post=562540"}],"curies":[{"name":"wp","href":"https:\/\/api.w.org\/{rel}","templated":true}]}}