{"id":562556,"date":"2022-10-13T00:12:55","date_gmt":"2022-10-13T05:12:55","guid":{"rendered":"https:\/\/www.diarioimagen.net\/?p=562556"},"modified":"2022-10-13T01:24:00","modified_gmt":"2022-10-13T06:24:00","slug":"bien-amlo-menciono-finalmente-a-monreal-dentro-de-sus-destapados-y","status":"publish","type":"post","link":"https:\/\/www.diarioimagen.net\/?p=562556","title":{"rendered":"Bien, AMLO mencion\u00f3 finalmente a Monreal dentro de sus \u201c<em>destapados<\/em>\u201d, \u00bfy?"},"content":{"rendered":"<h2>Tras la puerta del poder<\/h2>\n<h5>Roberto Vizca\u00edno<\/h5>\n<p>&nbsp;<\/p>\n<p>Mi amigo y jefe, <strong>Gustavo Carvajal Moreno<\/strong>, comentaba que entre sus innumerables an\u00e9cdotas que le toc\u00f3 vivir como presidente del PRI en el sexenio de <strong>Jos\u00e9 L\u00f3pez Portillo<\/strong>, lo que hizo para poder lanzar a <strong>Alfredo Del Mazo Gonz\u00e1lez<\/strong> como candidato a gobernador del Estado de M\u00e9xico.<\/p>\n<p>Recordaba que respetuoso de las liturgias tricolores, <strong>L\u00f3pez Portillo<\/strong> le pidi\u00f3 ver a <strong>Miguel de la Madrid<\/strong> para que \u00e9ste le dijera qui\u00e9n deb\u00eda ser el candidato a ese estado.<\/p>\n<p>\u201c\u2026eso ya le corresponde decidirlo a Miguel\u201d, le dijo.<\/p>\n<p>Y <strong>Gustavo <\/strong>se fue a preguntarle a <strong>De la Madrid<\/strong>. El colimense respondi\u00f3: Que sea <strong>Alfredo del Mazo<\/strong>.<\/p>\n<p>El problema era que <strong>Del Mazo Gonz\u00e1lez,<\/strong> aparte de ser muy amigo de <strong>De la Madrid<\/strong> \u2014quien lleg\u00f3 a decir que el de Atlacomulco era \u201cel hermano que nunca tuve\u201d\u2014, no ten\u00eda carrera pol\u00edtica.<\/p>\n<p>Hab\u00eda pasado del sector bancario privado directo a ser director del Banco Obrero y nada m\u00e1s.<\/p>\n<p>\u00bfC\u00f3mo lanzar su candidatura al Estado de M\u00e9xico, el m\u00e1s deseado y competido entre los duros pri\u00edstas mexiquenses de aquel momento con un curriculum pol\u00edtico en ceros? \u00bfC\u00f3mo lo iban a aceptar <strong>Carlos Hank Gonz\u00e1lez, Fidel Vel\u00e1zquez, Jorge Jim\u00e9nez Cant\u00fa, Gustavo Baz<\/strong> y el resto de los duros y experimentados integrantes de aquel Grupo Atlacomulco? \u00bfC\u00f3mo colarlo entre el resto de priistas distinguidos de aquel momento?<\/p>\n<p><strong>Carvajal <\/strong>le dio y dio vueltas hasta que encontr\u00f3 el camino.<\/p>\n<p>\u201cHice la lista de los m\u00e1s importantes priistas mexiquenses y en octavo sitio met\u00ed a Alfredo\u201d, recordaba.<\/p>\n<p>Y se fue a consultar a los mexiquenses ilustres y poderosos. Y todos ellos vetaron a sus enemigos. Ninguno se opuso al nombre de <strong>Alfredo Del Mazo Gonz\u00e1lez<\/strong>. Simplemente lo consideraban inviable y ninguno siquiera lo mencion\u00f3. Creyeron que era de \u201crelleno\u201d, un halago para la memoria de su padre <strong>Alfredo del Mazo V\u00e9lez<\/strong>, ex fundador del \u201cGrupo Atlacomulco\u201d junto <strong>Isidro Fabela<\/strong>.<\/p>\n<p>\u201cCu\u00e1ndo me reclamaron y mentaron la madre por esa jugada, yo les respond\u00eda: \u00a1<strong><em>Ustedes nunca lo vetaron!<\/em><\/strong>\u201d.<\/p>\n<p style=\"text-align: center;\"><strong>Ricardo y la mente torcida de AMLO<\/strong><\/p>\n<p>Hace unos d\u00edas, un amigo m\u00edo de toda la vida, en una mesa de periodistas de aquellos a\u00f1os, para mi gusto el m\u00e1s experimentado comunicador en el sector p\u00fablico, preguntaba si conoc\u00edamos a un Presidente con m\u00e1s experiencia pol\u00edtica que la de <strong>Andr\u00e9s Manuel L\u00f3pez Obrador<\/strong>.<\/p>\n<p><strong>Ninguno de los comensales lo cuestion\u00f3.<\/strong><\/p>\n<p><strong>Andr\u00e9s Manuel L\u00f3pez Obrador <\/strong>es, sin duda, el m\u00e1s retorcido y ma\u00f1oso que haya existido desde<strong> Luis Echeverr\u00eda, <\/strong>coincidimos.<\/p>\n<p>Conoci\u00e9ndolo, yo hice hace meses una reflexi\u00f3n.<\/p>\n<p><strong>\u00bf<\/strong>Y si el as bajo la manga de<strong> AMLO <\/strong>dentro de su juego de sucesi\u00f3n no es<strong> Claudia Sheinbaum, Marcelo Ebrard o Ad\u00e1n Augusto L\u00f3pez, <\/strong>sino<strong> Ricardo Monreal?<\/strong><\/p>\n<p><strong>\u00bf<\/strong>Qu\u00e9 tal si su estrategia es justamente mantenerlo al margen de su lista para cuidarlo?<\/p>\n<p><strong>Monreal <\/strong>cumple con todos los elementos del desconfiado y celoso <strong>L\u00f3pez Obrador<\/strong> en cuanto a lealtad, confianza, honestidad, militancia a su lado.<\/p>\n<p>Pocos pueden preciarse de eso. <strong>Monrea<\/strong>l ha caminado al lado de <strong>L\u00f3pez Obrador<\/strong> desde hace 25 a\u00f1os y ha operado para \u00e9l en varios niveles esenciales. Y ha vivido as\u00ed grandes fracasos y decepciones. Sus anteriores derrotas presidenciales.<\/p>\n<p>No s\u00f3lo eso, como coordinador de la mayor\u00eda de Morena en el Senado y principal concertador de las grandes reformas legislativas de <strong>AMLO,<\/strong> el zacatecano no ha perdido ni una.<\/p>\n<p>Pero lo m\u00e1s importante, creo yo, ha sido que a pesar de que <strong>Monreal<\/strong> se autolanz\u00f3 y ha insistido una y otra vez que \u00e9l estar\u00e1 en la boleta, el mandatario lo ha respetado y no lo ha eliminado de la carrera presidencial.<\/p>\n<p><strong>Monreal <\/strong>mismo ha dicho que <strong>AMLO<\/strong> podr\u00eda haberlo eliminado ya con s\u00f3lo decir que \u00e9l no conf\u00eda m\u00e1s que en sus tres <em>corcholatas<\/em>.<\/p>\n<p>Pero eso no ha pasado, sino que anteayer AMLO coment\u00f3, como no queriendo:<\/p>\n<p>\u201cLos posibles candidatos nuestros son tres\u2026 y puede ser que haya dos m\u00e1s, cinco\u2026 los que quieran inscribirse, pero hay tres y pueden dos m\u00e1s, <strong>Ricardo Monreal<\/strong>, (y <strong>Gerardo Fern\u00e1ndez) Noro\u00f1<\/strong>a\u201d.<\/p>\n<p>Es decir, ya lo meti\u00f3 en la contienda\u2026 y posibilidad de ser su sucesor.<\/p>\n<p>\u00bfO no?<\/p>\n<p><em><a href=\"mailto:rvizcainoa@gmail.com\" target=\"_blank\" rel=\"noopener noreferrer\">vizcainoa@gmail.com<\/a><a href=\"mailto:rvizcainoa@gmail.com\" target=\"_blank\" rel=\"noopener noreferrer\"><br \/>\n<\/a><a href=\"http:\/\/endirecto.mx\" target=\"_blank\" rel=\"noopener noreferrer\">www.endirecto.mx<\/a><a href=\"mailto:rvizcainoa@gmail.com\" target=\"_blank\" rel=\"noopener noreferrer\"><br \/>\n<\/a><a href=\"https:\/\/twitter.com\/_rvizcaino\" target=\"_blank\" rel=\"noopener noreferrer\">@_RVizcaino<\/a><a href=\"mailto:rvizcainoa@gmail.com\" target=\"_blank\" rel=\"noopener noreferrer\"><br \/>\n<\/a><a href=\"https:\/\/www.facebook.com\/rvizcainoa\" target=\"_blank\" rel=\"noopener noreferrer\">facebook.com\/rvizcainoa<\/a><\/em><\/p>\n","protected":false},"excerpt":{"rendered":"<p><span style=\"color: #005497;\"><strong>Roberto Vizca\u00edno<\/strong><\/span><\/p>\n","protected":false},"author":3,"featured_media":0,"comment_status":"open","ping_status":"open","sticky":false,"template":"","format":"standard","meta":{"_monsterinsights_skip_tracking":false,"_monsterinsights_sitenote_active":false,"_monsterinsights_sitenote_note":"","_monsterinsights_sitenote_category":0,"footnotes":""},"categories":[136],"tags":[43674,93,94],"class_list":["post-562556","post","type-post","status-publish","format-standard","hentry","category-roberto-vizcaino-opinion","tag-opinion","tag-roberto-vizcaino","tag-tras-la-puerta-del-poder"],"_links":{"self":[{"href":"https:\/\/www.diarioimagen.net\/index.php?rest_route=\/wp\/v2\/posts\/562556","targetHints":{"allow":["GET"]}}],"collection":[{"href":"https:\/\/www.diarioimagen.net\/index.php?rest_route=\/wp\/v2\/posts"}],"about":[{"href":"https:\/\/www.diarioimagen.net\/index.php?rest_route=\/wp\/v2\/types\/post"}],"author":[{"embeddable":true,"href":"https:\/\/www.diarioimagen.net\/index.php?rest_route=\/wp\/v2\/users\/3"}],"replies":[{"embeddable":true,"href":"https:\/\/www.diarioimagen.net\/index.php?rest_route=%2Fwp%2Fv2%2Fcomments&post=562556"}],"version-history":[{"count":0,"href":"https:\/\/www.diarioimagen.net\/index.php?rest_route=\/wp\/v2\/posts\/562556\/revisions"}],"wp:attachment":[{"href":"https:\/\/www.diarioimagen.net\/index.php?rest_route=%2Fwp%2Fv2%2Fmedia&parent=562556"}],"wp:term":[{"taxonomy":"category","embeddable":true,"href":"https:\/\/www.diarioimagen.net\/index.php?rest_route=%2Fwp%2Fv2%2Fcategories&post=562556"},{"taxonomy":"post_tag","embeddable":true,"href":"https:\/\/www.diarioimagen.net\/index.php?rest_route=%2Fwp%2Fv2%2Ftags&post=562556"}],"curies":[{"name":"wp","href":"https:\/\/api.w.org\/{rel}","templated":true}]}}