{"id":562645,"date":"2022-10-14T00:01:30","date_gmt":"2022-10-14T05:01:30","guid":{"rendered":"https:\/\/www.diarioimagen.net\/?p=562645"},"modified":"2022-10-14T02:46:22","modified_gmt":"2022-10-14T07:46:22","slug":"se-sometera-a-revision-resultados-de-la-reforma-a-las-afores-amlo","status":"publish","type":"post","link":"https:\/\/www.diarioimagen.net\/?p=562645","title":{"rendered":"Se someter\u00e1 a revisi\u00f3n resultados de la reforma a las Afores: AMLO"},"content":{"rendered":"<p>&nbsp;<\/p>\n<ul>\n<li><em><strong>Evaluar\u00e1n si se corrigieron abusos contra trabajadores<\/strong><\/em><\/li>\n<\/ul>\n<p>&nbsp;<\/p>\n<div id=\"attachment_562707\" style=\"width: 470px\" class=\"wp-caption aligncenter\"><img loading=\"lazy\" decoding=\"async\" aria-describedby=\"caption-attachment-562707\" class=\"size-full wp-image-562707\" src=\"https:\/\/www.diarioimagen.net\/wp-content\/uploads\/2022\/10\/amlo-4.jpg\" alt=\"\" width=\"460\" height=\"270\" \/><p id=\"caption-attachment-562707\" class=\"wp-caption-text\">El presidente Andr\u00e9s Manuel L\u00f3pez Obrador anunci\u00f3 que har\u00e1 una revisi\u00f3n de los resultados de las reformas a las Afores y en su caso corregir.<\/p><\/div>\n<p>&nbsp;<\/p>\n<p>A dos a\u00f1os de la reforma al sistema de Afores, el presidente Andr\u00e9s Manuel L\u00f3pez Obrador inform\u00f3 que someter\u00e1n a revisi\u00f3n los avances y determinar si los ajustes planteados por su gobierno para reducir cobros de comisiones han sido ben\u00e9ficos para el ahorro de los trabajadores.<\/p>\n<p>Se analizar\u00e1n las utilidades que obtienen las instituciones financieras y las condiciones que actualmente se encuentran los trabajadores a fin de determinar si estos cambios fueron suficientes para corregir abusos en las pensiones, dijo.<\/p>\n<p>\u201cDe todas formas vamos a hacer una revisi\u00f3n sobre eso, para ver si se corrije con esta modificaci\u00f3n a partir de que modific\u00f3 la ley, ya lleva dos a\u00f1os, para ver c\u00f3mo vamos y poder tener un diagn\u00f3stico de esta situaci\u00f3n\u201d, expuso el jefe del Ejecutivo federal en Palacio Nacional.<\/p>\n<p>\u201cEso es lo que vamos a revisar, lo de las utilidades y no dejar en el desamparo a los trabajadores jubilados. Vamos a hacer un an\u00e1lisis. Voy a invitar al Secretario de Hacienda y al responsable de las Afores (Consar) para que nos informen aqu\u00ed\u201d, adelant\u00f3.<\/p>\n<p>En 2020, el Congreso de la Uni\u00f3n aprob\u00f3 reformas a la Ley de Seguridad Social y la Ley de los Sistemas de Ahorro para el Retiro en la que se estableci\u00f3 un tope a las comisiones que cobran las administradoras de fondos para el retiro.<\/p>\n<p>Tambi\u00e9n, con las modificaciones a la Ley del Seguro Social, se redujo el n\u00famero de semanas de cotizaci\u00f3n para el retiro al pasar de 1,250 a 1,000 de manera gradual hasta 2031.<\/p>\n<p>De igual forma, se dispuso un aumento gradual de las aportaciones por parte de los patrones a las cuentas individuales de sus empleados. Se tiene previsto que el pr\u00f3ximo a\u00f1o las aportaciones a cuentas individuales asciendan en un 15%.<\/p>\n<p>\u201cNos ayud\u00f3, en este caso, la Confederaci\u00f3n o el Consejo Coordinador Empresarial para que se aumentaran las cuotas pensando en que el trabajador recibiera m\u00e1s y nosotros hicimos una reforma para reducir el cobro por la intermediaci\u00f3n de las Afores\u201d, destac\u00f3.<\/p>\n<p style=\"text-align: center;\"><strong>AMLO destaca labor de Ad\u00e1n Augusto L\u00f3pez para la militarizaci\u00f3n<\/strong><\/p>\n<p>Sobre la aprobaci\u00f3n de la\u00a0 reforma constitucional que da facultades a las Fuerzas Armadas para apoyar en labores de seguridad p\u00fablica hasta 2028, el presidente L\u00f3pez Obrador agradeci\u00f3 este jueves la labor pol\u00edtica que realiz\u00f3 el secretario de Gobernaci\u00f3n, Ad\u00e1n Augusto L\u00f3pez Hern\u00e1ndez.<\/p>\n<p>Al defender que esta iniciativa no implica la militarizaci\u00f3n del pa\u00eds, sino ayudar a la pacificaci\u00f3n de M\u00e9xico, el mandatario federal tambi\u00e9n reconoci\u00f3 a los legisladores de la C\u00e1mara baja su compromiso con el pa\u00eds para garantizar la seguridad.<\/p>\n<p>\u201c(Es bueno) Ad\u00e1n (Augusto L\u00f3pez) haciendo su trabajo como secretario de Gobernaci\u00f3n, imag\u00ednense que logr\u00f3 ayer, aprovecho para agradecer a los legisladores, que ya la Guardia Nacional sea apoyada por la Defensa y la Marina.<\/p>\n<p>\u201cQue contin\u00fae siendo apoyada y se fortalezca la Guardia Nacional, no es militarizar, que no quieran los autoritarios ahora pasar como defensores de derechos humanos. Qu\u00e9 hicieron (antes), utilizarlos para reprimir, sin fundamento constitucional, de manera ilegal usaban al Ej\u00e9rcito, la Marina para labores de seguridad y sin respeto a los derechos humanos\u201d, apunt\u00f3 el jefe del Ejecutivo federal.<\/p>\n<p style=\"text-align: center;\"><strong>Destapa L\u00f3pez Obrador lista de \u201cconservadores\u201d<br \/>\npara candidatura presidencial<\/strong><\/p>\n<p>En el tema de la sucesi\u00f3n, el primer mandatario present\u00f3 una lista de supuestos prospectos a precandidatos para el 2024 del bloque opositor entre los que est\u00e1n Gabriel Quadri, Lilly T\u00e9llez, Chumel Torres, Claudio X. Gonz\u00e1lez, Gustavo de Hoyos, Gustavo Madero, Alejandro Alito Moreno, Marko Cort\u00e9s, entre otros.<\/p>\n<p>De acuerdo con el Presidente, la lista est\u00e1 integrada por 42 personas que \u201chan expresado que quieren\u201d competir por la Presidencia, o bien, que sus nombres han salido en las encuestas.<\/p>\n<p>\u201cYa no se habla de eso (del tapado), se les olvid\u00f3 a los medios, bueno, no a todos. Vamos a dar a conocer, porque son los que han expresado que quieren o han aparecido en encuestas o los han propuesto, para que vean cu\u00e1ntos hay del bloque conservador, dije que eran 38 pero salieron 42. \u00a1Vamos a destapar!\u201d.<\/p>\n<p>La lista presentada por L\u00f3pez Obrador inicia con el ex gobernador del Banco de M\u00e9xico, Agust\u00edn Carstens, quien \u201ctiene mucho apoyo de los financieros\u201d.<\/p>\n<p>Adem\u00e1s, aparecen otros personajes como la senadora y ex gobernadora de Tlaxcala, Beatriz Paredes, quien ha manifestado sus intenciones de buscar la presidencia.<\/p>\n<p>Sobre los gobernadores de Quer\u00e9taro y Yucat\u00e1n, Mauricio Kuri y Mauricio Vila, respectivamente, el mandatario se limit\u00f3 a decir que \u201cson muy buenas personas\u201d.<\/p>\n","protected":false},"excerpt":{"rendered":"<p>A dos a\u00f1os de la reforma al sistema de Afores, el presidente Andr\u00e9s Manuel L\u00f3pez Obrador inform\u00f3 que someter\u00e1n a revisi\u00f3n los avances y determinar si los ajustes planteados por su gobierno para reducir cobros de comisiones han sido ben\u00e9ficos para el ahorro de los trabajadores.<\/p>\n","protected":false},"author":3,"featured_media":562707,"comment_status":"open","ping_status":"open","sticky":false,"template":"","format":"standard","meta":{"_monsterinsights_skip_tracking":false,"_monsterinsights_sitenote_active":false,"_monsterinsights_sitenote_note":"","_monsterinsights_sitenote_category":0,"footnotes":""},"categories":[8],"tags":[5390,2545,43678,50515],"class_list":["post-562645","post","type-post","status-publish","format-standard","has-post-thumbnail","hentry","category-finanzas","tag-afore","tag-amlo","tag-finanzas","tag-revision"],"_links":{"self":[{"href":"https:\/\/www.diarioimagen.net\/index.php?rest_route=\/wp\/v2\/posts\/562645","targetHints":{"allow":["GET"]}}],"collection":[{"href":"https:\/\/www.diarioimagen.net\/index.php?rest_route=\/wp\/v2\/posts"}],"about":[{"href":"https:\/\/www.diarioimagen.net\/index.php?rest_route=\/wp\/v2\/types\/post"}],"author":[{"embeddable":true,"href":"https:\/\/www.diarioimagen.net\/index.php?rest_route=\/wp\/v2\/users\/3"}],"replies":[{"embeddable":true,"href":"https:\/\/www.diarioimagen.net\/index.php?rest_route=%2Fwp%2Fv2%2Fcomments&post=562645"}],"version-history":[{"count":0,"href":"https:\/\/www.diarioimagen.net\/index.php?rest_route=\/wp\/v2\/posts\/562645\/revisions"}],"wp:featuredmedia":[{"embeddable":true,"href":"https:\/\/www.diarioimagen.net\/index.php?rest_route=\/wp\/v2\/media\/562707"}],"wp:attachment":[{"href":"https:\/\/www.diarioimagen.net\/index.php?rest_route=%2Fwp%2Fv2%2Fmedia&parent=562645"}],"wp:term":[{"taxonomy":"category","embeddable":true,"href":"https:\/\/www.diarioimagen.net\/index.php?rest_route=%2Fwp%2Fv2%2Fcategories&post=562645"},{"taxonomy":"post_tag","embeddable":true,"href":"https:\/\/www.diarioimagen.net\/index.php?rest_route=%2Fwp%2Fv2%2Ftags&post=562645"}],"curies":[{"name":"wp","href":"https:\/\/api.w.org\/{rel}","templated":true}]}}