{"id":562655,"date":"2022-10-14T00:01:18","date_gmt":"2022-10-14T05:01:18","guid":{"rendered":"https:\/\/www.diarioimagen.net\/?p=562655"},"modified":"2022-10-14T03:00:28","modified_gmt":"2022-10-14T08:00:28","slug":"alistan-festival-de-dia-de-muertos-nahui-calli-los-dias-28-29-y-30-de-octubre-en-naucalpan","status":"publish","type":"post","link":"https:\/\/www.diarioimagen.net\/?p=562655","title":{"rendered":"Alistan Festival de D\u00eda de Muertos Nahui-Calli, los d\u00edas 28, 29 y 30 de octubre, en Naucalpan"},"content":{"rendered":"<p>&nbsp;<\/p>\n<ul>\n<li><strong><em>Rescate de tradiciones<\/em> <\/strong><\/li>\n<\/ul>\n<p><strong>\u00a0<\/strong><\/p>\n<h6>Arturo Baena<\/h6>\n<p>&nbsp;<\/p>\n<div id=\"attachment_562733\" style=\"width: 470px\" class=\"wp-caption aligncenter\"><img loading=\"lazy\" decoding=\"async\" aria-describedby=\"caption-attachment-562733\" class=\"size-full wp-image-562733\" src=\"https:\/\/www.diarioimagen.net\/wp-content\/uploads\/2022\/10\/alistan-festival.jpg\" alt=\"\" width=\"460\" height=\"270\" \/><p id=\"caption-attachment-562733\" class=\"wp-caption-text\">Dirigentes sociales, diputados e Iglesia organizar\u00e1n el Festival de D\u00eda de Muertos Nahui-Calli, los d\u00edas 28, 29 y 30 de octubre, en Naucalpan.<\/p><\/div>\n<p>&nbsp;<\/p>\n<p><strong>Naucalpan, Estado de M\u00e9xico.\u2014<\/strong> En la Bas\u00edlica de Los Remedios, por primera vez, dirigentes sociales, diputados e Iglesia organizar\u00e1n el Festival de D\u00eda de Muertos Nahui-Calli, los d\u00edas 28, 29 y 30 de octubre, con el objetivo de preservar las tradiciones mexicanas de culto a los difuntos, pues muchos han optado por festejar el Hallowen, que nada tiene que ver con las ra\u00edces mexicanas.<\/p>\n<p>En conferencia de prensa, el comit\u00e9 organizador encabezado por el rector de la Bas\u00edlica Mart\u00edn M\u00e9ndez, el diputado local David Parra y su esposa Marina Salgado de Parra, destacaron que pretenden que este festejo se conserve y que cada a\u00f1o lo lleven a cabo.<\/p>\n<p>Monse\u00f1or Mart\u00edn M\u00e9ndez, rector de la Bas\u00edlica de Nuestra Se\u00f1ora de los Remedios se\u00f1al\u00f3 que la iglesia Cat\u00f3lica tiene dos fechas muy importantes el D\u00eda de todos los santos y de los fieles difuntos.<\/p>\n<p>Indic\u00f3 que luego de la pandemia mundial muchas familias perdieron alg\u00fan ser querido y es un momento de recordarlos y darles consuelo a su dolor para poderlo procesar.<\/p>\n<p>Enfatiz\u00f3 que estamos saliendo de un duelo nacional por la pandemia, que ha significado muchas p\u00e9rdidas. Para el pueblo mexicano nuestros muertos son un \u00edcono que representa la fe.<\/p>\n<p>Marina Salgado de Parra se encarg\u00f3 de convocar a todas las personas interesadas en llevar a cabo este festival y que desean rescatar y conservar las tradiciones mexicanas Salgado de Parra se\u00f1al\u00f3, en conferencia de prensa, que es muy importante el tejido social y que las familias y los j\u00f3venes realicen actividades sanas y que los lleve a convivir alejados de los dispositivos m\u00f3viles y de la tecnolog\u00eda.<\/p>\n<p>Enfatiz\u00f3 que el Festival de D\u00eda de Muertos es para conservar las tradiciones vivas y por ello se involucraron actores de la vida cultural, art\u00edstico y social, todos ellos son personas muy comprometidas en que haya una sociedad unida<\/p>\n<p>David Parra, diputado local priista, enfatiz\u00f3 que para \u00e9l es de vital importancia que se lleve a cabo este tipo de festivales, pues la gente necesita recordar a sus muertos, pero con las tradiciones mexicanas y no copiar otros modelos que nada tienen que ver con nuestras ra\u00edces.<\/p>\n<p>Se\u00f1al\u00f3 que en el Festival de D\u00eda de Muertos Nauhi-Calli habr\u00e1 exposiciones pict\u00f3ricas, bazar \u201cYo Compro Local\u201d, la feria del alfe\u00f1ique, Orquesta Filarm\u00f3nica de Alientos, el Ballet Folcl\u00f3rico Amo a M\u00e9xico, de la directora Lolita Menchaca.<\/p>\n","protected":false},"excerpt":{"rendered":"<p>En la Bas\u00edlica de Los Remedios, por primera vez, dirigentes sociales, diputados e Iglesia organizar\u00e1n el Festival de D\u00eda de Muertos Nahui-Calli, los d\u00edas 28, 29 y 30 de octubre, con el objetivo de preservar las tradiciones mexicanas de culto a los difuntos, pues muchos han optado por festejar el Hallowen, que nada tiene que ver con las ra\u00edces mexicanas.<\/p>\n","protected":false},"author":3,"featured_media":562733,"comment_status":"open","ping_status":"open","sticky":false,"template":"","format":"standard","meta":{"_monsterinsights_skip_tracking":false,"_monsterinsights_sitenote_active":false,"_monsterinsights_sitenote_note":"","_monsterinsights_sitenote_category":0,"footnotes":""},"categories":[5],"tags":[43675,96603,96602,970],"class_list":["post-562655","post","type-post","status-publish","format-standard","has-post-thumbnail","hentry","category-estado-de-mexico","tag-estado-de-mexico","tag-festival-de-dia-de-muertos","tag-hallowen","tag-naucalpan"],"_links":{"self":[{"href":"https:\/\/www.diarioimagen.net\/index.php?rest_route=\/wp\/v2\/posts\/562655","targetHints":{"allow":["GET"]}}],"collection":[{"href":"https:\/\/www.diarioimagen.net\/index.php?rest_route=\/wp\/v2\/posts"}],"about":[{"href":"https:\/\/www.diarioimagen.net\/index.php?rest_route=\/wp\/v2\/types\/post"}],"author":[{"embeddable":true,"href":"https:\/\/www.diarioimagen.net\/index.php?rest_route=\/wp\/v2\/users\/3"}],"replies":[{"embeddable":true,"href":"https:\/\/www.diarioimagen.net\/index.php?rest_route=%2Fwp%2Fv2%2Fcomments&post=562655"}],"version-history":[{"count":0,"href":"https:\/\/www.diarioimagen.net\/index.php?rest_route=\/wp\/v2\/posts\/562655\/revisions"}],"wp:featuredmedia":[{"embeddable":true,"href":"https:\/\/www.diarioimagen.net\/index.php?rest_route=\/wp\/v2\/media\/562733"}],"wp:attachment":[{"href":"https:\/\/www.diarioimagen.net\/index.php?rest_route=%2Fwp%2Fv2%2Fmedia&parent=562655"}],"wp:term":[{"taxonomy":"category","embeddable":true,"href":"https:\/\/www.diarioimagen.net\/index.php?rest_route=%2Fwp%2Fv2%2Fcategories&post=562655"},{"taxonomy":"post_tag","embeddable":true,"href":"https:\/\/www.diarioimagen.net\/index.php?rest_route=%2Fwp%2Fv2%2Ftags&post=562655"}],"curies":[{"name":"wp","href":"https:\/\/api.w.org\/{rel}","templated":true}]}}