{"id":562661,"date":"2022-10-14T00:01:14","date_gmt":"2022-10-14T05:01:14","guid":{"rendered":"https:\/\/www.diarioimagen.net\/?p=562661"},"modified":"2022-10-17T02:30:08","modified_gmt":"2022-10-17T07:30:08","slug":"conatrib-trabaja-para-hacer-nuestra-la-reforma-laboral-y-la-modernizacion-de-las-instituciones-mag-guerra-alvarez","status":"publish","type":"post","link":"https:\/\/www.diarioimagen.net\/?p=562661","title":{"rendered":"Conatrib trabaja para \u201chacer nuestra\u201d la reforma laboral y la modernizaci\u00f3n de las instituciones: mag. Guerra \u00c1lvarez"},"content":{"rendered":"<p>&nbsp;<\/p>\n<ul>\n<li><strong><em>El presidente de la Conatrib as\u00ed lo se\u00f1al\u00f3 en el acto Socializaci\u00f3n del Nuevo Modelo de Justicia Laboral en esta entidad, donde ofreci\u00f3 hacerla \u201cnuestra\u201d, para estar a la altura del momento hist\u00f3rico<\/em><\/strong><\/li>\n<\/ul>\n<p>&nbsp;<\/p>\n<div id=\"attachment_562695\" style=\"width: 470px\" class=\"wp-caption aligncenter\"><img loading=\"lazy\" decoding=\"async\" aria-describedby=\"caption-attachment-562695\" class=\"size-full wp-image-562695\" src=\"https:\/\/www.diarioimagen.net\/wp-content\/uploads\/2022\/10\/tribunal-6.jpg\" alt=\"\" width=\"460\" height=\"270\" \/><p id=\"caption-attachment-562695\" class=\"wp-caption-text\">En ese marco, la gobernadora Mar\u00eda Eugenia Campos Galv\u00e1n afirm\u00f3 que el nuevo modelo representa un cambio de paradigma, ya que se pasa de la cultura del conflicto a la de la mediaci\u00f3n y el di\u00e1logo.<\/p><\/div>\n<p>&nbsp;<\/p>\n<p>Los poderes judiciales locales de todo el pa\u00eds mantendr\u00e1n el trabajo para \u201chacer nuestra\u201d, la reforma laboral y as\u00ed estar a la altura del momento hist\u00f3rico, ofreci\u00f3 el presidente de la Comisi\u00f3n Nacional de Tribunales Superiores de Justicia de los Estados Unidos Mexicanos (Conatrib), en un acto en el que subray\u00f3 que la nueva etapa de juicios en la materia representa la modernizaci\u00f3n de las instituciones.<\/p>\n<p>En el marco del acto <em>Socializaci\u00f3n del Nuevo Modelo de Justicia Laboral<\/em> en esta entidad, la gobernadora Mar\u00eda Eugenia Campos Galv\u00e1n, afirm\u00f3 que el nuevo modelo, que da paso a la conciliaci\u00f3n y a los juicios laborales, representa un cambio de paradigma, ya que permite la transici\u00f3n de una cultura del conflicto y del litigio a la de la mediaci\u00f3n y el di\u00e1logo, lo que democratiza las instituciones.<\/p>\n<p>El magistrado Guerra \u00c1lvarez abund\u00f3 que en esta etapa de juicios en materia laboral habr\u00e1 di\u00e1logo, conciliaci\u00f3n y el protagonismo de las personas en la vida sindical.<\/p>\n<p>Subray\u00f3 que habr\u00e1 cercan\u00eda con la gente, transparencia en los contratos y reglamentos, as\u00ed como rendici\u00f3n de cuentas y representaci\u00f3n con igualdad de g\u00e9nero.<\/p>\n<p>Record\u00f3 que, gracias al trabajo del Tribunal Superior de Justicia del Estado de Chihuahua, encabezado por la magistrada Myriam Victoria Hern\u00e1ndez Acosta, el pasado d\u00eda 3 se inici\u00f3 en la entidad la justicia laboral con cinco jueces y ocho secretarias instructoras con oficinas en tres distritos judiciales de Bravos, Abraham Gonz\u00e1lez y Morelos.<\/p>\n<p>Previ\u00f3 que para 2023 se contar\u00e1 con 23 jueces, acompa\u00f1ados por el personal necesario para impartir una justicia de calidad que d\u00e9 cabal soluci\u00f3n a los conflictos laborales.<\/p>\n<p>Guerra \u00c1lvarez consider\u00f3 que la implementaci\u00f3n de los juicios laborales en la entidad promueve m\u00faltiples beneficios para el sector obrero-patronal, as\u00ed como para la sociedad fronteriza en su conjunto.<\/p>\n<p>\u201cAspiro a que este sea un punto de partida para consolidar, verdaderamente, las aspiraciones que las alianzas comerciales con Estados Unidos y Canad\u00e1 han plasmado en nuestros tratados comerciales\u201d, plante\u00f3 en esta ciudad fronteriza.<\/p>\n<p>Con la representaci\u00f3n de la secretaria del Trabajo y Previsi\u00f3n Social del Gobierno de M\u00e9xico, Luisa Mar\u00eda Alcalde Luj\u00e1n, el titular de la Unidad de Enlace para la Reforma al Sistema Laboral, Esteban Mart\u00ednez Mej\u00eda, calific\u00f3 como una \u201chaza\u00f1a\u201d concretar en el pa\u00eds, en equipo, la implementaci\u00f3n del nuevo modelo, sin distingos pol\u00edticos o partidistas, a partir del respeto y la institucionalidad.<\/p>\n<p>En su oportunidad, la magistrada Hern\u00e1ndez Acosta, titular de la judicatura local, record\u00f3 que la implementaci\u00f3n implic\u00f3 retos en las materias de capacitaci\u00f3n de personal, infraestructura, tecnolog\u00eda, log\u00edstica, administraci\u00f3n y coordinaci\u00f3n, sin perder de vista que se tuvieron que sortear en el contexto de la pandemia, lo cual no impidi\u00f3 que los trabajos perdieran su curso.<\/p>\n<p>En el acto participaron el titular de la Secretar\u00eda del Trabajo y Previsi\u00f3n Social de la entidad, Di\u00f3doro Siller Arg\u00fcello, y el presidente municipal de Ciudad Ju\u00e1rez, Cruz P\u00e9rez Cu\u00e9llar, entre otros.<\/p>\n","protected":false},"excerpt":{"rendered":"<p>Los poderes judiciales locales de todo el pa\u00eds mantendr\u00e1n el trabajo para \u201chacer nuestra\u201d, la reforma laboral y as\u00ed estar a la altura del momento hist\u00f3rico, ofreci\u00f3 el presidente de la Comisi\u00f3n Nacional de Tribunales Superiores de Justicia de los Estados Unidos Mexicanos (Conatrib), en un acto en el que subray\u00f3 que la nueva etapa de juicios en la materia representa la modernizaci\u00f3n de las instituciones.<\/p>\n","protected":false},"author":3,"featured_media":562695,"comment_status":"open","ping_status":"open","sticky":false,"template":"","format":"standard","meta":{"_monsterinsights_skip_tracking":false,"_monsterinsights_sitenote_active":false,"_monsterinsights_sitenote_note":"","_monsterinsights_sitenote_category":0,"footnotes":""},"categories":[6],"tags":[204,4103,17354],"class_list":["post-562661","post","type-post","status-publish","format-standard","has-post-thumbnail","hentry","category-cd-de-mexico","tag-ciudad-de-mexico","tag-conatrib","tag-reforma-laboral"],"_links":{"self":[{"href":"https:\/\/www.diarioimagen.net\/index.php?rest_route=\/wp\/v2\/posts\/562661","targetHints":{"allow":["GET"]}}],"collection":[{"href":"https:\/\/www.diarioimagen.net\/index.php?rest_route=\/wp\/v2\/posts"}],"about":[{"href":"https:\/\/www.diarioimagen.net\/index.php?rest_route=\/wp\/v2\/types\/post"}],"author":[{"embeddable":true,"href":"https:\/\/www.diarioimagen.net\/index.php?rest_route=\/wp\/v2\/users\/3"}],"replies":[{"embeddable":true,"href":"https:\/\/www.diarioimagen.net\/index.php?rest_route=%2Fwp%2Fv2%2Fcomments&post=562661"}],"version-history":[{"count":0,"href":"https:\/\/www.diarioimagen.net\/index.php?rest_route=\/wp\/v2\/posts\/562661\/revisions"}],"wp:featuredmedia":[{"embeddable":true,"href":"https:\/\/www.diarioimagen.net\/index.php?rest_route=\/wp\/v2\/media\/562695"}],"wp:attachment":[{"href":"https:\/\/www.diarioimagen.net\/index.php?rest_route=%2Fwp%2Fv2%2Fmedia&parent=562661"}],"wp:term":[{"taxonomy":"category","embeddable":true,"href":"https:\/\/www.diarioimagen.net\/index.php?rest_route=%2Fwp%2Fv2%2Fcategories&post=562661"},{"taxonomy":"post_tag","embeddable":true,"href":"https:\/\/www.diarioimagen.net\/index.php?rest_route=%2Fwp%2Fv2%2Ftags&post=562661"}],"curies":[{"name":"wp","href":"https:\/\/api.w.org\/{rel}","templated":true}]}}