{"id":562690,"date":"2022-10-14T00:15:02","date_gmt":"2022-10-14T05:15:02","guid":{"rendered":"https:\/\/www.diarioimagen.net\/?p=562690"},"modified":"2022-10-14T02:33:58","modified_gmt":"2022-10-14T07:33:58","slug":"el-ano-entrante-no-pinta-mejor","status":"publish","type":"post","link":"https:\/\/www.diarioimagen.net\/?p=562690","title":{"rendered":"El a\u00f1o entrante no pinta mejor"},"content":{"rendered":"<h2>Por la Derecha..!<\/h2>\n<h5>Luis \u00c1ngel Garc\u00eda<\/h5>\n<p>&nbsp;<\/p>\n<p>El Fondo Monetario Internacional recort\u00f3 el pron\u00f3stico de crecimiento global para 2023; entre otras causas, por la guerra en Ucrania y los altos precios de la energ\u00eda, los alimentos y la elevada tasa de inter\u00e9s. El organismo internacional anunci\u00f3 para el a\u00f1o entrante una contracci\u00f3n importante del Producto Interno Bruto a nivel global con efectos equiparables a la recesi\u00f3n. En el caso de M\u00e9xico, baj\u00f3 el pron\u00f3stico de crecimiento para este a\u00f1o a 2.1, pero para el 2023 vaticin\u00f3 un pobre 1.2 por ciento.<\/p>\n<p>Eso quiere decir que m\u00e1s all\u00e1 de los efectos post pand\u00e9micos, el gobierno no ha promovido las condiciones necesarias para reactivar la econom\u00eda, no fomenta la inversi\u00f3n privada, no coadyuva en la generaci\u00f3n de empleos, destina los recursos p\u00fablicos a sus programas clientelares para poblaci\u00f3n poco productiva como son los viejitos y los \u201cninis\u201d. Pero como al proyecto pol\u00edtico de la 4T no le importa atender m\u00e1s que a su base electoral, descuida cualquier pol\u00edtica de desarrollo real. Poco caso hace a lo que pronostiquen los organismos financieros internacionales, a los que descalifica por ser capitalistas, neoliberales y protectores de los empresarios. Para medir los est\u00e1ndares de satisfacci\u00f3n de las necesidades de la poblaci\u00f3n,\u00a0 desechan las variables del FMI, el Banco Mundial o la OCDE, para utilizar como par\u00e1metro los indicadores de bienestar.<\/p>\n<p>Pero esa miop\u00eda macroecon\u00f3mica hace perder el rumbo al gobierno federal, el que busca allegarse de recursos para sus programas sociales y no hace nada para reactivar la econom\u00eda. Es tal la obsesi\u00f3n populista de la 4T que frente a las evidencias del retroceso que vivimos, con una hiperinflaci\u00f3n no vista en cinco lustros y al l\u00edmite de la recesi\u00f3n, se empecina en acabar con las pr\u00e1cticas productivas, hace recortes presupuestales, acaba con fondos y fideicomisos y desalienta la obra p\u00fablica para financiar sus inoperantes construcciones insignia.<\/p>\n<p>La ceguera de taller los lleva a creer que la recuperaci\u00f3n del comercio informal -el que m\u00e1s empleo ha generado-, y las remesas son logros del gobierno, aunque deber\u00eda darles verg\u00fcenza que la informalidad sea el motor de la econom\u00eda. M\u00e1s grave a\u00fan es que festinan, mes a mes, la cantidad de dinero que env\u00edan los paisanos a sus familias desde el exterior. El Presidente da las gracias a los mexicanos que mandan las remesas, cuando debiera estar consciente de que los connacionales se van al otro lado porque aqu\u00ed no encontraron oportunidades de empleo o educaci\u00f3n. Es un fracaso gubernamental la falta de fuentes de trabajo o no garantizar el acceso a la educaci\u00f3n superior para miles de j\u00f3venes que migran a las universidades de otros pa\u00edses.<\/p>\n<p>Ese es el drama mexicano, la falta de una pol\u00edtica econ\u00f3mica que reactive las finanzas nacionales, sin tener que depender de las remesas, donde se acote al comercio informal, porque no crea empleos permanentes con seguridad social. Dicen los de la 4T que la inflaci\u00f3n ya toc\u00f3 el techo y que va en descenso; una golondrina no hace verano, hay que ver el comportamiento en los pr\u00f3ximos meses para conocer su tendencia. Mientras tanto, la canasta b\u00e1sica por los cielos y ning\u00fan pacto puede frenarla, ni el alza a las tasas de inter\u00e9s, que s\u00f3lo encarece el cr\u00e9dito para empresarios y trabajadores que recurren al tarjetazo para sacar adelante a la familia.<\/p>\n<p>C\u00f3mo no rogarle a Dios que sigan los env\u00edos de remesas, si la fallida estrategia econ\u00f3mica cre\u00f3 4 millones de nuevos pobres, y alguien tiene que mantenerlos. Mill\u00f3n y medio de estudiantes abandonaron los estudios para trabajar y ayudar a sus familias, sin intenci\u00f3n de regresar a las escuelas. Ante la falta de empleo, son carne de ca\u00f1\u00f3n del crimen organizado. Los pron\u00f3sticos del FMI no son nada esperanzadores y la ausencia de una pol\u00edtica p\u00fablica de desarrollo econ\u00f3mico y social har\u00e1 que el \u00faltimo tramo sexenal sea una tragedia.<\/p>\n","protected":false},"excerpt":{"rendered":"<p><span style=\"color: #005497;\"><strong>Luis \u00c1ngel Garc\u00eda<\/strong><\/span><\/p>\n","protected":false},"author":3,"featured_media":0,"comment_status":"open","ping_status":"open","sticky":false,"template":"","format":"standard","meta":{"_monsterinsights_skip_tracking":false,"_monsterinsights_sitenote_active":false,"_monsterinsights_sitenote_note":"","_monsterinsights_sitenote_category":0,"footnotes":""},"categories":[92115],"tags":[92117,43674,92116],"class_list":["post-562690","post","type-post","status-publish","format-standard","hentry","category-luis-angel-garcia","tag-luis-angel-garcia","tag-opinion","tag-por-la-derecha"],"_links":{"self":[{"href":"https:\/\/www.diarioimagen.net\/index.php?rest_route=\/wp\/v2\/posts\/562690","targetHints":{"allow":["GET"]}}],"collection":[{"href":"https:\/\/www.diarioimagen.net\/index.php?rest_route=\/wp\/v2\/posts"}],"about":[{"href":"https:\/\/www.diarioimagen.net\/index.php?rest_route=\/wp\/v2\/types\/post"}],"author":[{"embeddable":true,"href":"https:\/\/www.diarioimagen.net\/index.php?rest_route=\/wp\/v2\/users\/3"}],"replies":[{"embeddable":true,"href":"https:\/\/www.diarioimagen.net\/index.php?rest_route=%2Fwp%2Fv2%2Fcomments&post=562690"}],"version-history":[{"count":0,"href":"https:\/\/www.diarioimagen.net\/index.php?rest_route=\/wp\/v2\/posts\/562690\/revisions"}],"wp:attachment":[{"href":"https:\/\/www.diarioimagen.net\/index.php?rest_route=%2Fwp%2Fv2%2Fmedia&parent=562690"}],"wp:term":[{"taxonomy":"category","embeddable":true,"href":"https:\/\/www.diarioimagen.net\/index.php?rest_route=%2Fwp%2Fv2%2Fcategories&post=562690"},{"taxonomy":"post_tag","embeddable":true,"href":"https:\/\/www.diarioimagen.net\/index.php?rest_route=%2Fwp%2Fv2%2Ftags&post=562690"}],"curies":[{"name":"wp","href":"https:\/\/api.w.org\/{rel}","templated":true}]}}