{"id":562828,"date":"2022-10-17T00:33:55","date_gmt":"2022-10-17T05:33:55","guid":{"rendered":"https:\/\/www.diarioimagen.net\/?p=562828"},"modified":"2022-10-17T02:50:44","modified_gmt":"2022-10-17T07:50:44","slug":"recomienda-cdmx-cubrebocas-en-escuelas-transporte-y-hospitales","status":"publish","type":"post","link":"https:\/\/www.diarioimagen.net\/?p=562828","title":{"rendered":"Recomienda CDMX cubrebocas en escuelas, transporte y hospitales"},"content":{"rendered":"<p>&nbsp;<\/p>\n<ul>\n<li><em><strong>Pese a que dej\u00f3 de ser obligatorio por disposici\u00f3n oficial<\/strong><\/em><\/li>\n<\/ul>\n<p>&nbsp;<\/p>\n<div id=\"attachment_562936\" style=\"width: 470px\" class=\"wp-caption aligncenter\"><img loading=\"lazy\" decoding=\"async\" aria-describedby=\"caption-attachment-562936\" class=\"size-full wp-image-562936\" src=\"https:\/\/www.diarioimagen.net\/wp-content\/uploads\/2022\/10\/CUBREBOCAS.jpg\" alt=\"\" width=\"460\" height=\"270\" \/><p id=\"caption-attachment-562936\" class=\"wp-caption-text\">El uso del cubrebocas en el transporte p\u00fablico es altamente recomendable debido a la cantidad de usuarios que lo usan diariamente en la capital.<\/p><\/div>\n<p>&nbsp;<\/p>\n<p>Pese a que ya no es obligatorio el cubrebocas en la Ciudad de M\u00e9xico a partir del fin de semana pasado, el gobierno capitalino recomend\u00f3 mantener su uso en lugares de alta afluencia de personas como escuelas, transporte p\u00fablico y hospitales para evitar contagios de Covid 19.<\/p>\n<p>As\u00ed lo public\u00f3 en la Gaceta Oficial 958 BIS este jueves 13 de octubre, como parte de las nuevas acciones de protecci\u00f3n a la salud que deber\u00e1n observarse derivado de la emergencia sanitaria por Covid-19.<\/p>\n<p>El uso del cubrebocas en el transporte p\u00fablico es altamente recomendable debido a la cantidad de usuarios que tienen los diferentes medios de transporte en la capital. Tambi\u00e9n recomend\u00f3 seguir usando esa protecci\u00f3n en los siguientes lugares y situaciones:<\/p>\n<p>Espacios cerrados cuando no exista sana distancia o adecuada ventilaci\u00f3n Actividades o espect\u00e1culos p\u00fablicos en espacios cerradosPersonas mayores, personas con enfermedades respiratorias, personas con patolog\u00eda cr\u00f3nica o inmunodepresi\u00f3n<\/p>\n<p>Personas sospechosas o confirmadas de Covid-19 Personas que decidieron no vacunarse de la misma manera, el gobierno capitalino sugiri\u00f3 el uso voluntario de cubrebocas en espacios abiertos; o bien, en espacios cerrados cuando exista sana distancia y adecuada ventilaci\u00f3n. Entre ellos, los establecimientos mercantiles y oficinas, tanto gubernamentales como privadas, espacios culturales, as\u00ed como cualquier otra instalaci\u00f3n.<\/p>\n<p>La publicaci\u00f3n del gobierno de Claudia Sheinbaum de las nuevas medidas se da tres d\u00edas despu\u00e9s de que el pasado lunes, el gobierno federal actualiz\u00f3 los lineamientos para la continuidad saludable de las actividades econ\u00f3micas ante el Covid-19, que elimina el uso de cubrebocas y filtros sanitarios en espacios cerrados, como las oficinas, siempre y cuando haya una distancia de 1.5 metros y buena ventilaci\u00f3n.<\/p>\n","protected":false},"excerpt":{"rendered":"<p>Pese a que ya no es obligatorio el cubrebocas en la Ciudad de M\u00e9xico a partir del fin de semana pasado, el gobierno capitalino recomend\u00f3 mantener su uso en lugares de alta afluencia de personas como escuelas, transporte p\u00fablico y hospitales para evitar contagios de Covid 19.<\/p>\n","protected":false},"author":3,"featured_media":562936,"comment_status":"open","ping_status":"open","sticky":false,"template":"","format":"standard","meta":{"_monsterinsights_skip_tracking":false,"_monsterinsights_sitenote_active":false,"_monsterinsights_sitenote_note":"","_monsterinsights_sitenote_category":0,"footnotes":""},"categories":[6],"tags":[34444,90021,90364,207],"class_list":["post-562828","post","type-post","status-publish","format-standard","has-post-thumbnail","hentry","category-cd-de-mexico","tag-cdmx","tag-covid-19","tag-cubrebocas","tag-escuelas"],"_links":{"self":[{"href":"https:\/\/www.diarioimagen.net\/index.php?rest_route=\/wp\/v2\/posts\/562828","targetHints":{"allow":["GET"]}}],"collection":[{"href":"https:\/\/www.diarioimagen.net\/index.php?rest_route=\/wp\/v2\/posts"}],"about":[{"href":"https:\/\/www.diarioimagen.net\/index.php?rest_route=\/wp\/v2\/types\/post"}],"author":[{"embeddable":true,"href":"https:\/\/www.diarioimagen.net\/index.php?rest_route=\/wp\/v2\/users\/3"}],"replies":[{"embeddable":true,"href":"https:\/\/www.diarioimagen.net\/index.php?rest_route=%2Fwp%2Fv2%2Fcomments&post=562828"}],"version-history":[{"count":0,"href":"https:\/\/www.diarioimagen.net\/index.php?rest_route=\/wp\/v2\/posts\/562828\/revisions"}],"wp:featuredmedia":[{"embeddable":true,"href":"https:\/\/www.diarioimagen.net\/index.php?rest_route=\/wp\/v2\/media\/562936"}],"wp:attachment":[{"href":"https:\/\/www.diarioimagen.net\/index.php?rest_route=%2Fwp%2Fv2%2Fmedia&parent=562828"}],"wp:term":[{"taxonomy":"category","embeddable":true,"href":"https:\/\/www.diarioimagen.net\/index.php?rest_route=%2Fwp%2Fv2%2Fcategories&post=562828"},{"taxonomy":"post_tag","embeddable":true,"href":"https:\/\/www.diarioimagen.net\/index.php?rest_route=%2Fwp%2Fv2%2Ftags&post=562828"}],"curies":[{"name":"wp","href":"https:\/\/api.w.org\/{rel}","templated":true}]}}