{"id":562862,"date":"2022-10-17T00:01:12","date_gmt":"2022-10-17T05:01:12","guid":{"rendered":"https:\/\/www.diarioimagen.net\/?p=562862"},"modified":"2022-10-17T00:34:50","modified_gmt":"2022-10-17T05:34:50","slug":"preocupa-a-eu-militarizacion-de-mexico","status":"publish","type":"post","link":"https:\/\/www.diarioimagen.net\/?p=562862","title":{"rendered":"Preocupa a EU militarizaci\u00f3n de M\u00e9xico"},"content":{"rendered":"<h2>De pe a pa<\/h2>\n<h5>Alberto Vieyra G.<\/h5>\n<p>&nbsp;<\/p>\n<p>Se encienden alarmas en Estados Unidos sobre la militarizaci\u00f3n en M\u00e9xico y la creciente violaci\u00f3n de derechos humanos a cargo de los militares.<\/p>\n<p>En la cumbre de alto nivel entre M\u00e9xico y Estados Unidos, y mientras la C\u00e1mara de Diputados en M\u00e9xico consumaba la aprobaci\u00f3n del controvertido transitorio constitucional que permitir\u00e1 que el Ej\u00e9rcito y la Guardia Nacional permanezcan en las calles hasta el 2028, organizaciones civiles en M\u00e9xico y EU lanzaron una en\u00e9rgica condena contra la militarizaci\u00f3n en la naci\u00f3n azteca.<\/p>\n<p>En el pa\u00eds, mientras tanto, marchaban decenas de colectivos condenando la militarizaci\u00f3n del pa\u00eds y bajo el grito de \u201c\u00a1No m\u00e1s presupuesto para la Sedena, sino para las universidades y la educaci\u00f3n en general!\u201d.<\/p>\n<p>\u201cNos preocupa profundamente que el gobierno mexicano haya redoblado su apuesta por el despliegue militar en tareas policiales como eje principal de su modelo de seguridad p\u00fablica\u201d, advirtieron las organizaciones Amnist\u00eda Internacional, Human Rights Watch, el Centro de Derechos Humanos Miguel Agust\u00edn Pro Ju\u00e1rez y otras organizaciones.<\/p>\n<p>Luego de que en septiembre pasado, el Congreso aprob\u00f3 en M\u00e9xico la propuesta presidencial de incorporar a la Guardia Nacional a la Secretar\u00eda de la Defensa Nacional (Sedena), las organizaciones subrayaron que \u201ceste cambio deja al pa\u00eds sin polic\u00eda federal civil y otorga las tareas policiales federales exclusivamente a instituciones militares\u201d.<\/p>\n<p>\u201cDicha reforma contradice los est\u00e1ndares internacionales de derechos humanos y desconoce m\u00e1s de 15 a\u00f1os de evidencia que muestra el fracaso de la militarizaci\u00f3n como estrategia para controlar la violencia. Las fuerzas armadas mexicanas han cometido numerosas violaciones de derechos humanos en a\u00f1os recientes, generalmente sin rendir cuentas\u201d, se lee en una carta cuyos destinatarios son el canciller mexicano, Marcelo Ebrard y el jefe de Estado norteamericano, Antony Blinken.<\/p>\n<p>En agosto pasado, congresistas norteamericanos condenaron la deplorable militarizaci\u00f3n al otro lado del R\u00edo Bravo. Todo mundo, dentro y fuera de M\u00e9xico no se explican, si la naci\u00f3n azteca va camino a la dictadura o si realmente la militarizaci\u00f3n garantiza la paz social en el pa\u00eds.<\/p>\n<p>Lo que hoy vemos y de acuerdo con expertos, al Ej\u00e9rcito se le est\u00e1 prostituyendo pol\u00edtica y econ\u00f3micamente, asign\u00e1ndole cada vez m\u00e1s tareas en materia de seguridad p\u00fablica; pues hoy los chicharrones de la tropa truenan ya en aeropuertos, puertos, Tren Maya, Banco del Bienestar, supuestamente tambi\u00e9n en la distribuci\u00f3n de medicamentos en el pa\u00eds, parques, jardines y pronto tendr\u00e1n tambi\u00e9n su l\u00ednea a\u00e9rea, am\u00e9n de las contadas acciones en la persecuci\u00f3n de criminales donde muchas veces han sido humillados vergonzosamente, pero la realidad es que M\u00e9xico se ha convertido en una naci\u00f3n morbosa por la imparable criminalidad.<\/p>\n<p>Y como seg\u00fan AMLO nuestros soldados son leales y patriotas, pues ahora el gobierno les quiere dar un regalazo de navidad de m\u00e1s de 21 mil 334 millones de pesos, producto de cuentas bancarias \u201cabandonadas\u201d, ya sea por delincuentes o compatriotas que murieron y no dejaron herederos.<\/p>\n<p>La l\u00f3gica es que si el PRIMOR, el PRI y Morena se acaban de juntar en un t\u00f3rrido idilio para militarizar a M\u00e9xico, es que esos dineros vayan a estados y municipios para profesionalizar a la voz de ya a las polic\u00edas para que el Ej\u00e9rcito regrese a sus cuarteles y se concrete a lo concretado, es decir a ser garante de la soberan\u00eda nacional y no andarse prestando a la corrupci\u00f3n y la humillaci\u00f3n por parte de mafias criminales.<\/p>\n<p>En el Ej\u00e9rcito hay descontento. Si AMLO dividi\u00f3 a los mexicanos con odio, tambi\u00e9n con actos de corrupci\u00f3n est\u00e1 dividiendo a las fuerzas armadas y para muchos compatriotas resulta muy sospechoso que AMLO no haya exigido una investigaci\u00f3n judicial por el <em>guacamayazo<\/em> y es que seg\u00fan, los que todo lo saben y lo que no lo inventan, los <em>guacamayos<\/em> se visten de verde olivo.<\/p>\n<p><em><a href=\"mailto:info@agenciamn.com\" target=\"_blank\" rel=\"noopener noreferrer\">info@agenciamn.com<\/a><\/em><\/p>\n","protected":false},"excerpt":{"rendered":"<p><span style=\"color: #005497;\"><strong>Alberto Vieyra G.<\/strong><\/span><\/p>\n","protected":false},"author":3,"featured_media":0,"comment_status":"open","ping_status":"open","sticky":false,"template":"","format":"standard","meta":{"_monsterinsights_skip_tracking":false,"_monsterinsights_sitenote_active":false,"_monsterinsights_sitenote_note":"","_monsterinsights_sitenote_category":0,"footnotes":""},"categories":[4596],"tags":[43697,4597,43674],"class_list":["post-562862","post","type-post","status-publish","format-standard","hentry","category-alberto-vieyra-g","tag-alberto-vieyra-g","tag-de-pe-a-pa","tag-opinion"],"_links":{"self":[{"href":"https:\/\/www.diarioimagen.net\/index.php?rest_route=\/wp\/v2\/posts\/562862","targetHints":{"allow":["GET"]}}],"collection":[{"href":"https:\/\/www.diarioimagen.net\/index.php?rest_route=\/wp\/v2\/posts"}],"about":[{"href":"https:\/\/www.diarioimagen.net\/index.php?rest_route=\/wp\/v2\/types\/post"}],"author":[{"embeddable":true,"href":"https:\/\/www.diarioimagen.net\/index.php?rest_route=\/wp\/v2\/users\/3"}],"replies":[{"embeddable":true,"href":"https:\/\/www.diarioimagen.net\/index.php?rest_route=%2Fwp%2Fv2%2Fcomments&post=562862"}],"version-history":[{"count":0,"href":"https:\/\/www.diarioimagen.net\/index.php?rest_route=\/wp\/v2\/posts\/562862\/revisions"}],"wp:attachment":[{"href":"https:\/\/www.diarioimagen.net\/index.php?rest_route=%2Fwp%2Fv2%2Fmedia&parent=562862"}],"wp:term":[{"taxonomy":"category","embeddable":true,"href":"https:\/\/www.diarioimagen.net\/index.php?rest_route=%2Fwp%2Fv2%2Fcategories&post=562862"},{"taxonomy":"post_tag","embeddable":true,"href":"https:\/\/www.diarioimagen.net\/index.php?rest_route=%2Fwp%2Fv2%2Ftags&post=562862"}],"curies":[{"name":"wp","href":"https:\/\/api.w.org\/{rel}","templated":true}]}}